    
{"id":42462,"date":"2020-10-07T15:18:02","date_gmt":"2020-10-07T13:18:02","guid":{"rendered":"https:\/\/www.praha7.cz\/?p=42462"},"modified":"2020-10-07T18:13:03","modified_gmt":"2020-10-07T16:13:03","slug":"15-10-bude-na-hodinu-prerusen-provoz-oddeleni-dokladu-a-evidence-obyvatel","status":"publish","type":"post","link":"https:\/\/www.praha7.cz\/15-10-bude-na-hodinu-prerusen-provoz-oddeleni-dokladu-a-evidence-obyvatel\/","title":{"rendered":"15.&nbsp;10.&nbsp;bude na hodinu p\u0159eru\u0161en provoz odd\u011blen\u00ed doklad\u016f a&nbsp;evidence obyvatel"},"content":{"rendered":"<p>[perex]<\/p>\r\n<p>Upozor\u0148ujeme ob\u010dany, \u017ee ve \u010dtvrtek 15.&nbsp;10.&nbsp;2020 bude od 10:00 do 11:00 hod. z\u00a0technick\u00fdch d\u016fvod\u016f p\u0159eru\u0161en provoz <a href=\"https:\/\/www.praha7.cz\/radnice\/organizacni-struktura\/odbor-spravnich-agend\/oddeleni-dokladu-a-evidence-obyvatel\/\" target=\"_blank\" rel=\"noopener\">odd\u011blen\u00ed doklad\u016f a&nbsp;evidence obyvatel<\/a>. V\u00a0tomto \u010dase bude pozastaven v\u00fddej ob\u010dansk\u00fdch pr\u016fkaz\u016f a&nbsp;pas\u016f i&nbsp;p\u0159\u00edjem \u017e\u00e1dost\u00ed o&nbsp;vystaven\u00ed nov\u00fdch doklad\u016f.<\/p>\r\n<p>D\u011bkujeme za pochopen\u00ed.<\/p>\r\n<p>[\/perex]<\/p>","protected":false},"excerpt":{"rendered":"[perex] Upozor\u0148ujeme ob\u010dany, \u017ee ve \u010dtvrtek 15.&nbsp;10.&nbsp;2020 bude od 10:00 do 11:00 hod. z\u00a0technick\u00fdch d\u016fvod\u016f p\u0159eru\u0161en provoz odd\u011blen\u00ed doklad\u016f a&nbsp;evidence obyvatel. V\u00a0tomto \u010dase bude pozastaven v\u00fddej ob\u010dansk\u00fdch pr\u016fkaz\u016f a&nbsp;pas\u016f i&nbsp;p\u0159\u00edjem \u017e\u00e1dost\u00ed o&nbsp;vystaven\u00ed nov\u00fdch doklad\u016f. D\u011bkujeme za pochopen\u00ed. [\/perex]","protected":false},"author":5,"featured_media":36989,"comment_status":"closed","ping_status":"open","sticky":false,"template":"","format":"standard","meta":[],"categories":[34],"tags":[],"_links":{"self":[{"href":"https:\/\/www.praha7.cz\/api\/wp\/v2\/posts\/42462"}],"collection":[{"href":"https:\/\/www.praha7.cz\/api\/wp\/v2\/posts"}],"about":[{"href":"https:\/\/www.praha7.cz\/api\/wp\/v2\/types\/post"}],"author":[{"embeddable":true,"href":"https:\/\/www.praha7.cz\/api\/wp\/v2\/users\/5"}],"replies":[{"embeddable":true,"href":"https:\/\/www.praha7.cz\/api\/wp\/v2\/comments?post=42462"}],"version-history":[{"count":2,"href":"https:\/\/www.praha7.cz\/api\/wp\/v2\/posts\/42462\/revisions"}],"predecessor-version":[{"id":42469,"href":"https:\/\/www.praha7.cz\/api\/wp\/v2\/posts\/42462\/revisions\/42469"}],"wp:featuredmedia":[{"embeddable":true,"href":"https:\/\/www.praha7.cz\/api\/wp\/v2\/media\/36989"}],"wp:attachment":[{"href":"https:\/\/www.praha7.cz\/api\/wp\/v2\/media?parent=42462"}],"wp:term":[{"taxonomy":"category","embeddable":true,"href":"https:\/\/www.praha7.cz\/api\/wp\/v2\/categories?post=42462"},{"taxonomy":"post_tag","embeddable":true,"href":"https:\/\/www.praha7.cz\/api\/wp\/v2\/tags?post=42462"}],"curies":[{"name":"wp","href":"https:\/\/api.w.org\/{rel}","templated":true}]}}