    
{"id":4245,"date":"2016-03-24T14:10:10","date_gmt":"2016-03-24T13:10:10","guid":{"rendered":"https:\/\/praha7.cz\/?p=4245"},"modified":"2017-08-25T09:41:43","modified_gmt":"2017-08-25T07:41:43","slug":"bohacuv-sen-ii","status":"publish","type":"post","link":"https:\/\/www.praha7.cz\/bohacuv-sen-ii\/","title":{"rendered":"Boh\u00e1\u010d\u016fv sen II."},"content":{"rendered":"<p>[perex]<\/p><p><span style=color: \"#ff0000\";>V\u00a0minul\u00e9m d\u00edle jsme se sezn\u00e1mili s\u00a0po\u0159\u00e1d\u00e1n\u00edm veletrh\u016f v\u00a0Praze po prvn\u00ed sv\u011btov\u00e9 v\u00e1lce a&nbsp;osobnost\u00ed PhMr. V\u00e1clava Boh\u00e1\u010de, \u0161\u00e9fa Pra\u017esk\u00fdch vzorkov\u00fdch veletrh\u016f \u2013 firmy, kter\u00e1 ka\u017ed\u00fd p\u016flrok po\u0159\u00e1dala v&nbsp;Praze veletrhy. Jak\u00e9 byly dal\u0161\u00ed osudy veletr\u017en\u00ed spole\u010dnosti i&nbsp;V\u00e1clava Boh\u00e1\u010de?<\/span><\/p>\r\n\r\n<p>[\/perex]<\/p><p>V\u00fdstavba I. veletr\u017en\u00edho pal\u00e1ce \u2013 prvn\u00ed \u010d\u00e1sti mohutn\u00e9ho komplexu pra\u017esk\u00e9 \u201eobchodn\u00ed City\u201c, jak si ji vysnil PhMr. Boh\u00e1\u010d se sv\u00fdmi spolupracovn\u00edky, pokra\u010duje. I\u00a0kdy\u017e navenek se v\u0161e zd\u00e1 b\u00fdt v\u00a0nejlep\u0161\u00edm po\u0159\u00e1dku, stavbu od po\u010d\u00e1tku prov\u00e1zej\u00ed obt\u00ed\u017ee pramen\u00edc\u00ed z\u00a0nedostatku financ\u00ed. P\u0159esto\u017ee se poda\u0159ilo z\u00edskat pen\u00edze z\u00a0\u00fav\u011br\u016f, nejd\u016fle\u017eit\u011bj\u0161\u00edm impulzem bylo schv\u00e1len\u00ed z\u00e1kona \u010d. 109 Sb. z\u00a0\u010dervence 1927, kter\u00fdm st\u00e1t p\u0159ebral z\u00e1ruky za dal\u0161\u00ed p\u016fj\u010dky ve v\u00fd\u0161i 45 milion\u016f K\u010d ur\u010den\u00e9 na dokon\u010den\u00ed pal\u00e1ce. Nedlouho pot\u00e9 bylo rozhodnuto, \u017ee Stavebn\u00ed dru\u017estvo pro v\u00fdstavbu obchodn\u00edch dom\u016f, kter\u00e9 m\u011blo stavbu nov\u00fdch v\u00fdstavn\u00edch objekt\u016f na starosti, bude slou\u010deno s\u00a0ji\u017e existuj\u00edc\u00edm podnikem Pra\u017esk\u00e9 vzorkov\u00e9 veletrhy v\u00a0jednu akciovou spole\u010dnost. I\u00a0kdy\u017e \u010d\u00e1st akci\u00ed nov\u011b vznikl\u00e9 spole\u010dnosti m\u011bla p\u0159ipadnout m\u011bstu Praze, samospr\u00e1va byla pouze men\u0161inov\u00fdm pod\u00edln\u00edkem. Rozhoduj\u00edc\u00ed \u010d\u00e1st akci\u00ed a\u00a0t\u00edm i\u00a0nejv\u011bt\u0161\u00ed vliv v\u00a0nov\u00e9 spole\u010dnosti z\u00edskal ne zcela transparentn\u00edm zp\u016fsobem PhMr. V\u00e1clav Boh\u00e1\u010d a\u00a0jeho p\u0159\u00edbuzn\u00ed. Celkov\u011b vlastnil v\u00edce ne\u017e 50&nbsp;% akci\u00ed, a\u00a0proto nen\u00ed p\u0159ekvapen\u00edm, \u017ee se na prvn\u00ed valn\u00e9 hromad\u011b spole\u010dnosti 4.&nbsp;dubna 1929 stal i\u00a0p\u0159edsedou spr\u00e1vn\u00ed rady. Jeho z\u00e1stupcem byl zvolen podnikatel Rudolf Barta, hlavn\u00ed m\u011bsto pak v\u00a0org\u00e1nu reprezentoval \u010dlen pra\u017esk\u00e9 m\u011bstsk\u00e9 rady Otakar Hadrbolec.<\/p>\r\n<p>&nbsp;<\/p>\r\n<h3>Turistick\u00e1 atrakce<\/h3>\r\n<p>Budova I. veletr\u017en\u00edho pal\u00e1ce, by\u0165 je\u0161t\u011b ne zcela hotov\u00e1, hostila ji\u017e 17.&nbsp;podzimn\u00ed vzorkov\u00fd veletrh na p\u0159elomu z\u00e1\u0159\u00ed a\u00a0\u0159\u00edjna 1928. Velk\u00fdm tah\u00e1kem slavnostn\u00edho otev\u0159en\u00ed byla prezentace Slovansk\u00e9 epopeje, p\u0159i\u010dem\u017e vernis\u00e1\u017ee se osobn\u011b z\u00fa\u010dastnil i\u00a0autor d\u00edla Alfons Mucha. Podobn\u011b jako dnes toti\u017e nemohla b\u00fdt rozm\u011brn\u00e1 pl\u00e1tna vystavena v\u00a0b\u011b\u017en\u00e9 galerii. Pal\u00e1c byl definitivn\u011b dokon\u010den a\u017e pro jarn\u00ed veletrh v\u00a0roce 1929. Bylo v\u0161ak evidentn\u00ed, \u017ee obrovsk\u00e1 budova pot\u0159ebuje naj\u00edt smyslupln\u00e9 vyu\u017eit\u00ed, kter\u00e9 bude generovat p\u0159\u00edjmy i\u00a0v\u00a0dob\u011b mimo kon\u00e1n\u00ed veletrh\u016f. \u010c\u00e1sti pal\u00e1ce tak byly pronaj\u00edm\u00e1ny k\u00a0nejr\u016fzn\u011bj\u0161\u00edm akc\u00edm \u2013 v\u00fdstav\u00e1m, koncert\u016fm nebo trvale r\u016fzn\u00fdm obchodn\u00edm spole\u010dnostem. Majitel pal\u00e1ce jeho propagaci opravdu nezanedb\u00e1val, nechal o\u00a0n\u011bm nato\u010dit reklamn\u00ed film a\u00a0zajistil, aby kolem n\u011bj jezdily autobusy se zahrani\u010dn\u00edmi turisty.<\/p>\r\n<p>V\u00a0dubnu 1930 se konala dal\u0161\u00ed valn\u00e1 hromada spole\u010dnosti Pra\u017esk\u00e9 vzorkov\u00e9 veletrhy (PVV) a\u00a0ve v\u00fdro\u010dn\u00ed zpr\u00e1v\u011b sestaven\u00e9 spr\u00e1vn\u00ed radou bylo konstatov\u00e1no, \u017ee \u010dist\u00fd zisk spole\u010dnosti za rok 1929 p\u0159es\u00e1hl 1,5 milionu K\u010d. Tohoto pozitivn\u00edho v\u00fdsledku bylo v\u0161ak dosa\u017eeno jen za pomoci velmi kreativn\u00edho \u00fa\u010detnictv\u00ed \u2013 ve\u0161ker\u00e9 spl\u00e1tky p\u016fj\u010dek, \u00faroky nebo provozn\u00ed n\u00e1klady pal\u00e1ce sem nebyly zapo\u010d\u00edt\u00e1ny. Skute\u010dn\u00fd stav spole\u010dnosti byl naprosto opa\u010dn\u00fd, ne\u017e jak jej zpr\u00e1va l\u00ed\u010dila \u2013 celkov\u00e9 zadlu\u017een\u00ed PVV p\u0159esahovalo tehdy astronomick\u00fdch 110 milion\u016f korun. I\u00a0p\u0159es nezdrav\u011b optimistick\u00e1 ve\u0159ejn\u00e1 prohl\u00e1\u0161en\u00ed V\u00e1clava Boh\u00e1\u010de nap\u011bt\u00ed zp\u016fsoben\u00e9 hospod\u00e1\u0159sk\u00fdmi v\u00fdsledky PVV rostlo. V\u00a0pr\u016fb\u011bhu roku 1930 se realizovala \u00fasporn\u00e1 opat\u0159en\u00ed v\u00a0r\u00e1mci vnit\u0159n\u00edho fungov\u00e1n\u00ed. Pov\u011bstn\u00fdm vytlouk\u00e1n\u00edm kl\u00ednu kl\u00ednem byla dal\u0161\u00ed p\u016fj\u010dka ve v\u00fd\u0161i 23 milion\u016f od poji\u0161\u0165ovny Victoria, kter\u00e1 byla pou\u017eita na uhrazen\u00ed nejurgentn\u011bj\u0161\u00edch dluh\u016f z\u00a0d\u0159\u00edv\u011bj\u0161ka. Katastrof\u00e1ln\u00ed stav spole\u010dnosti potvrdila i\u00a0anal\u00fdza proveden\u00e1 Legiobankou p\u0159i \u017e\u00e1dosti PVV o\u00a0dal\u0161\u00ed \u00fav\u011br. Na podzim roku 1930 za\u010dal tlak na PVV a\u00a0p\u0159edev\u0161\u00edm na V\u00e1clava Boh\u00e1\u010de s\u00edlit. P\u0159\u00ed\u010dinou byla velice kritick\u00e1 zpr\u00e1va z\u00e1stupce ministerstva obchodu Dr. Brejchy o\u00a0hospoda\u0159en\u00ed spole\u010dnosti. V\u00a0listopadu t\u00e9ho\u017e roku vznikla komise pod veden\u00edm m\u011bstsk\u00e9ho radn\u00edho Franti\u0161ka Tit\u011bry, kter\u00e1 m\u011bla vy\u0161et\u0159it skute\u010dn\u00fd stav spole\u010dnosti a\u00a0kontrolovat jej\u00ed chod. V\u00a0t\u00e9 dob\u011b bylo ji\u017e evidentn\u00ed, \u017ee Boh\u00e1\u010dovy dny ve funkci \u0161\u00e9fa PVV se bl\u00ed\u017e\u00ed ke konci. Dosavadn\u00ed \u0159editel byl na jedn\u00e1n\u00ed spr\u00e1vn\u00ed rady 17.&nbsp;prosince 1930 posl\u00e1n \u201ena dovolenou\u201c, a\u00a0skon\u010dila tak jeho neomezen\u00e1 vl\u00e1da nad pra\u017esk\u00fdmi veletrhy. Ve stejn\u00fd den byla ustavena sana\u010dn\u00ed komise za \u00fa\u010dasti z\u00e1stupc\u016f st\u00e1tu, m\u011bsta Prahy a\u00a0p\u0159edev\u0161\u00edm v\u011b\u0159itel\u016f, kter\u00e1 m\u011bla za \u00fakol zadlu\u017een\u00fd podnik zachr\u00e1nit.<\/p>\r\n<h3><\/h3>\r\n<h3>Bojovat a\u017e do konce<\/h3>\r\n<p>Boh\u00e1\u010d se ov\u0161em nehodlal sv\u00e9 pozice vzd\u00e1t. Vinu za katastrof\u00e1ln\u00ed stav podniku svaloval na sv\u00e9 pod\u0159\u00edzen\u00e9 a\u00a0na vn\u011bj\u0161\u00ed okolnosti. Dal\u0161\u00edm probl\u00e9mem z\u00a0hlediska ozdraven\u00ed podniku byl fakt, \u017ee b\u00fdval\u00fd majitel byl st\u00e1le jeho majoritn\u00edm akcion\u00e1\u0159em. Nav\u00edc se uk\u00e1zalo, \u017ee existuje smlouva, kter\u00e1 mu m\u011bla zajistit pozici \u0161\u00e9fa PVV a\u017e do roku 1945. Nevyjasn\u011bn\u00e9 ot\u00e1zky ohledn\u011b definitivn\u00edho ukon\u010den\u00ed Boh\u00e1\u010dova p\u016fsoben\u00ed p\u0159isp\u011bly i\u00a0k\u00a0neochot\u011b vl\u00e1dy jednat o\u00a0st\u00e1tn\u00ed podpo\u0159e k\u00a0z\u00e1chran\u011b podniku. Patovou situaci prohloubil Boh\u00e1\u010d nejr\u016fzn\u011bj\u0161\u00edmi obstrukcemi ohledn\u011b\u00a0PVV, v\u010detn\u011b n\u011bkolika \u017ealob.<\/p>\r\n<p>Kritick\u00e1 osobn\u00ed finan\u010dn\u00ed situace, zp\u016fsoben\u00e1 mimo jin\u00e9 p\u0159evzet\u00edm z\u00e1ruk za n\u011bkter\u00e9 \u00fav\u011bry, nakonec V\u00e1clava Boh\u00e1\u010de v\u00a0b\u0159eznu 1933 donutila p\u0159istoupit na podm\u00ednky sm\u00edru. V\u00fdm\u011bnou za odevzd\u00e1n\u00ed vlastn\u00edch akci\u00ed, sta\u017een\u00ed \u017ealob a\u00a0p\u0159\u00edslib, \u017ee v\u016f\u010di PVV nebude podnikat dal\u0161\u00ed pr\u00e1vn\u00ed kroky, bylo Boh\u00e1\u010dovi p\u0159isl\u00edbeno vypl\u00e1cen\u00ed do\u017eivotn\u00ed renty ve v\u00fd\u0161i 5000&nbsp;K\u010d m\u011bs\u00ed\u010dn\u011b. Uzav\u0159en\u00edm t\u00e9to dohody se PVV definitivn\u011b zbavily \u201ep\u0159\u00edt\u011b\u017ee\u201c v\u00a0podob\u011b sv\u00e9ho zakladatele.<\/p>\r\n<p>Veden\u00ed spole\u010dnosti ofici\u00e1ln\u011b p\u0159evzal podnikatel Rudolf Barta, pod jeho\u017e veden\u00edm a\u00a0za p\u0159isp\u011bn\u00ed st\u00e1tu se PVV poda\u0159ilo v\u00a0pr\u016fb\u011bhu t\u0159ic\u00e1t\u00fdch let stabilizovat.<\/p>\r\n<p>V\u00e1clav Boh\u00e1\u010d se n\u00e1sledn\u011b pokusil restartovat sv\u00e9 podnik\u00e1n\u00ed a\u00a0za\u010dal vyd\u00e1vat \u010dasopis Ob\u010dan- Hospod\u00e1\u0159. Tato aktivita v\u0161ak nem\u011bla dlouh\u00e9ho trv\u00e1n\u00ed, proto\u017ee PhMr. V\u00e1clav Boh\u00e1\u010d nedlouho pot\u00e9, 23.&nbsp;\u010dervna 1935 um\u00edr\u00e1. P\u0159\u00edzna\u010dn\u00e9 je, \u017ee z\u00e1stupci PVV sice na jeho poh\u0159eb p\u0159i\u0161li, nikdo z\u00a0nich ale nepronesl smute\u010dn\u00ed \u0159e\u010d.<\/p>\r\n<p>\u017divot V\u00e1clava Boh\u00e1\u010de je pln\u00fd protiklad\u016f. Nelze mu up\u0159\u00edt snahu i\u00a0\u00fasp\u011bchy p\u0159i prosazen\u00ed existence a\u00a0budov\u00e1n\u00ed veletrh\u016f v\u00a0Praze, resp. v\u00a0\u010cSR. Na druh\u00e9 stran\u011b jeho megalomansk\u00e9 pl\u00e1ny a\u00a0absolutn\u00ed absence sebereflexe p\u0159ivedly podnik t\u00e9m\u011b\u0159 na pokraj zk\u00e1zy, p\u0159i\u010dem\u017e anga\u017em\u00e1 v\u00a0PVV ekonomicky i\u00a0profesn\u011b zcela zlikvidovalo tak\u00e9 jeho samotn\u00e9ho. P\u0159\u00edb\u011bh nenapln\u011bn\u00fdch ambic\u00ed a\u00a0zhroucen\u00e9ho snu V\u00e1clava Boh\u00e1\u010de tak p\u0159ipom\u00edn\u00e1 dal\u0161\u00ed podobn\u00e9 p\u0159\u00edpady \u2013 z\u00a0ned\u00e1vn\u00e9 minulosti nap\u0159\u00edklad \u201estavitele\u201c vyso\u010dansk\u00e9 hokejov\u00e9 ar\u00e9ny. \u25cb<\/p>\r\n<hr \/>\r\n<p>1 Reklama na Pra\u017esk\u00fd vzorkov\u00fd<\/p>\r\n<p>veletrh z\u00a0roku 1932.<\/p>\r\n<p>&nbsp;<\/p>\r\n<p>2 Projev PhMr. V\u00e1clava Boh\u00e1\u010de p\u0159i zah\u00e1jen\u00ed podzimn\u00edho veletrhu v\u00a0roce 1928. Zcela vpravo tehdej\u0161\u00ed prim\u00e1tor Prahy JUDr. Karel Baxa.<\/p>\r\n<p>&nbsp;<\/p>\r\n<p>3 Veletr\u017en\u00ed pal\u00e1c t\u011bsn\u011b po dokon\u010den\u00ed v\u00a0roce 1929.<\/p>\r\n<p>&nbsp;<\/p>\r\n<p>4 Pohled do dvorany Veletr\u017en\u00edho<\/p>\r\n<p>pal\u00e1ce v\u00a0roce 1932.<\/p>\r\n<p>&nbsp;<\/p>\r\n<p>5 Reklama l\u00e1kaj\u00edc\u00ed na jarn\u00ed PVV<\/p>\r\n<p>v\u00a0roce 1929. Veletr\u017en\u00ed pal\u00e1c je zde (pravdiv\u011b) ozna\u010den za nejv\u011bt\u0161\u00ed budovu v\u00a0tehdej\u0161\u00ed \u010cSR.\u00a0\u00a0\u00a0<\/p>\r\n<p>&nbsp;<\/p>\r\n<p>6 Ing. Rudolf Barta n\u00e1stupce<\/p>\r\n<p>PhMR. Boh\u00e1\u010de v\u00a0\u010dele podniku PVV.<\/p>","protected":false},"excerpt":{"rendered":"[perex]V\u00a0minul\u00e9m d\u00edle jsme se sezn\u00e1mili s\u00a0po\u0159\u00e1d\u00e1n\u00edm veletrh\u016f v\u00a0Praze po prvn\u00ed sv\u011btov\u00e9 v\u00e1lce a&nbsp;osobnost\u00ed PhMr. V\u00e1clava Boh\u00e1\u010de, \u0161\u00e9fa Pra\u017esk\u00fdch vzorkov\u00fdch veletrh\u016f \u2013 firmy, kter\u00e1 ka\u017ed\u00fd p\u016flrok po\u0159\u00e1dala v&nbsp;Praze veletrhy. Jak\u00e9 byly dal\u0161\u00ed osudy veletr\u017en\u00ed spole\u010dnosti i&nbsp;V\u00e1clava Boh\u00e1\u010de? [\/perex]V\u00fdstavba I. veletr\u017en\u00edho pal\u00e1ce \u2013 prvn\u00ed \u010d\u00e1sti mohutn\u00e9ho komplexu pra\u017esk\u00e9 \u201eobchodn\u00ed City\u201c, jak si ji vysnil PhMr. Boh\u00e1\u010d se [&hellip;]","protected":false},"author":2,"featured_media":4248,"comment_status":"open","ping_status":"open","sticky":false,"template":"","format":"standard","meta":[],"categories":[37],"tags":[],"_links":{"self":[{"href":"https:\/\/www.praha7.cz\/api\/wp\/v2\/posts\/4245"}],"collection":[{"href":"https:\/\/www.praha7.cz\/api\/wp\/v2\/posts"}],"about":[{"href":"https:\/\/www.praha7.cz\/api\/wp\/v2\/types\/post"}],"author":[{"embeddable":true,"href":"https:\/\/www.praha7.cz\/api\/wp\/v2\/users\/2"}],"replies":[{"embeddable":true,"href":"https:\/\/www.praha7.cz\/api\/wp\/v2\/comments?post=4245"}],"version-history":[{"count":3,"href":"https:\/\/www.praha7.cz\/api\/wp\/v2\/posts\/4245\/revisions"}],"predecessor-version":[{"id":4398,"href":"https:\/\/www.praha7.cz\/api\/wp\/v2\/posts\/4245\/revisions\/4398"}],"wp:featuredmedia":[{"embeddable":true,"href":"https:\/\/www.praha7.cz\/api\/wp\/v2\/media\/4248"}],"wp:attachment":[{"href":"https:\/\/www.praha7.cz\/api\/wp\/v2\/media?parent=4245"}],"wp:term":[{"taxonomy":"category","embeddable":true,"href":"https:\/\/www.praha7.cz\/api\/wp\/v2\/categories?post=4245"},{"taxonomy":"post_tag","embeddable":true,"href":"https:\/\/www.praha7.cz\/api\/wp\/v2\/tags?post=4245"}],"curies":[{"name":"wp","href":"https:\/\/api.w.org\/{rel}","templated":true}]}}