    
{"id":42428,"date":"2020-10-07T12:18:14","date_gmt":"2020-10-07T10:18:14","guid":{"rendered":"https:\/\/www.praha7.cz\/?p=42428"},"modified":"2020-10-07T12:18:14","modified_gmt":"2020-10-07T10:18:14","slug":"soutez-muzei-gloria-musaealis-2019-zna-sve-viteze","status":"publish","type":"post","link":"https:\/\/www.praha7.cz\/soutez-muzei-gloria-musaealis-2019-zna-sve-viteze\/","title":{"rendered":"Sout\u011b\u017e muze\u00ed Gloria musaealis 2019 zn\u00e1 sv\u00e9 v\u00edt\u011bze"},"content":{"rendered":"<p>[perex]<\/p>\r\n<p>Od 1.&nbsp;ledna 2019 do 28.&nbsp;\u00fanora 2020 prob\u00edhal XVIII. ro\u010dn\u00edk N\u00e1rodn\u00ed sout\u011b\u017ee muze\u00ed <a href=\"http:\/\/www.gloriamusaealis.cz\" target=\"_blank\" rel=\"noopener\">Gloria musaealis<\/a>. Do n\u011bj se p\u0159ihl\u00e1silo 60 muze\u00ed a&nbsp;galeri\u00ed p\u016fsob\u00edc\u00edch na na\u0161em \u00fazem\u00ed celkem 87 projekt\u016f. Nejpo\u010detn\u011bj\u0161\u00ed kategori\u00ed se stala Muzejn\u00ed v\u00fdstava roku 2019 (40 projekt\u016f), n\u00e1sledovan\u00e1 kategoriemi Muzejn\u00ed publikace roku 2019 (30 projekt\u016f) a&nbsp;Muzejn\u00ed po\u010din roku 2019 (17 projekt\u016f). Na stupn\u00edch v\u00edt\u011bz\u016f se um\u00edstila obl\u00edben\u00e1 muzea na Sedmi\u010dce: N\u00e1rodn\u00ed technick\u00e9 muzeum a&nbsp;N\u00e1rodn\u00ed zem\u011bd\u011blsk\u00e9 muzeum. Zvl\u00e1\u0161tn\u00ed ocen\u011bn\u00ed si odn\u00e1\u0161\u00ed i\u00a0N\u00e1rodn\u00ed galerie v&nbsp;Praze.<\/p>\r\n<p>[\/perex]<\/p>\r\n<p>Slavnostn\u00ed p\u0159ed\u00e1v\u00e1n\u00ed Cen Gloria musaealis, kter\u00e9 se tradi\u010dn\u011b kon\u00e1 u&nbsp;p\u0159\u00edle\u017eitosti Mezin\u00e1rodn\u00edho dne muze\u00ed (18.&nbsp;kv\u011btna), bylo z&nbsp;d\u016fvodu pandemie covid-19 p\u0159esunuto na \u00fater\u00fd 6.&nbsp;\u0159\u00edjna 2020 od 14.00 hodin ve Smetanov\u011b s\u00edni Obecn\u00edho domu v&nbsp;Praze.<\/p>\r\n<h3>V\u00fdsledky:<\/h3>\r\n<p><strong>Kategorie Muzejn\u00ed v\u00fdstava roku 2019 <\/strong><\/p>\r\n<ul>\r\n\t<li>I. m\u00edsto \u2013 Cena Gloria musaealis \u2013 Jiho\u010desk\u00e9 muzeum v&nbsp;\u010cesk\u00fdch Bud\u011bjovic\u00edch za \u201eNov\u00e9 expozice muzea\u201c<\/li>\r\n\t<li>II. m\u00edsto \u2013 Muzeum hlavn\u00edho m\u011bsta Prahy za v\u00fdstavu \u201eChud\u00e1 Praha: Lid\u00e9 \u2013 M\u00edsta \u2013 Instituce (1781\u20131948) \/ EPOS 257: D\u00fdmov\u00e1 hora\u201c<\/li>\r\n\t<li>III. m\u00edsto \u2013 Technick\u00e9 muzeum v&nbsp;Brn\u011b za v\u00fdstavu \u201eV t\u011b\u017ek\u00fdch dob\u00e1ch: Boje o&nbsp;hranice (1918\u20131919)\u201c<\/li>\r\n\t<li>Zvl\u00e1\u0161tn\u00ed ocen\u011bn\u00ed \u2013 Muzeum dr. Ale\u0161e Hrdli\u010dky za \u201eAntropologickou expozici\u201c<\/li>\r\n\t<li>Zvl\u00e1\u0161tn\u00ed ocen\u011bn\u00ed na doporu\u010den\u00ed \u010destn\u00e9ho v\u00fdboru sout\u011b\u017ee \u2013 N\u00e1rodn\u00ed galerie v&nbsp;Praze za st\u00e1lou expozici \u201e1796\u20131918: Um\u011bn\u00ed dlouh\u00e9ho stolet\u00ed\u201c<\/li>\r\n<\/ul>\r\n<p><strong>Kategorie Muzejn\u00ed publikace roku 2019 <\/strong><\/p>\r\n<ul>\r\n\t<li>I. m\u00edsto \u2013 Cena Gloria musaealis \u2013 Muzeum um\u011bn\u00ed Olomouc za dvoud\u00edlnou publikaci \u201eKarel z&nbsp;Lichtensteinu-Castelcorna (1624\u20131695)\u201c<\/li>\r\n\t<li>II. m\u00edsto \u2013 N\u00e1rodn\u00ed technick\u00e9 muzeum za publikaci \u201eFenom\u00e9n Ringhoffer: Rodina, podnik\u00e1n\u00ed, politika\u201c<\/li>\r\n\t<li>III. m\u00edsto \u2013 Muzeum m\u011bsta Brna, p\u0159\u00edsp\u011bvkov\u00e1 organizace, za publikaci \u201eVize modernosti: Rudolf Sandalo 1899\u20131980\u201c<\/li>\r\n\t<li>Zvl\u00e1\u0161tn\u00ed ocen\u011bn\u00ed \u2013 M\u011bstsk\u00e9 muzeum Skute\u010d za publikaci \u201eVoj\u00e1ci Skute\u010dska 1914\u20131920\u201c<\/li>\r\n<\/ul>\r\n<p><strong>Kategorie Muzejn\u00ed po\u010din roku 2019<\/strong><\/p>\r\n<ul>\r\n\t<li>I. m\u00edsto \u2013 Cena Gloria musaealis \u2013 Muzeum \u010cesk\u00e9ho r\u00e1je v&nbsp;Turnov\u011b, p\u0159\u00edsp\u011bvkov\u00e1 organizace, za projekt \u201eHorolezectv\u00ed: Z&nbsp;\u010cesk\u00e9ho r\u00e1je na vrcholy sv\u011bta\u201c<\/li>\r\n\t<li>II. m\u00edsto \u2013 M\u011bstsk\u00e9 muzeum a&nbsp;galerie Ho\u0159ice za projekt \u201eRekonstrukce muzea a&nbsp;nov\u00e1 expozice Od kamene k&nbsp;so\u0161e\u201c<\/li>\r\n\t<li>III. m\u00edsto \u2013 N\u00e1rodn\u00ed zem\u011bd\u011blsk\u00e9 muzeum, s. p. o., za projekt \u201eModernizace are\u00e1lu ve Valtic\u00edch a&nbsp;nov\u00e9 expozice\u201c<\/li>\r\n\t<li>Zvl\u00e1\u0161tn\u00ed ocen\u011bn\u00ed \u2013 Muzeum m\u011bsta Brna, p\u0159\u00edsp\u011bvkov\u00e1 organizace, za projekt \u201eBaron Trenck: Nov\u00e1 tv\u00e1\u0159 legendy\u201c<\/li>\r\n<\/ul>\r\n<p><strong>Cena \u010cesk\u00e9ho v\u00fdboru ICOM<\/strong><\/p>\r\n<ul>\r\n\t<li>Um\u011bleckopr\u016fmyslov\u00e9 museum v&nbsp;Praze za v\u00fdstavu \u201e\u0160\u00edlen\u00fd hedv\u00e1bn\u00edk: Zika a&nbsp;L\u00edda Ascher \/ Textil a&nbsp;m\u00f3da\u201c<\/li>\r\n<\/ul>\r\n<p>N\u00e1rodn\u00ed sout\u011b\u017e muze\u00ed Gloria musaealis m\u00e1 za c\u00edl upozornit \u0161irokou ve\u0159ejnost na \u0161pi\u010dkov\u00e9 v\u00fdkony muzejn\u00edch instituc\u00ed i&nbsp;jednotliv\u00fdch pracovn\u00edk\u016f v&nbsp;oboru muzejnictv\u00ed p\u0159i tvorb\u011b v\u00fdstav a&nbsp;nov\u00fdch expozic, prezentov\u00e1n\u00ed sb\u00edrek v&nbsp;odborn\u00fdch publikac\u00edch \u010di p\u0159i z\u00e1chran\u011b a&nbsp;zp\u0159\u00edstup\u0148ov\u00e1n\u00ed objekt\u016f nebo lokalit na\u0161eho kulturn\u00edho a&nbsp;p\u0159\u00edrodn\u00edho d\u011bdictv\u00ed. Nejvy\u0161\u0161\u00edm ocen\u011bn\u00edm v&nbsp;ka\u017ed\u00e9 kategorii je Cena Gloria musaealis. Jeden z&nbsp;projekt\u016f z\u00edsk\u00e1v\u00e1 Cenu \u010cesk\u00e9ho v\u00fdboru ICOM, ud\u011blovanou aktivit\u00e1m v\u00fdznamn\u011b p\u0159isp\u00edvaj\u00edc\u00edm k&nbsp;mezin\u00e1rodn\u00ed spolupr\u00e1ci, rozvoji eduka\u010dn\u00ed \u010dinnosti \u010di zp\u0159\u00edstupn\u011bn\u00ed kulturn\u00edho d\u011bdictv\u00ed handicapovan\u00fdm ob\u010dan\u016fm. Jeden sout\u011b\u017en\u00ed projekt m\u016f\u017ee z\u00edskat Cenu \u010destn\u00e9ho v\u00fdboru sout\u011b\u017ee. V&nbsp;n\u011bm jsou zastoupeny v\u00fdznamn\u00e9 osobnosti na\u0161eho ve\u0159ejn\u00e9ho \u017eivota a&nbsp;kultury. \u010cestn\u00fd v\u00fdbor tvo\u0159\u00ed medi\u00e1ln\u00ed tv\u00e1\u0159 sout\u011b\u017ee a&nbsp;p\u0159eb\u00edr\u00e1 svoji z\u00e1\u0161titu nad ka\u017ed\u00fdm jej\u00edm ro\u010dn\u00edkem.<\/p>\r\n<p>Podobn\u011b jako v&nbsp;p\u0159edchoz\u00edch letech se ceremoni\u00e1l nesl v&nbsp;duchu div\u00e1cky atraktivn\u00ed koncepce, kter\u00e1 zahrnuje ideu prezentovat poka\u017ed\u00e9 jin\u00fd typ muzejn\u00ed instituce \u010di ud\u00e1losti. Na sc\u00e9n\u011b bylo tentokr\u00e1t p\u0159ipomenuto 30.&nbsp;v\u00fdro\u010d\u00ed vzniku AMG jako nejv\u011bt\u0161\u00edho profesn\u00edho svazu muzejn\u00edch organizac\u00ed a&nbsp;osob \u010dinn\u00fdch v&nbsp;oboru muzejnictv\u00ed, kter\u00fd p\u016fsob\u00ed v&nbsp;\u010cesk\u00e9 republice od roku 1990. Jubileum se stalo podkladem pro zpracov\u00e1n\u00ed grafick\u00e9ho layoutu XVIII. ro\u010dn\u00edku, kter\u00fd z\u00e1rove\u0148 p\u0159ipom\u00edn\u00e1, \u017ee N\u00e1rodn\u00ed sout\u011b\u017e muze\u00ed Gloria musaealis v&nbsp;roce 2020 oslavila svoji plnoletost.<\/p>\r\n<p><br \/>\r\nVe spolupr\u00e1ci s&nbsp;agenturou CzechTourism byly p\u0159ipraveny soupisy v\u0161ech ocen\u011bn\u00fdch projekt\u016f v&nbsp;N\u00e1rodn\u00ed sout\u011b\u017ei muze\u00ed Gloria musaealis za obdob\u00ed 2002\u20132019, kter\u00e9 jsou k&nbsp;dispozici na webov\u00fdch str\u00e1nk\u00e1ch <a href=\"http:\/\/www.gloriamusaealis.cz\" target=\"_blank\" rel=\"noopener\">www.gloriamusaealis.cz<\/a> a&nbsp;na port\u00e1lu Kudyznudy.cz v&nbsp;sekci <a href=\"https:\/\/www.kudyznudy.cz\/co-chcete-delat\/kultura\/muzea-a-galerie\" target=\"_blank\" rel=\"noopener\">Kultura \u2013 Muzea a&nbsp;galerie<\/a>. Speci\u00e1ln\u00ed logo upozor\u0148uje n\u00e1v\u0161t\u011bvn\u00edky na instituce, je\u017e v&nbsp;uplynul\u00fdch ro\u010dn\u00edc\u00edch z\u00edskaly ocen\u011bn\u00ed. U&nbsp;ka\u017ed\u00e9 se pak objevuje i&nbsp;seznam v\u0161ech jej\u00edch cen za 18 let trv\u00e1n\u00ed sout\u011b\u017ee.<\/p>\r\n<p><iframe loading=\"lazy\" width=\"560\" height=\"314\" src=\"\/\/www.youtube.com\/embed\/JSe8isog96c\" allowfullscreen=\"allowfullscreen\"><\/iframe><\/p>\r\n<hr \/>\r\n<p><em>Akce se konala pod z\u00e1\u0161titou radn\u00ed hl. m. Prahy pro oblast kultury, pam\u00e1tkov\u00e9 p\u00e9\u010de, v\u00fdstavnictv\u00ed a&nbsp;cestovn\u00edho ruchu Hany T\u0159e\u0161t\u00edkov\u00e9. Partnery slavnostn\u00edho vyhl\u00e1\u0161en\u00ed byly Obecn\u00ed d\u016fm, a. s., N\u00e1rodn\u00ed muzeum, Hlavn\u00ed m\u011bsto Praha, \u010cesk\u00fd rozhlas, AV Media, a. s., a&nbsp;Three Brothers Production. Hlavn\u00edm medi\u00e1ln\u00edm partnerem ceremoni\u00e1lu se stala \u010cesk\u00e1 televize. Medi\u00e1ln\u00edmi partnery akce byly \u010cesk\u00fd rozhlas Dvojka a&nbsp;internetov\u00fd port\u00e1l a&nbsp;\u010dasopis PROPAM\u00c1TKY.<\/em><\/p>\r\n<p><em>Sout\u011b\u017e spole\u010dn\u011b vyhl\u00e1sily Ministerstvo kultury, Asociace muze\u00ed a&nbsp;galeri\u00ed \u010cesk\u00e9 republiky, z. s. a&nbsp;\u010cesk\u00fd v\u00fdbor ICOM, z. s. <\/em><\/p>","protected":false},"excerpt":{"rendered":"[perex] Od 1.&nbsp;ledna 2019 do 28.&nbsp;\u00fanora 2020 prob\u00edhal XVIII. ro\u010dn\u00edk N\u00e1rodn\u00ed sout\u011b\u017ee muze\u00ed Gloria musaealis. Do n\u011bj se p\u0159ihl\u00e1silo 60 muze\u00ed a&nbsp;galeri\u00ed p\u016fsob\u00edc\u00edch na na\u0161em \u00fazem\u00ed celkem 87 projekt\u016f. Nejpo\u010detn\u011bj\u0161\u00ed kategori\u00ed se stala Muzejn\u00ed v\u00fdstava roku 2019 (40 projekt\u016f), n\u00e1sledovan\u00e1 kategoriemi Muzejn\u00ed publikace roku 2019 (30 projekt\u016f) a&nbsp;Muzejn\u00ed po\u010din roku 2019 (17 projekt\u016f). Na stupn\u00edch [&hellip;]","protected":false},"author":97,"featured_media":42446,"comment_status":"closed","ping_status":"open","sticky":false,"template":"","format":"standard","meta":[],"categories":[34],"tags":[],"_links":{"self":[{"href":"https:\/\/www.praha7.cz\/api\/wp\/v2\/posts\/42428"}],"collection":[{"href":"https:\/\/www.praha7.cz\/api\/wp\/v2\/posts"}],"about":[{"href":"https:\/\/www.praha7.cz\/api\/wp\/v2\/types\/post"}],"author":[{"embeddable":true,"href":"https:\/\/www.praha7.cz\/api\/wp\/v2\/users\/97"}],"replies":[{"embeddable":true,"href":"https:\/\/www.praha7.cz\/api\/wp\/v2\/comments?post=42428"}],"version-history":[{"count":4,"href":"https:\/\/www.praha7.cz\/api\/wp\/v2\/posts\/42428\/revisions"}],"predecessor-version":[{"id":42450,"href":"https:\/\/www.praha7.cz\/api\/wp\/v2\/posts\/42428\/revisions\/42450"}],"wp:featuredmedia":[{"embeddable":true,"href":"https:\/\/www.praha7.cz\/api\/wp\/v2\/media\/42446"}],"wp:attachment":[{"href":"https:\/\/www.praha7.cz\/api\/wp\/v2\/media?parent=42428"}],"wp:term":[{"taxonomy":"category","embeddable":true,"href":"https:\/\/www.praha7.cz\/api\/wp\/v2\/categories?post=42428"},{"taxonomy":"post_tag","embeddable":true,"href":"https:\/\/www.praha7.cz\/api\/wp\/v2\/tags?post=42428"}],"curies":[{"name":"wp","href":"https:\/\/api.w.org\/{rel}","templated":true}]}}