    
{"id":4232,"date":"2016-02-24T13:15:23","date_gmt":"2016-02-24T12:15:23","guid":{"rendered":"https:\/\/praha7.cz\/?p=4232"},"modified":"2017-08-25T09:39:52","modified_gmt":"2017-08-25T07:39:52","slug":"jsem-zdvorila-a-sousedy-zdravim","status":"publish","type":"post","link":"https:\/\/www.praha7.cz\/jsem-zdvorila-a-sousedy-zdravim\/","title":{"rendered":"Jsem zdvo\u0159il\u00e1 a&nbsp;sousedy zdrav\u00edm"},"content":{"rendered":"<p>[perex]<\/p><p>Slavn\u00e1 \u010desk\u00e1 dokumentaristka Olga Sommerov\u00e1 \u017eije p\u011btat\u0159icet let hned vedle fotbalov\u00e9ho stadionu Sparta. P\u0159esto\u017ee sportovn\u00ed fanou\u0161ky moc nemus\u00ed, je pevn\u011b rozhodnut\u00e1, \u017ee za p\u0159\u00ed\u0161t\u00edho \u010desk\u00e9ho prezidenta chce Jarom\u00edra J\u00e1gra.<\/p><p>[\/perex]<\/p><p><strong>Z okna se d\u00edv\u00e1te p\u0159\u00edmo na stadion. Co by za to asi n\u011bkte\u0159\u00ed fotbalov\u00ed fanou\u0161ci dali, ale jak se takhle bl\u00edzko \u017eije v\u00e1m?<br \/>\r\n <\/strong>Fotbal trv\u00e1 dv\u011b hodiny, to se d\u00e1 p\u0159e\u017e\u00edt, i\u00a0kdy\u017e pohled na \u0159vouc\u00ed burany je prav\u00fdm opakem vzne\u0161en\u00e9ho lidstv\u00ed. J\u00e1 ch\u00e1pu, \u017ee se chlapci s\u00a0vysokou hladinou testosteronu mus\u00ed n\u011bkde vyb\u00edt, kdy\u017e ned\u011blaj\u00ed fyzicky n\u00e1ro\u010dnou pr\u00e1ci, nemus\u00ed j\u00edt na vojnu ani do v\u00e1lky a\u00a0b\u016fhv\u00ed, jestli maj\u00ed holky. Chl\u00e9b a\u00a0hry, to byla ideologie upadaj\u00edc\u00ed \u0158\u00edmsk\u00e9 \u0159\u00ed\u0161e, kde si mocn\u00ed za j\u00eddlo a\u00a0hry z\u00edsk\u00e1vali p\u0159\u00edze\u0148 prost\u00e9ho lidu, kter\u00fdm pak manipulovali. Hry se zkr\u00e1tka lidu mus\u00ed umo\u017enit.<\/p>\r\n<p><strong>V\u00a0Brit\u00e1nii se fotbalov\u00e9 d\u011bn\u00ed a\u00a0fanou\u0161ky poda\u0159ilo kultivovat natolik, \u017ee dneska na z\u00e1pasy mohou chodit i\u00a0rodiny s\u00a0mal\u00fdmi\u00a0d\u011btmi. Pro\u010d to u\u00a0n\u00e1s nejde?<br \/>\r\n <\/strong>Asi proto, \u017ee tam na stadionech zak\u00e1zali alkohol. Ka\u017edop\u00e1dn\u011b fotbalov\u00fd stadion nepat\u0159\u00ed do centra m\u011bsta, ale do rezervace.<\/p>\r\n<p><strong>Co byste je\u0161t\u011b zak\u00e1zala?<br \/>\r\n <\/strong>Ur\u010dit\u011b ten nesmysln\u00fd novoro\u010dn\u00ed oh\u0148ostroj, kter\u00fd pla\u0161\u00ed pt\u00e1ky, d\u011bs\u00ed psy, stoj\u00ed majlant, ale lid v\u00a0Praze zastav\u00ed dopravu, proto\u017ee ten beng\u00e1l mus\u00ed popades\u00e1t\u00e9 vid\u011bt.<\/p>\r\n<p><strong>Co z\u00a0posledn\u00edch ud\u00e1lost\u00ed v\u00a0Praze 7 n\u011bjak zas\u00e1hlo do va\u0161eho ka\u017edodenn\u00edho \u017eivota?<br \/>\r\n <\/strong>Jednozna\u010dn\u011b otev\u0159en\u00ed tunelu Blanka. Jeho stavba n\u00e1s tr\u00e1pila sedm let, j\u00e1 jsem se r\u00e1no v\u00a0sedm probouzela v\u00fdbuchem pod postel\u00ed, ani jsem si nemusela nastavovat bud\u00edk. Dlouho tu nejezdily tramvaje, nedalo se j\u00edt p\u0159es pl\u00e1\u0148, padaly n\u00e1m om\u00edtky. T\u0159\u00edda Milady Hor\u00e1kov\u00e9 je te\u010f polopr\u00e1zdn\u00e1, ten klid si Letn\u00e1, podle mne nejlep\u0161\u00ed \u010dtvr\u0165 v\u00a0Praze se dv\u011bma n\u00e1dhern\u00fdmi parky, zaslou\u017e\u00ed.<\/p>\r\n<p><strong>Cel\u00fd \u017eivot se n\u011bjak anga\u017eujete ve ve\u0159ejn\u00e9m d\u011bn\u00ed. Co v\u00e1s p\u0159im\u011blo zvednout se ze \u017eidle naposledy?<br \/>\r\n <\/strong>To v\u00edm \u00fapln\u011b p\u0159esn\u011b, tramvaj \u010d\u00edslo dvan\u00e1ct. P\u0159ed \u010dasem n\u011bjak\u00fd osv\u00edcen\u00fd \u00fa\u0159edn\u00edk vymyslel, \u017ee dvan\u00e1ctka nepojede p\u0159es n\u00e1b\u0159e\u017e\u00ed, kde nikdo nebydl\u00ed, ale p\u0159es Letnou. V\u0161ichni jsme byli nad\u0161eni, \u017ee m\u00e1me p\u0159\u00edm\u00e9 spojen\u00ed se skv\u011blou\u00a0galeri\u00ed DOX v\u00a0Hole\u0161ovic\u00edch, s\u00a0Malou Stranou a\u00a0sm\u00edchovsk\u00fdm n\u00e1dra\u017e\u00edm. Jen\u017ee pak zase n\u011bjak\u00fd neosv\u00edcen\u00fd \u00fa\u0159edn\u00edk cht\u011bl linku vr\u00e1tit zp\u00e1tky na n\u00e1b\u0159e\u017e\u00ed. Rozhodla jsem se, \u017ee to tak nenech\u00e1m, a\u00a0tak jsme s\u00a0galeristkou Letensk\u00e9ho Montmartru Kate\u0159inou Ebelovou a\u00a0Ji\u0159inou Dienstbierovou vytvo\u0159ily petici za uchov\u00e1n\u00ed letensk\u00e9 trasy. Petici jsme odnesly na radnici a\u00a0na jej\u00ed p\u0159\u00edmluvu dvan\u00e1ctka jezd\u00ed vesele d\u00e1l p\u0159es Letnou.<\/p>\r\n<p><strong>Do jak\u00fdch podnik\u016f ve sv\u00e9m okol\u00ed r\u00e1da chod\u00edte?<br \/>\r\n <\/strong>Do Bodegy ve \u0160meralce a\u00a0do Lok\u00e1lu u\u00a0Stromovky. M\u00e1m je\u0161t\u011b moc r\u00e1da hospodu v\u00a0Oveneck\u00e9 ulici, tu klasickou \u010dty\u0159ku, kde to jede od r\u00e1na, a\u00a0to je takov\u00e1 moje vzpom\u00ednka na star\u00e9 \u010dasy. A\u00a0co m\u011b krom\u011b hospod jako filma\u0159ku na Letn\u00e9 t\u011b\u0161\u00ed, \u017ee tu m\u00e1me artkino Oko.<\/p>\r\n<p><strong>Jste matkou syna a\u00a0dcery, ob\u011b va\u0161e d\u011bti (Olga \u0160p\u00e1tov\u00e1 a\u00a0Jakub Sommer) jsou v\u00fdrazn\u00e9 tv\u016fr\u010d\u00ed osobnosti. V\u00a0\u010dem jste je vychov\u00e1vala stejn\u011b a\u00a0v\u00a0\u010dem jinak?<br \/>\r\n <\/strong>V\u017edycky jsem se hlavn\u011b sna\u017eila, aby jim ani nep\u0159i\u0161lo na mysl, \u017ee jeden m\u00e1 na \u00fakor druh\u00e9ho n\u011bjak\u00e9 v\u00fdsady nebo \u017ee by snad jeden byl v\u00edc milov\u00e1n ne\u017e ten druh\u00fd. Mate\u0159sk\u00e1 l\u00e1ska m\u00e1 b\u00fdt bezv\u00fdhradn\u00e1. My rodi\u010de trp\u00edme t\u00edm, \u017ee si p\u0159\u00edli\u0161 bereme k\u00a0srdci povinnost svoje potomky vychov\u00e1vat.<\/p>\r\n<p><strong>Mysl\u00edte, \u017ee bychom je m\u011bli nechat b\u00fdt jen tak?<br \/>\r\n <\/strong>D\u011bti pot\u0159ebuj\u00ed j\u00eddlo a\u00a0l\u00e1sku. To je v\u0161echno. V\u00fdchovn\u00e9 pou\u010dky jsou na nic, nejsolidn\u011bj\u0161\u00ed v\u00fdchovnou metodou je vlastn\u00ed p\u0159\u00edklad. Na\u0161e d\u011bti byly vedeny p\u0159\u00edsn\u011b, jedly to, co dostaly, a\u00a0nem\u011bly p\u0159\u00edle\u017eitost b\u00fdt drz\u00e9 na m\u00e1mu, nato\u017e na t\u00e1tu. Je mi l\u00edto d\u011bt\u00ed, kter\u00fdm rodi\u010de neur\u010d\u00ed mantinely odtud potud, proto\u017ee takov\u00e9 d\u011bti, kter\u00fdm se myln\u011b \u0159\u00edk\u00e1 rozmazlen\u00e9, jsou ne\u0161\u0165astn\u00e9, zoufal\u00e9. D\u011bti vid\u00ed v\u00a0rodi\u010d\u00edch bohy, o\u00a0kter\u00e9 se m\u016f\u017eou op\u0159\u00edt, kte\u0159\u00ed je zachr\u00e1n\u00ed. Jen\u017ee kdy\u017e jsou ti bozi slab\u00ed, manipulovateln\u00ed a\u00a0nepevn\u00ed, je pro d\u011bti obt\u00ed\u017en\u00e9 vid\u011bt v\u00a0otci a\u00a0matce z\u00e1chran\u00e1\u0159e.<\/p>\r\n<p><strong>Kter\u00e1 \u010d\u00e1st \u017eivota s\u00a0d\u011btmi byla pro v\u00e1s jako matku nejobt\u00ed\u017en\u011bj\u0161\u00ed?<br \/>\r\n <\/strong>\u0158\u00edk\u00e1 se, a\u00a0je to pravda, mal\u00e9 d\u011bti, mal\u00e9 starosti, velk\u00e9 d\u011bti, velk\u00e9 starosti. Dlouho mi trvalo, ne\u017e jsem pochopila, \u017ee d\u011btem od puberty po celou dosp\u011blost nesm\u00edm d\u00e1vat nevy\u017e\u00e1dan\u00e9 rady. \u017de radu je mo\u017en\u00e9 d\u00e1t jenom ve dvou p\u0159\u00edpadech \u2013 kdy\u017e jsem o\u00a0ni po\u017e\u00e1d\u00e1na nebo kdy\u017e jde o\u00a0\u017eivot.<\/p>\r\n<p><strong>Sama ale dob\u0159e v\u00edm, \u017ee rodi\u010de m\u011bli mnohokr\u00e1t pravdu.<br \/>\r\n <\/strong>To u\u017e dneska tu\u0161\u00ed i\u00a0moje d\u011bti. Samoz\u0159ejm\u011b \u017ee jsem i\u00a0j\u00e1 u\u017e nes\u010detn\u011bkr\u00e1t sly\u0161ela tu v\u011btu: M\u00e1mo, tys m\u011bla pravdu! Rodi\u010de se sv\u00fdmi zku\u0161enostmi v\u011bd\u00ed, jak se asi budou r\u016fzn\u00e9 situace vyv\u00edjet, jak dopadnou, nav\u00edc znaj\u00ed svoje d\u011bti jak sv\u00e9 boty. Jen\u017ee ka\u017ed\u00fd \u010dlov\u011bk si mus\u00ed pusu nab\u00edt s\u00e1m, aby se opravdu pou\u010dil. J\u00e1 jako miluj\u00edc\u00ed matka jsem byla v\u017edy p\u0159ipravena sv\u00fdm d\u011btem pomoct, i\u00a0kdy\u017e v\u00edm, \u017ee jsem kolikr\u00e1t nem\u011bla.<\/p>\r\n<p><strong>Pro\u010d?<br \/>\r\n <\/strong>Proto\u017ee v\u00a0p\u0159\u00edpad\u011b dosp\u011bl\u00fdch d\u011bt\u00ed nen\u00ed rozprost\u00edr\u00e1n\u00ed z\u00e1chrann\u00fdch rodi\u010dovsk\u00fdch s\u00edt\u00ed p\u0159\u00edli\u0161 prosp\u011b\u0161n\u00e9. Ne v\u017edycky jim pom\u00e1h\u00e1te, kdy\u017e jim pom\u00e1h\u00e1te. Jen\u017ee je tak t\u011b\u017ek\u00e9 nechat je spadnout, kdy\u017e v\u00edte, \u017ee je to bude bolet! P\u0159izn\u00e1v\u00e1m, \u017ee zrovna to moc neum\u00edm.<\/p>\r\n<p><strong>Na \u010dem te\u010f pracujete?<br \/>\r\n <\/strong>Te\u010f pr\u00e1v\u011b to\u010d\u00edm film o\u00a0dvou generac\u00edch student\u016f, z\u00a0let \u0161edes\u00e1t\u00fdch a\u00a0z\u00a0roku 1989, kte\u0159\u00ed usilovali o\u00a0demokratickou zm\u011bnu totalitn\u00edho re\u017eimu. Tyto dv\u011b generace mlad\u00fdch lid\u00ed m\u011bly d\u016fvod anga\u017eovat se, usilovat o\u00a0svobodu.<\/p>\r\n<p><strong>Pro\u010d jste si vybrala zrovna t\u00e9ma protestuj\u00edc\u00edch student\u016f?<br \/>\r\n <\/strong>J\u00e1 se ve v\u0161ech sv\u00fdch filmech sna\u017e\u00edm upozor\u0148ovat na to, jak snadno m\u016f\u017eeme p\u0159ij\u00edt o\u00a0svobodu a\u00a0jak je pro n\u00e1s nezbytn\u00e1. Tak\u017ee m\u011b p\u0159itahovalo i\u00a0tohle t\u00e9ma. Chci na tom z\u00e1rove\u0148 uk\u00e1zat rozd\u00edl mezi sou\u010dasnou a\u00a0d\u0159\u00edv\u011bj\u0161\u00edmi generacemi student\u016f. Ob\u00e1v\u00e1m se toti\u017e, \u017ee dne\u0161n\u00ed mlad\u00ed lid\u00e9 maj\u00ed sm\u016flu v\u00a0tom, \u017ee blahobyt je nebezpe\u010dn\u011bj\u0161\u00ed ne\u017e \u00fatlak. Je jim p\u0159\u00edli\u0161 dob\u0159e.<\/p>\r\n<p><strong>Co je podle v\u00e1s nejpodstatn\u011bj\u0161\u00ed probl\u00e9m, kter\u00fdm te\u010f jako \u010desk\u00e1 spole\u010dnost proch\u00e1z\u00edme?<br \/>\r\n <\/strong>Chyb\u00ed n\u00e1m elity, kter\u00e9 by ve spole\u010dnosti nesly mravn\u00ed poselstv\u00ed. Nebo sp\u00ed\u0161 na\u0161e elity ml\u010d\u00ed. \u010cesk\u00e9mu n\u00e1rodu chyb\u00ed idea, pro kterou by lid\u00e9 byli ochotni anga\u017eovat se ve ve\u0159ejn\u00e9m d\u011bn\u00ed, nahlas protestovat proti l\u017ei a\u00a0nespravedlnosti. Vad\u00ed mi pasivita ob\u010dansk\u00e9 spole\u010dnosti, kter\u00e1 byla je\u0161t\u011b p\u0159edned\u00e1vnem aktivn\u011bj\u0161\u00ed. Ale tak\u00e9 v\u016fle p\u0159ekonat svoje ego, b\u00fdt empati\u010dt\u011bj\u0161\u00ed ke spoluob\u010dan\u016fm, t\u0159eba i\u00a0k\u00a0soused\u016fm. P\u0159\u00e1la bych si, abychom byli my \u010ce\u0161i k\u00a0sob\u011b laskav\u011bj\u0161\u00ed a\u00a0zdvo\u0159ilej\u0161\u00ed.<\/p>\r\n<p><strong>A\u00a0vy sama jste zdvo\u0159il\u00e1?<br \/>\r\n <\/strong>A\u00a0jak! Kdy\u017e jdu se psem po letensk\u00e9m parku, ka\u017ed\u00e9ho zdrav\u00edm, star\u00e9ho, mlad\u00e9ho. Nejdu p\u0159ece po V\u00e1clav\u00e1ku, j\u00e1 Letnou pova\u017euju za sousedsk\u00e9 mal\u00e9 m\u011bsto ve velik\u00e9 Praze.<\/p>\r\n<p><strong>Za dva roky budou prezidentsk\u00e9 volby, vid\u00edte n\u011bkoho, kdo by dok\u00e1zal sou\u010dasn\u00e9ho prezidenta vyst\u0159\u00eddat?<br \/>\r\n <\/strong>J\u00e1 m\u011bla jenom jednoho a\u00a0to byl V\u00e1clav Havel. Takov\u00e1 osobnost tady te\u010f ur\u010dit\u011b nen\u00ed a\u00a0podle v\u0161eho ani nebude. Tak\u017ee jedin\u00fd zvoliteln\u00fd prezident je pro m\u011b Jarda J\u00e1gr. A\u00a0nejen proto, \u017ee m\u00e1 \u010d\u00edslo 68.\u00a0<\/p>\r\n<hr \/>\r\n<p><span style=\"color: #808080; font-family: georgia,palatino,serif;\"><strong>Olga Sommerov\u00e1<\/strong> (*1949) absolvovala katedru dokument\u00e1rn\u00ed tvorby na pra\u017esk\u00e9 FAMU. Coby re\u017eis\u00e9rka Kr\u00e1tk\u00e9ho filmu Praha nat\u00e1\u010dela dvan\u00e1ct let dokument\u00e1rn\u00ed filmy pro kina na form\u00e1t 35 mm, po revoluci za\u010dala tvo\u0159it pro \u010ceskou televizi. Nato\u010dila p\u0159es sto dokument\u00e1rn\u00edch film\u016f, za n\u011b\u017e z\u00edskala \u010dty\u0159icet cen na dom\u00e1c\u00edch a\u00a0mezin\u00e1rodn\u00edch filmov\u00fdch festivalech. Zab\u00fdv\u00e1 se hlavn\u011b soci\u00e1ln\u00edmi t\u00e9maty a\u00a0mezilidsk\u00fdmi vztahy, feminismem i\u00a0histori\u00ed na\u0161\u00ed zem\u011b. Na z\u00e1klad\u011b \u00fasp\u011b\u0161n\u00e9ho filmu O\u00a0\u010dem sn\u00ed \u017eeny vydala t\u0159i stejnojmenn\u00e9 knihy rozhovor\u016f a\u00a0knihu O\u00a0\u010dem sn\u00ed mu\u017ei, kter\u00e9 se staly bestsellery. Je p\u0159edsedkyn\u00ed \u010cesk\u00e9ho filmov\u00e9ho a\u00a0televizn\u00edho svazu a\u00a0prvn\u00ed m\u00edstop\u0159edsedkyn\u00ed Liber\u00e1ln\u00ed ekologick\u00e9 strany LES.<\/span><\/p>","protected":false},"excerpt":{"rendered":"[perex]Slavn\u00e1 \u010desk\u00e1 dokumentaristka Olga Sommerov\u00e1 \u017eije p\u011btat\u0159icet let hned vedle fotbalov\u00e9ho stadionu Sparta. P\u0159esto\u017ee sportovn\u00ed fanou\u0161ky moc nemus\u00ed, je pevn\u011b rozhodnut\u00e1, \u017ee za p\u0159\u00ed\u0161t\u00edho \u010desk\u00e9ho prezidenta chce Jarom\u00edra J\u00e1gra.[\/perex]Z okna se d\u00edv\u00e1te p\u0159\u00edmo na stadion. Co by za to asi n\u011bkte\u0159\u00ed fotbalov\u00ed fanou\u0161ci dali, ale jak se takhle bl\u00edzko \u017eije v\u00e1m? Fotbal trv\u00e1 dv\u011b hodiny, [&hellip;]","protected":false},"author":2,"featured_media":4233,"comment_status":"open","ping_status":"open","sticky":false,"template":"","format":"standard","meta":[],"categories":[37],"tags":[],"_links":{"self":[{"href":"https:\/\/www.praha7.cz\/api\/wp\/v2\/posts\/4232"}],"collection":[{"href":"https:\/\/www.praha7.cz\/api\/wp\/v2\/posts"}],"about":[{"href":"https:\/\/www.praha7.cz\/api\/wp\/v2\/types\/post"}],"author":[{"embeddable":true,"href":"https:\/\/www.praha7.cz\/api\/wp\/v2\/users\/2"}],"replies":[{"embeddable":true,"href":"https:\/\/www.praha7.cz\/api\/wp\/v2\/comments?post=4232"}],"version-history":[{"count":5,"href":"https:\/\/www.praha7.cz\/api\/wp\/v2\/posts\/4232\/revisions"}],"predecessor-version":[{"id":4288,"href":"https:\/\/www.praha7.cz\/api\/wp\/v2\/posts\/4232\/revisions\/4288"}],"wp:featuredmedia":[{"embeddable":true,"href":"https:\/\/www.praha7.cz\/api\/wp\/v2\/media\/4233"}],"wp:attachment":[{"href":"https:\/\/www.praha7.cz\/api\/wp\/v2\/media?parent=4232"}],"wp:term":[{"taxonomy":"category","embeddable":true,"href":"https:\/\/www.praha7.cz\/api\/wp\/v2\/categories?post=4232"},{"taxonomy":"post_tag","embeddable":true,"href":"https:\/\/www.praha7.cz\/api\/wp\/v2\/tags?post=4232"}],"curies":[{"name":"wp","href":"https:\/\/api.w.org\/{rel}","templated":true}]}}