    
{"id":42296,"date":"2020-10-01T11:15:07","date_gmt":"2020-10-01T09:15:07","guid":{"rendered":"https:\/\/www.praha7.cz\/?p=42296"},"modified":"2020-10-01T11:44:04","modified_gmt":"2020-10-01T09:44:04","slug":"mir-vysoko-polsko-cesky-mural-na-40-vyroci-solidarity","status":"publish","type":"post","link":"https:\/\/www.praha7.cz\/mir-vysoko-polsko-cesky-mural-na-40-vyroci-solidarity\/","title":{"rendered":"Mi\u0159 vysoko! Polsko-\u010desk\u00fd mural na 40.&nbsp;v\u00fdro\u010d\u00ed Solidarity"},"content":{"rendered":"<p>[perex]<\/p>\r\n<p>Vznik hnut\u00ed Solidarita v\u00a0roce 1980, spolupr\u00e1ci polsk\u00e9ho a&nbsp;\u010deskoslovensk\u00e9ho disentu a&nbsp;cestu st\u0159edn\u00ed Evropy ke svobod\u011b v\u00a0roce 1989 p\u0159ipomene <a href=\"https:\/\/www.praha7.cz\/wp-content\/uploads\/2020\/10\/Mural-Praha-Var\u0161ava1.jpg\">mural<\/a> v\u00a0Tusarov\u011b ulici\u00a0v\u00a0Praze 7. Jeho autory jsou mlad\u00ed \u010de\u0161t\u00ed a&nbsp;pol\u0161t\u00ed v\u00fdtvarnici. Jedna polovina vznikne v\u00a0Praze, druh\u00e1 ve stejn\u00e9 dob\u011b ve Var\u0161av\u011b.<\/p>\r\n<p>[\/perex]<\/p>\r\n<p>S\u00a0n\u00e1padem p\u0159i\u0161lo polsk\u00e9 N\u00e1rodn\u00ed centrum kultury a&nbsp;Polsk\u00fd institut v&nbsp;Praze, kter\u00e9 ke spolupr\u00e1ci p\u0159izvalo osm um\u011blc\u016f z\u00a0Polska a&nbsp;\u010ceska. Ti se v\u00a0\u010dervenci setkali v\u00a0m\u00edstech, kde Solidarita vznikla \u2013 v\u00a0gda\u0148sk\u00fdch lod\u011bnic\u00edch, ale tak\u00e9 v\u00a0Praze, kde nav\u0161t\u00edvili alternativn\u00ed galerie a&nbsp;m\u00edsta spojen\u00e1 se street artem. Ka\u017ed\u00fd z\u00a0nich p\u0159ipravil sv\u016fj projekt inspirovan\u00fd polsk\u00fdmi a&nbsp;\u010deskoslovensk\u00fdmi protire\u017eimn\u00edmi akcemi. Studio Good Looking z\u00a0nich stvo\u0159ilo kol\u00e1\u017e a&nbsp;jeho t\u00fdm te\u010f muraly za\u010d\u00edn\u00e1 na dvou budov\u00e1ch malovat. Na \u010desk\u00e9 stran\u011b se do p\u0159\u00edprav od za\u010d\u00e1tku zapojila tak\u00e9 m\u011bstsk\u00e1 \u010d\u00e1st Praha&nbsp;7, kter\u00e1 nab\u00eddla st\u011bnu na budov\u011b domu s\u00a0pe\u010dovatelskou slu\u017ebou v\u00a0ul. Tusarova 42. Ve Var\u0161av\u011b vznik\u00e1 druh\u00e1 \u010d\u00e1st malby v\u00a0ulici Sienna 45.<\/p>\r\n<p><em>\u201eUm\u011bn\u00ed dovede p\u0159ekon\u00e1vat \u010das i&nbsp;hranice. Nov\u011b vznikaj\u00edc\u00ed \u010desko-polsk\u00fd mural odkazuje na obt\u00ed\u017en\u00e9 obdob\u00ed totality, kdy si na\u0161e dva n\u00e1rody p\u0159es \u010detn\u00e9 z\u00e1kazy a&nbsp;omezen\u00ed dok\u00e1zaly vz\u00e1jemn\u011b pom\u00e1hat p\u0159i sv\u00e9 cest\u011b za svobodou. Pro um\u00edst\u011bn\u00ed muralu jsme vybrali d\u016fm s&nbsp;pe\u010dovatelskou slu\u017ebou, co\u017e projektu d\u00e1v\u00e1 tak\u00e9 zaj\u00edmav\u00fd mezigenera\u010dn\u00ed p\u0159esah. Obyvatel\u00e9 domu mohou prost\u0159ednictv\u00edm sou\u010dasn\u00e9ho street artu zavzpom\u00ednat na dobu, kdy n\u00e1pis \u010di obr\u00e1zek na zdi \u010dasto slou\u017eil jako prost\u0159edek odporu proti \u00fatlaku,\u201c<\/em> uvedla <em><strong>m\u00edstostarostka Prahy&nbsp;7 Hana T\u0159e\u0161t\u00edkov\u00e1<\/strong><\/em>.\u00a0\u00a0<\/p>\r\n<p><em>\u201eNa st\u011bn\u011b se objevuj\u00ed r\u016fzn\u00e9 motivy \u2013 a\u0165 u\u017e jsou to d\u011blnick\u00e9 st\u00e1vky, d\u016fle\u017eit\u00e1 role \u017een v\u00a0hnut\u00ed Solidarita, alternativn\u00ed kultura nebo \u010desk\u00e9 prvky. Kdo si malbu pozorn\u011b prohl\u00e9dne, najde v\u00a0Tusarov\u011b nejen motivy z\u00a0gda\u0148sk\u00fdch lod\u011bnic z\u00a0roku 1980, ale i&nbsp;demonstranty zapln\u011bn\u00e9 V\u00e1clavsk\u00e9 n\u00e1m\u011bst\u00ed, jeden z\u00a0d\u016fle\u017eit\u00fdch obraz\u016f sametov\u00e9 revoluce, ve var\u0161avsk\u00e9 \u010d\u00e1sti zase motiv spojen\u00fd s\u00a0Chartou 77,\u201c<\/em> dod\u00e1v\u00e1 <em><strong>\u0159editel Polsk\u00e9ho institutu Maciej Ruczaj<\/strong><\/em>. <em>\u201eP\u016fvodn\u011b m\u011bl b\u00fdt mural hotov\u00fd v\u00a0kv\u011btnu, na Sv\u011bt knihy, kde Polsko bylo hlavn\u00ed zem\u00ed. Pl\u00e1ny ale zm\u011bnila omezen\u00ed a&nbsp;uzav\u0159en\u00ed hranic v\u00a0souvislosti s\u00a0koronavirem.\u201c<\/em><\/p>\r\n<p>Autory muralu jsou na \u010desk\u00e9 stran\u011b ilustr\u00e1to\u0159i a&nbsp;grafici Aliona Baranova, Barbora Idesov\u00e1, Marek Kulhav\u00fd a&nbsp;Martina Fischmeister, na stran\u011b polsk\u00e9 pak Olga Fedirko, Kinga Offert, Kasia Majewska a&nbsp;Karol Banach. <em>\u201eP\u0159\u00edb\u011bh spojen\u00fd s\u00a0ob\u010dansk\u00fdm hnut\u00edm, jeho\u017e aktivita vedla k\u00a0tak velk\u00fdm spole\u010densk\u00fdm a&nbsp;politick\u00fdm zm\u011bn\u00e1m, je neuv\u011b\u0159iteln\u011b siln\u00fd. A&nbsp;proto jsme r\u00e1di, \u017ee ho p\u0159ipomene tento unik\u00e1tn\u00ed mezin\u00e1rodn\u00ed projekt \u2013 podobn\u00fd jsme zat\u00edm nerealizovali,\u201c<\/em> \u0159\u00edk\u00e1 <strong><em>Bartek Le\u015bniewski ze studia Good Looking<\/em><\/strong>, kter\u00e9 se na muraly \u2013 v\u00a0Polsku velmi obl\u00edben\u00e9 a&nbsp;\u010dast\u00e9 v\u00a0mnoha m\u011bstech \u2013 zam\u011b\u0159uje. Velkoplo\u0161n\u00e9 malby na domech v\u00a0Praze a&nbsp;Var\u0161av\u011b by m\u011bly vzniknout b\u011bhem \u0159\u00edjna.<\/p>\r\n<p>Projekt \u201e40 let Solidarity \/ M\u00ed\u0159it vysoko \u2013 kulturn\u00ed st\u011bna\u201c byl podpo\u0159en polsk\u00fdm Ministerstvem kultury a&nbsp;n\u00e1rodn\u00edho d\u011bdictv\u00ed z\u00a0programu Inspiruj\u00edc\u00ed kultura.<\/p>\r\n<p>Spoluorganiz\u00e1to\u0159i projektu: Narodowe Centrum Kultury, Good Looking, M\u010c Praha&nbsp;7, Polsk\u00fd institut v\u00a0Praze, Sv\u011bt knihy<\/p>\r\n<p>&nbsp;<\/p>\r\n<p><em>D\u016fm s&nbsp;pe\u010dovatelskou slu\u017ebou v&nbsp;ul. Tusarova 42\u00a0<\/em><\/p>\r\n<p><img loading=\"lazy\" src=\"https:\/\/www.praha7.cz\/wp-content\/uploads\/2020\/10\/Tusarova-42.jpg\" alt=\"\" width=\"1280\" height=\"960\" class=\"alignnone size-full wp-image-42298\" srcset=\"https:\/\/www.praha7.cz\/wp-content\/uploads\/2020\/10\/Tusarova-42.jpg 1280w, https:\/\/www.praha7.cz\/wp-content\/uploads\/2020\/10\/Tusarova-42-533x400.jpg 533w, https:\/\/www.praha7.cz\/wp-content\/uploads\/2020\/10\/Tusarova-42-768x576.jpg 768w\" sizes=\"(max-width: 1280px) 100vw, 1280px\" \/><\/p>","protected":false},"excerpt":{"rendered":"[perex] Vznik hnut\u00ed Solidarita v\u00a0roce 1980, spolupr\u00e1ci polsk\u00e9ho a&nbsp;\u010deskoslovensk\u00e9ho disentu a&nbsp;cestu st\u0159edn\u00ed Evropy ke svobod\u011b v\u00a0roce 1989 p\u0159ipomene mural v\u00a0Tusarov\u011b ulici\u00a0v\u00a0Praze 7. Jeho autory jsou mlad\u00ed \u010de\u0161t\u00ed a&nbsp;pol\u0161t\u00ed v\u00fdtvarnici. Jedna polovina vznikne v\u00a0Praze, druh\u00e1 ve stejn\u00e9 dob\u011b ve Var\u0161av\u011b. [\/perex] S\u00a0n\u00e1padem p\u0159i\u0161lo polsk\u00e9 N\u00e1rodn\u00ed centrum kultury a&nbsp;Polsk\u00fd institut v&nbsp;Praze, kter\u00e9 ke spolupr\u00e1ci p\u0159izvalo osm um\u011blc\u016f [&hellip;]","protected":false},"author":5,"featured_media":42305,"comment_status":"closed","ping_status":"open","sticky":false,"template":"","format":"standard","meta":[],"categories":[34,74],"tags":[],"_links":{"self":[{"href":"https:\/\/www.praha7.cz\/api\/wp\/v2\/posts\/42296"}],"collection":[{"href":"https:\/\/www.praha7.cz\/api\/wp\/v2\/posts"}],"about":[{"href":"https:\/\/www.praha7.cz\/api\/wp\/v2\/types\/post"}],"author":[{"embeddable":true,"href":"https:\/\/www.praha7.cz\/api\/wp\/v2\/users\/5"}],"replies":[{"embeddable":true,"href":"https:\/\/www.praha7.cz\/api\/wp\/v2\/comments?post=42296"}],"version-history":[{"count":5,"href":"https:\/\/www.praha7.cz\/api\/wp\/v2\/posts\/42296\/revisions"}],"predecessor-version":[{"id":42309,"href":"https:\/\/www.praha7.cz\/api\/wp\/v2\/posts\/42296\/revisions\/42309"}],"wp:featuredmedia":[{"embeddable":true,"href":"https:\/\/www.praha7.cz\/api\/wp\/v2\/media\/42305"}],"wp:attachment":[{"href":"https:\/\/www.praha7.cz\/api\/wp\/v2\/media?parent=42296"}],"wp:term":[{"taxonomy":"category","embeddable":true,"href":"https:\/\/www.praha7.cz\/api\/wp\/v2\/categories?post=42296"},{"taxonomy":"post_tag","embeddable":true,"href":"https:\/\/www.praha7.cz\/api\/wp\/v2\/tags?post=42296"}],"curies":[{"name":"wp","href":"https:\/\/api.w.org\/{rel}","templated":true}]}}