    
{"id":4227,"date":"2016-02-24T13:04:14","date_gmt":"2016-02-24T12:04:14","guid":{"rendered":"https:\/\/praha7.cz\/?p=4227"},"modified":"2017-08-25T09:35:55","modified_gmt":"2017-08-25T07:35:55","slug":"bohacuv-sen-i","status":"publish","type":"post","link":"https:\/\/www.praha7.cz\/bohacuv-sen-i\/","title":{"rendered":"Boh\u00e1\u010d\u016fv sen I."},"content":{"rendered":"<p>[perex]<\/p><p><span style=\"color: #ff0000\";>V\u00fdstavnictv\u00ed a&nbsp;veletrhy maj\u00ed v\u00a0Praze dlouhou tradici, kter\u00e1 je od konce 19.&nbsp;stolet\u00ed spojena p\u0159edev\u0161\u00edm s\u00a0Prahou 7. Vybudov\u00e1n\u00ed v\u00fdstavi\u0161t\u011b v\u00a0Kr\u00e1lovsk\u00e9 obo\u0159e a&nbsp;uspo\u0159\u00e1d\u00e1n\u00ed velk\u00fdch celon\u00e1rodn\u00edch v\u00fdstav v\u00a0letech 1891, 1895, 1898 a&nbsp;1908 p\u0159ineslo rozhoduj\u00edc\u00ed impulz i&nbsp;pro celou \u0159adu dal\u0161\u00edch veletr\u017en\u00edch akc\u00ed v\u00a0hlavn\u00edm m\u011bst\u011b.<\/span><\/p><p>[\/perex]<\/p><p>Bubene\u010dsk\u00e9 v\u00fdstavi\u0161t\u011b hostilo mnoho akc\u00ed i\u00a0po velk\u00fdch v\u00fdstav\u00e1ch konce 19.&nbsp;stolet\u00ed, jeho \u010dinnost v\u00a0tomto sm\u011bru p\u0159eru\u0161ila a\u017e prvn\u00ed sv\u011btov\u00e1 v\u00e1lka. Potenci\u00e1l pro po\u0159\u00e1d\u00e1n\u00ed v\u00fdstav a\u00a0veletrh\u016f zde v\u0161ak existoval i\u00a0nad\u00e1le, proto se t\u00e9m\u011b\u0159 ihned po vzniku \u010ceskoslovenska objevily snahy z\u0159\u00eddit v\u00a0Praze spole\u010dnost, kter\u00e1 by organizov\u00e1n\u00ed veletr\u017en\u00edch akc\u00ed zast\u0159e\u0161ovala. Skute\u010dn\u011b ji\u017e v\u00a0dubnu 1920 dala vl\u00e1da m\u011bstu mand\u00e1t, aby \u201ez\u0159\u00eddilo k\u00a0op\u011btn\u00e9mu vybudov\u00e1n\u00ed a\u00a0zveleben\u00ed hospod\u00e1\u0159sk\u00e9ho \u017eivota \u00fastav pro pra\u017esk\u00e9 vzorkov\u00e9 veletrhy\u201c. Vznikl tak podnik Pra\u017esk\u00e9 vzorkov\u00e9 veletrhy (PVV), jak\u00e1si p\u0159\u00edsp\u011bvkov\u00e1 organizace hlavn\u00edho m\u011bsta, se z\u00e1kladn\u00edm kapit\u00e1lem dva miliony korun. Za\u010d\u00e1tky PVV i\u00a0pra\u017esk\u00e9ho v\u00fdstavnictv\u00ed obecn\u011b si v\u0161ak nelze p\u0159edstavit bez osobnosti PhMr. V\u00e1clava Boh\u00e1\u010de. Pr\u00e1v\u011b s\u00a0jeho anga\u017em\u00e1 je spojena zlat\u00e1 \u00e9ra pra\u017esk\u00fdch veletrh\u016f a\u00a0do zna\u010dn\u00e9 m\u00edry i\u00a0jejich \u00fapadek.\u00a0<\/p>\r\n<p>&nbsp;<\/p>\r\n<h3>Pan Veletrh<\/h3>\r\n<p>V\u00e1clav Boh\u00e1\u010d se narodil v\u00a0\u010dervnu 1874 v\u00a0Hradci Kr\u00e1lov\u00e9, kde absolvoval gymn\u00e1zium. K\u00a0v\u00fdstavnictv\u00ed p\u0159i\u010dichl b\u011bhem sv\u00fdch studi\u00ed farmacie v\u00a0Praze v\u00a0polovin\u011b 90.&nbsp;let 19.&nbsp;stolet\u00ed v\u00a0dob\u011b kon\u00e1n\u00ed N\u00e1rodopisn\u00e9 v\u00fdstavy. Pozd\u011bji s\u00e1m vzpom\u00ednal: \u201ePo t\u00e9to v\u00fdstav\u011b odebral jsem se p\u011b\u0161ky z\u00a0Roudnice do Lipska, kde poprv\u00e9 jsem studoval organizaci Lipsk\u00e9ho veletrhu a\u00a0v\u011bnoval jsem se i\u00a0studiu hansovn\u00edch m\u011bst \u0159\u00ed\u0161skon\u011bmeck\u00fdch. Tu ji\u017e jsem myslil na to, zalo\u017eiti, resp. obnoviti, veletrh, kter\u00fd by p\u0159ekonal veletrh ze slavn\u00e9 \u00e9ry P\u0159emyslovc\u016f.\u201c<\/p>\r\n<p>Boh\u00e1\u010d za\u010dal sv\u00e9 vize napl\u0148ovat u\u017e v\u00a0roce 1908 jako \u010dlen v\u00fdstavn\u00edho v\u00fdboru p\u0159i posledn\u00ed velk\u00e9 akci na v\u00fdstavi\u0161ti \u2013 V\u00fdstav\u011b obchodn\u00ed a\u00a0\u017eivnostensk\u00e9 komory pra\u017esk\u00e9. Aktivn\u00ed byl ale i\u00a0ve sv\u00e9 p\u016fvodn\u00ed profesi, farmacii, na po\u010d\u00e1tku stolet\u00ed vydal n\u011bkolik odborn\u00fdch spis\u016f a\u00a0vedl tak\u00e9 redakci \u010dasopisu L\u00e9k\u00e1rnick\u00e9 rozhledy. Ciz\u00ed nebylo Boh\u00e1\u010dovi ani anga\u017em\u00e1 v\u00a0politice, naopak se mu v\u00a0uskute\u010d\u0148ov\u00e1n\u00ed jeho z\u00e1m\u011br\u016f velice hodilo. V\u00a0ji\u017e vzpom\u00ednan\u00e9m roce 1908 byl \u010dlenem m\u011bstsk\u00e9 rady, do pra\u017esk\u00e9ho zastupitelstva byl zvolen i\u00a0v\u00a0prvn\u00edch pov\u00e1le\u010dn\u00fdch volb\u00e1ch v\u00a0roce 1919. Nen\u00ed tedy divu, \u017ee se jako hlavn\u00ed inici\u00e1tor stal jedn\u00edm ze z\u00e1stupc\u016f m\u011bsta v\u00a0PVV a\u00a0jako p\u0159edseda spr\u00e1vn\u00ed rady jejich faktick\u00fdm \u0161\u00e9fem.<\/p>\r\n<p>Prvn\u00ed Pra\u017esk\u00fd vzorkov\u00fd veletrh se i\u00a0d\u00edky entuziasmu PhMr. Boh\u00e1\u010de a\u00a0jeho spolupracovn\u00edk\u016f uskute\u010dnil uprost\u0159ed vnit\u0159n\u00edch i\u00a0mezin\u00e1rodn\u00edch politick\u00fdch turbulenc\u00ed v\u00a0z\u00e1\u0159\u00ed 1920 v\u00a0are\u00e1lu v\u00fdstavi\u0161t\u011b ve Stromovce. B\u011bhem slavnostn\u00edho zah\u00e1jen\u00ed pronesli projevy nap\u0159\u00edklad prim\u00e1tor Prahy dr. Karel Baxa nebo tehdej\u0161\u00ed premi\u00e9r Vlastimil Tusar. Prvn\u00ed veletrh, jakkoli \u00fasp\u011b\u0161n\u00fd z\u00a0hlediska uzav\u0159en\u00fdch kontrakt\u016f i\u00a0v\u00fdd\u011blku pro PVV, byl v\u0161ak ve\u0159ejnost\u00ed p\u0159ijat pon\u011bkud rozporupln\u011b. Pra\u017ean\u00e9 nebyli na tento typ v\u00fdstavy zvykl\u00ed, domn\u00edvali se, \u017ee zde bude mo\u017en\u00e9 nakoupit maloobchodn\u00ed zbo\u017e\u00ed. V\u00fdstava ov\u0161em byla ur\u010dena p\u0159edev\u0161\u00edm pro uzav\u00edr\u00e1n\u00ed velk\u00fdch obchod\u016f mezi v\u00fdrobci zbo\u017e\u00ed a\u00a0obchodn\u00edky. Po prvn\u00edm veletrhu bylo rozhodnuto, \u017ee dal\u0161\u00ed se budou konat v\u017edy dvakr\u00e1t ro\u010dn\u011b \u2013 na ja\u0159e a\u00a0na podzim.<\/p>\r\n<p>Finan\u010dn\u00ed \u00fasp\u011bchy prvn\u00edch veletrh\u016f byly bezesporu pozitivn\u00ed, na druhou stranu se ji\u017e tehdy za\u010dalo veden\u00ed PVV pot\u00fdkat s\u00a0n\u011bkter\u00fdmi problematick\u00fdmi projekty \u2013 velmi prod\u011ble\u010dn\u00fd byl nap\u0159\u00edklad veletr\u017en\u00ed vlak, kter\u00fd propagoval veletrhy v\u00a0ji\u017en\u00ed Evrop\u011b, sporn\u00fd byl i\u00a0n\u00e1kup luxusn\u00edch automobil\u016f pro pot\u0159eby PVV. Podnik byl tak\u00e9 kritizov\u00e1n za nadm\u011brn\u00fd po\u010det zam\u011bstnanc\u016f.<\/p>\r\n<p>&nbsp;<\/p>\r\n<h3>Obchodn\u00ed City<\/h3>\r\n<p>Ji\u017e od po\u010d\u00e1tku dvac\u00e1t\u00fdch let lobboval V\u00e1clav Boh\u00e1\u010d za po\u0159\u00edzen\u00ed vlastn\u00ed v\u00fdstavn\u00ed budovy a\u00a0z\u00e1zem\u00ed pro PVV. Nejprve se pokou\u0161el z\u00edskat pozemky v\u00a0centru m\u011bsta \u2013 mezi Jind\u0159i\u0161skou ulic\u00ed a\u00a0P\u0159\u00edkopy nebo na m\u00edst\u011b dne\u0161n\u00edho obchodn\u00edho domu Kotva. Nakonec vzal zavd\u011bk pozemky na obou stran\u00e1ch dne\u0161n\u00ed Veletr\u017en\u00ed ulice nad k\u0159\u00ed\u017een\u00edm s\u00a0B\u011blsk\u00e9ho t\u0159\u00eddou (dnes\u00a0 Dukelsk\u00fdch hrdin\u016f), kde tehdy st\u00e1ly objekty zru\u0161en\u00e9 tov\u00e1rny na hospod\u00e1\u0159sk\u00e9 stroje F. Melichara-Umratha. Pro v\u00fdstavbu objektu vznikla zvl\u00e1\u0161tn\u00ed organizace s\u00a0n\u00e1zvem Stavebn\u00ed dru\u017estvo pro v\u00fdstavbu obchodn\u00edch dom\u016f v\u00a0Praze. P\u0159\u00edzna\u010dn\u00e9 bylo, \u017ee n\u00e1kup pozemk\u016f za t\u00e9m\u011b\u0159 sedm milion\u016f korun nebyl tehdy projedn\u00e1n ve vrcholn\u00fdch org\u00e1nech dru\u017estva, kter\u00e9 nav\u00edc zaplatilo v\u00a0hotovosti pouze cca 30 procent z\u00a0ceny.<\/p>\r\n<p>V\u00e1clav Boh\u00e1\u010d byl velice ambici\u00f3zn\u00ed a\u00a0tomu odpov\u00eddal i\u00a0koncept are\u00e1lu pra\u017esk\u00e9 \u201eobchodn\u00ed City\u201c. Krom\u011b st\u00e1l\u00fdch v\u00fdstavn\u00edch budov zde m\u011bly vyr\u016fst i\u00a0st\u00e1l\u00e9 vzorkovny, skladi\u0161t\u011b, exportn\u00ed kancel\u00e1\u0159e firem, hotel s\u00a0restaurac\u00ed, po\u0161ta, byty pro zam\u011bstnance a\u00a0podobn\u011b. \u010cty\u0159i hlavn\u00ed budovy komplexu byly ozna\u010deny p\u00edsmeny A\u2013D, p\u0159i\u010dem\u017e celkov\u00fd pl\u00e1novan\u00fd rozpo\u010det \u010dinil 190 milion\u016f korun.\u00a0\u00a0\u00a0\u00a0\u00a0<\/p>\r\n<p>N\u00e1sledn\u011b bylo rozhodnuto, \u017ee prvn\u00ed stavbou cel\u00e9ho komplexu bude takzvan\u00fd I. veletr\u017en\u00ed pal\u00e1c, ozna\u010dovan\u00fd v\u00a0pl\u00e1nu jako budova A, kter\u00fd m\u011bl b\u00fdt dokon\u010den nejpozd\u011bji pro podzimn\u00ed veletrh v\u00a0roce 1927. Stavba za\u010dala v\u00fdkopov\u00fdmi pracemi 19.&nbsp;b\u0159ezna 1925. V\u00a0tomto roce nechala PVV tak\u00e9 upravit prostor na prot\u011bj\u0161\u00ed stran\u011b ulice (v\u00a0m\u00edstech, kde dnes stoj\u00ed Parkhotel a\u00a0policejn\u00ed prezidium) a\u00a0vybudovala zde patn\u00e1ct men\u0161\u00edch pavilon\u016f takzvan\u00e9ho Nov\u00e9ho v\u00fdstavi\u0161t\u011b, pro kter\u00e9 se ov\u0161em z\u00e1hy v\u017eil n\u00e1zev Radiotrh podle typu zbo\u017e\u00ed, je\u017e zde bylo p\u0159ev\u00e1\u017en\u011b nab\u00edzeno, a\u00a0to i\u00a0mimo pravideln\u00e9 v\u00fdstavn\u00ed akce.<\/p>\r\n<p>V\u00a0pr\u016fb\u011bhu roku 1925 pokra\u010dovala stavba pal\u00e1ce, probl\u00e9my ov\u0161em zp\u016fsobovalo geologick\u00e9 podlo\u017e\u00ed. Jako velice problematick\u00e9 se z\u00e1hy uk\u00e1zalo i\u00a0financov\u00e1n\u00ed stavby. Ji\u017e od po\u010d\u00e1tku byly investice do objektu hrazeny z\u00a0\u00fav\u011br\u016f, kter\u00e9 se ov\u0161em da\u0159ilo z\u00edsk\u00e1vat \u010d\u00edm d\u00e1l t\u00edm obt\u00ed\u017en\u011bji. U\u017e v\u00a0roce 1926 tak n\u011bkolikr\u00e1t do\u0161lo k\u00a0pozastaven\u00ed stavebn\u00edch prac\u00ed pr\u00e1v\u011b kv\u016fli nedostatku finan\u010dn\u00edch prost\u0159edk\u016f. Nakonec se poda\u0159ilo vyjednat hypote\u010dn\u00ed \u00fav\u011br ve v\u00fd\u0161i 36 milion\u016f K\u010d u\u00a0Pra\u017esk\u00e9 m\u011bstsk\u00e9 spo\u0159itelny a\u00a014 milion\u016f u\u00a0Legiobanky, za kter\u00e9 osobn\u011b ru\u010dil PhMr. Boh\u00e1\u010d. Za\u010d\u00ednalo b\u00fdt z\u0159ejm\u00e9, \u017ee ne\u00fam\u011brn\u00e9 n\u00e1klady na v\u00fdstavbu pal\u00e1ce se d\u0159\u00edve nebo pozd\u011bji stanou obrovsk\u00fdm probl\u00e9mem.<\/p>\r\n<p>Navenek se ale zd\u00e1 b\u00fdt v\u0161e v\u00a0nejlep\u0161\u00edm po\u0159\u00e1dku. V\u00fdstavba pal\u00e1ce (by\u0165 u\u017e \u201eve skluzu\u201c) prob\u00edh\u00e1 a\u00a0pravideln\u00e9 vzorkov\u00e9 veletrhy na star\u00e9m i\u00a0nov\u00e9m v\u00fdstavi\u0161ti kon\u010d\u00edvaj\u00ed m\u00edrn\u00fdm ziskem. Budoucnost v\u0161ak nevypad\u00e1 r\u016f\u017eov\u011b.\u00a0<\/p>\r\n<hr \/>\r\n<p>1 N\u00e1kres ambici\u00f3zn\u00edho projektu<\/p>\r\n<p>\u201epra\u017esk\u00e9 obchodn\u00ed City\u201c, vlevo nov\u00e9 v\u00fdstavi\u0161t\u011b s\u00a0dv\u011bma veletr\u017en\u00edmi pal\u00e1ci<\/p>\r\n<p>a dal\u0161\u00edmu budovami, vpravo are\u00e1l star\u00e9ho v\u00fdstavi\u0161t\u011b.<\/p>\r\n<p>&nbsp;<\/p>\r\n<p>2 Reklamn\u00ed plak\u00e1t zvouc\u00ed na<\/p>\r\n<p>9.&nbsp;podzimn\u00ed veletrh v\u00a0roce 1925.<\/p>\r\n<p>&nbsp;<\/p>\r\n<p>3 Boh\u00e1\u010d se anga\u017eoval ji\u017e p\u0159i V\u00fdstav\u011b obchodn\u00ed a&nbsp;\u017eivnostensk\u00e9 komory pra\u017esk\u00e9 v\u00a0roce 1908. Na obr\u00e1zku tituln\u00ed list v\u00fdstavn\u00edho katalogu, kter\u00fd sestavoval pr\u00e1v\u011b Boh\u00e1\u010d.<\/p>\r\n<p>&nbsp;<\/p>\r\n<p>4 Rozestav\u011bn\u00fd I. veletr\u017en\u00ed pal\u00e1c<\/p>\r\n<p>v\u00a0roce 1928.\u00a0\u00a0\u00a0<\/p>\r\n<p>&nbsp;<\/p>\r\n<p>5 Pohled na Nov\u00e9 v\u00fdstavi\u0161t\u011b,<\/p>\r\n<p>tzv. Radiotrh, z\u00a0rozestav\u011bn\u00e9ho Veletr\u017en\u00edho pal\u00e1ce.\u00a0\u00a0<\/p>\r\n<p>&nbsp;<\/p>\r\n<p>6 PhMr. V\u00e1clav Boh\u00e1\u010d (1874\u20131935), hlavn\u00ed organiz\u00e1tor pra\u017esk\u00e9ho veletr\u017en\u00edho \u017eivota, v\u00a0prvn\u00edch desetilet\u00edch 20.&nbsp;stolet\u00ed.<\/p>\r\n<hr \/>\r\n<p>Dokon\u010den\u00ed p\u0159\u00ed\u0161t\u011b.<\/p>\r\n<p>&nbsp;<\/p>","protected":false},"excerpt":{"rendered":"[perex]V\u00fdstavnictv\u00ed a&nbsp;veletrhy maj\u00ed v\u00a0Praze dlouhou tradici, kter\u00e1 je od konce 19.&nbsp;stolet\u00ed spojena p\u0159edev\u0161\u00edm s\u00a0Prahou 7. Vybudov\u00e1n\u00ed v\u00fdstavi\u0161t\u011b v\u00a0Kr\u00e1lovsk\u00e9 obo\u0159e a&nbsp;uspo\u0159\u00e1d\u00e1n\u00ed velk\u00fdch celon\u00e1rodn\u00edch v\u00fdstav v\u00a0letech 1891, 1895, 1898 a&nbsp;1908 p\u0159ineslo rozhoduj\u00edc\u00ed impulz i&nbsp;pro celou \u0159adu dal\u0161\u00edch veletr\u017en\u00edch akc\u00ed v\u00a0hlavn\u00edm m\u011bst\u011b.[\/perex]Bubene\u010dsk\u00e9 v\u00fdstavi\u0161t\u011b hostilo mnoho akc\u00ed i\u00a0po velk\u00fdch v\u00fdstav\u00e1ch konce 19.&nbsp;stolet\u00ed, jeho \u010dinnost v\u00a0tomto sm\u011bru p\u0159eru\u0161ila a\u017e prvn\u00ed [&hellip;]","protected":false},"author":2,"featured_media":4230,"comment_status":"open","ping_status":"open","sticky":false,"template":"","format":"standard","meta":[],"categories":[37],"tags":[],"_links":{"self":[{"href":"https:\/\/www.praha7.cz\/api\/wp\/v2\/posts\/4227"}],"collection":[{"href":"https:\/\/www.praha7.cz\/api\/wp\/v2\/posts"}],"about":[{"href":"https:\/\/www.praha7.cz\/api\/wp\/v2\/types\/post"}],"author":[{"embeddable":true,"href":"https:\/\/www.praha7.cz\/api\/wp\/v2\/users\/2"}],"replies":[{"embeddable":true,"href":"https:\/\/www.praha7.cz\/api\/wp\/v2\/comments?post=4227"}],"version-history":[{"count":4,"href":"https:\/\/www.praha7.cz\/api\/wp\/v2\/posts\/4227\/revisions"}],"predecessor-version":[{"id":4393,"href":"https:\/\/www.praha7.cz\/api\/wp\/v2\/posts\/4227\/revisions\/4393"}],"wp:featuredmedia":[{"embeddable":true,"href":"https:\/\/www.praha7.cz\/api\/wp\/v2\/media\/4230"}],"wp:attachment":[{"href":"https:\/\/www.praha7.cz\/api\/wp\/v2\/media?parent=4227"}],"wp:term":[{"taxonomy":"category","embeddable":true,"href":"https:\/\/www.praha7.cz\/api\/wp\/v2\/categories?post=4227"},{"taxonomy":"post_tag","embeddable":true,"href":"https:\/\/www.praha7.cz\/api\/wp\/v2\/tags?post=4227"}],"curies":[{"name":"wp","href":"https:\/\/api.w.org\/{rel}","templated":true}]}}