    
{"id":42012,"date":"2020-09-25T09:27:21","date_gmt":"2020-09-25T07:27:21","guid":{"rendered":"https:\/\/www.praha7.cz\/?p=42012"},"modified":"2020-10-06T12:56:06","modified_gmt":"2020-10-06T10:56:06","slug":"pozvanka-na-6-radne-zasedani-zastupitelstva-mc-praha-7-2","status":"publish","type":"post","link":"https:\/\/www.praha7.cz\/pozvanka-na-6-radne-zasedani-zastupitelstva-mc-praha-7-2\/","title":{"rendered":"Pozv\u00e1nka na 6.&nbsp;\u0159\u00e1dn\u00e9 zased\u00e1n\u00ed Zastupitelstva M\u010c Praha&nbsp;7"},"content":{"rendered":"<p style=\"text-align: justify;\">[perex]<\/p>\r\n<p style=\"text-align: justify;\">6.&nbsp;\u0159\u00e1dn\u00e9 zased\u00e1n\u00ed Zastupitelstva M\u010c Praha&nbsp;7 se kon\u00e1 v&nbsp;pond\u011bl\u00ed dne 5.&nbsp;\u0159\u00edjna 2020 od 17:00 hodin.<\/p>\r\n<p style=\"text-align: justify;\">Online p\u0159enos naleznete <a href=\"https:\/\/youtu.be\/FGJK1_quVtQ\">zde<\/a>.<\/p>\r\n<p style=\"text-align: justify;\">Materi\u00e1ly ke sta\u017een\u00ed jsou k\u00a0dispozici pod eviden\u010dn\u00edmi \u010d\u00edsly u\u00a0n\u00e1zv\u016f jednotliv\u00fdch bod\u016f.\u00a0<\/p>\r\n<p style=\"text-align: justify;\">[\/perex]<\/p>\r\n<p style=\"text-align: justify;\"><strong>Program 6.\u00a0\u0159\u00e1dn\u00e9ho zased\u00e1n\u00ed Zastupitelstva M\u010c Praha\u00a07\u00a0<\/strong><\/p>\r\n<ul style=\"text-align: justify;\">\r\n\t<li>Pravideln\u00fd bod programu za\u0159azen\u00fd za bod \u010d. 2 \u2013 Dotazy a&nbsp;p\u0159ipom\u00ednky ob\u010dan\u016f 1<\/li>\r\n\t<li>Pravideln\u00fd bod programu za\u0159azen\u00fd pevn\u011b na 18 hodinu \u2013 Dotazy a&nbsp;p\u0159ipom\u00ednky ob\u010dan\u016f 2<\/li>\r\n<\/ul>\r\n<p style=\"text-align: justify;\"><strong>1.\u00a0<\/strong> Zah\u00e1jen\u00ed &#8211; schv\u00e1len\u00ed programu<\/p>\r\n<p style=\"text-align: justify;\"><strong>2.\u00a0<\/strong> Volba n\u00e1vrhov\u00e9ho v\u00fdboru<\/p>\r\n<p style=\"text-align: justify;\"><strong>3.<\/strong>\u00a0 N\u00c1VRH na poskytnut\u00ed\u00a0v\u011bcn\u00e9ho daru slo\u017ek\u00e1m integrovan\u00e9ho z\u00e1chrann\u00e9ho syst\u00e9mu &#8211; <a href=\"https:\/\/www.praha7.cz\/wp-content\/uploads\/2020\/09\/1651.zip\">\u010d. 1651<\/a><\/p>\r\n<p style=\"text-align: justify;\"><strong>4.\u00a0<\/strong> N\u00c1VRH na volbu p\u0159edsedy V\u00fdboru pro vzd\u011bl\u00e1v\u00e1n\u00ed, soci\u00e1ln\u00ed politiku a&nbsp;zdravotnictv\u00ed Zastupitelstva M\u010c Praha&nbsp;7 pro volebn\u00ed obdob\u00ed 2018 \u2013 2022 &#8211; <a href=\"https:\/\/www.praha7.cz\/wp-content\/uploads\/2020\/09\/1653.zip\">\u010d. 1653<\/a><\/p>\r\n<p style=\"text-align: justify;\"><strong>5.<\/strong> N\u00c1VRH na \u00faplatn\u00fd p\u0159evod spoluvlastnick\u00e9ho pod\u00edlu id. 2\/6 pozemku parc. \u010d. 1587 jeho\u017e sou\u010d\u00e1st\u00ed je stavba bytov\u00e9ho domu \u010d.p. 587, na adrese U&nbsp;Stud\u00e1nky 10, Praha&nbsp;7, v\u011bt\u0161inov\u00e9mu spoluvlastn\u00edkovi panu Patriku Radimu Urbanovi, v&nbsp;n\u00e1vaznosti na prob\u011bhl\u00e1 jedn\u00e1n\u00ed a&nbsp;p\u0159edchoz\u00ed usnesen\u00ed Zastupitelstva M\u010c Praha&nbsp;7 &#8211; <a href=\"http:\/\/file.praha7.cz\/odbory\/kst\/1649.zip\">\u010d. 1649<\/a><\/p>\r\n<p style=\"text-align: justify;\"><strong>6.\u00a0<\/strong> N\u00c1VRH na zve\u0159ejn\u011bn\u00ed z\u00e1m\u011bru uzav\u0159en\u00ed Dohody o&nbsp;zru\u0161en\u00ed a&nbsp;vypo\u0159\u00e1d\u00e1n\u00ed spoluvlastnictv\u00ed rozd\u011blen\u00edm pr\u00e1va k&nbsp;nemovit\u00e9 v\u011bci na vlastnick\u00e9 pr\u00e1vo k&nbsp;jednotk\u00e1m za \u00fa\u010delem vypo\u0159\u00e1d\u00e1n\u00ed pod\u00edlov\u00e9ho spoluvlastnictv\u00ed pozemku parc. \u010d. 618 o&nbsp;v\u00fdm\u011b\u0159e 308 m2, jeho\u017e sou\u010d\u00e1st\u00ed je stavba bytov\u00e9ho domu \u010d.p. 798, na adrese Plyn\u00e1rn\u00ed 39, v&nbsp;k.\u00fa. Hole\u0161ovice, mezi M\u010c Praha&nbsp;7 a&nbsp;ostatn\u00edm spoluvlastn\u00edky &#8211; <a href=\"https:\/\/www.praha7.cz\/wp-content\/uploads\/2020\/09\/1652.zip\">\u010d. 1652<\/a><\/p>\r\n<p style=\"text-align: justify;\"><strong>7.<\/strong>\u00a0 N\u00c1VRH stanoviska M\u010c Praha&nbsp;7 k&nbsp;aktualizaci po\u0159izovan\u00e9 zm\u011bny \u00dazemn\u00edho pl\u00e1nu zkr\u00e1cen\u00fdm postupem v&nbsp;k. \u00fa. Hole\u0161ovice podan\u00fd navrhovatelem HALL s. r. o. prost\u0159ednictv\u00edm m\u011bstsk\u00e9 \u010d\u00e1sti pro pozemky vymezen\u00e9 ulicemi Jankovcova a&nbsp;Na Manin\u00e1ch a&nbsp;U&nbsp;Pergamenky &#8211; <a href=\"https:\/\/www.praha7.cz\/wp-content\/uploads\/2020\/09\/1648.zip\">\u010d. 1648<\/a><\/p>\r\n<p style=\"text-align: justify;\"><strong>8.<\/strong>\u00a0 N\u00e1vrh z\u00e1m\u011bru na vybudov\u00e1n\u00ed nov\u00e9 Z\u0160 P\u0159adeln\u00ed v\u00a0ulici Jankovcova, Praha&nbsp;7 &#8211; <a href=\"https:\/\/www.praha7.cz\/wp-content\/uploads\/2020\/09\/1661.zip\">\u010d. 1661<\/a><\/p>\r\n<p style=\"text-align: justify;\"><strong>9.\u00a0<\/strong> INFORMACE o&nbsp;\u010dinnosti Rady M\u010c Praha&nbsp;7 a&nbsp;pln\u011bn\u00ed \u00fakol\u016f ulo\u017een\u00fdch Rad\u011b M\u010c Praha&nbsp;7 Zastupitelstvem\u00a0 M\u010c Praha&nbsp;7 v\u00a0obdob\u00ed mezi 5.&nbsp;a&nbsp;6.&nbsp;zased\u00e1n\u00edm Zastupitelstva M\u010c Praha&nbsp;7 v\u00a0roce 2020 &#8211; <a href=\"https:\/\/www.praha7.cz\/wp-content\/uploads\/2020\/09\/1650.zip\">\u010d. 1650<\/a><\/p>\r\n<p style=\"text-align: justify;\"><strong>10. <\/strong>INFORMACE o\u00a0z\u00e1v\u011bre\u010dn\u00e9 zpr\u00e1v\u011b projektu Nov\u00e1 radnice M\u010c Prahy\u00a07 &#8211; <a href=\"https:\/\/www.praha7.cz\/wp-content\/uploads\/2020\/09\/1663.zip\">\u010d. 1663<\/a><\/p>\r\n<p style=\"text-align: justify;\"><strong>11<\/strong>. INFORMACE o&nbsp;\u010derp\u00e1n\u00ed finan\u010dn\u00edch prost\u0159edk\u016f z\u00a0Humanitn\u00edho fondu za 1.&nbsp;pololet\u00ed 2020 &#8211; <a href=\"https:\/\/www.praha7.cz\/wp-content\/uploads\/2020\/09\/1654.zip\">\u010d. 1654<\/a><\/p>\r\n<p style=\"text-align: justify;\"><strong>12.<\/strong> INFORMACE o&nbsp;\u010dinnosti Kontroln\u00edho v\u00fdboru Zastupitelstva M\u010c Praha&nbsp;7 v\u00a0obdob\u00ed\u00a0 mezi 5.&nbsp;a&nbsp;6.&nbsp;zased\u00e1n\u00edm Zastupitelstva M\u010c Praha&nbsp;7 v\u00a0roce 2020 &#8211; <a href=\"https:\/\/www.praha7.cz\/wp-content\/uploads\/2020\/09\/1658.zip\">\u010d. 1658<\/a><\/p>\r\n<p style=\"text-align: justify;\"><strong>13. <\/strong>INFORMACE o&nbsp;\u010dinnosti Finan\u010dn\u00edho v\u00fdboru Zastupitelstva M\u010c Praha&nbsp;7 v\u00a0obdob\u00ed mezi v\u00a0obdob\u00ed mezi a&nbsp;5.&nbsp;a&nbsp;6.&nbsp;zased\u00e1n\u00edm Zastupitelstva M\u010c Praha&nbsp;7 v\u00a0roce 2020 &#8211; <a href=\"https:\/\/www.praha7.cz\/wp-content\/uploads\/2020\/09\/1656.zip\">\u010d. 1656<\/a><\/p>\r\n<p style=\"text-align: justify;\"><strong>14.<\/strong> INFORMACE o&nbsp;\u010dinnosti V\u00fdboru pro\u00a0vzd\u011bl\u00e1v\u00e1n\u00ed, soci\u00e1ln\u00ed politiku a&nbsp;zdravotnictv\u00ed Zastupitelstva M\u010c Praha&nbsp;7 v\u00a0obdob\u00ed mezi\u00a0 5.&nbsp;a&nbsp;6.&nbsp;zased\u00e1n\u00edm Zastupitelstva M\u010c Praha&nbsp;7 v\u00a0roce 2020 &#8211;<a href=\"https:\/\/www.praha7.cz\/wp-content\/uploads\/2020\/09\/1659.zip\"> \u010d. 1659<\/a><\/p>\r\n<p style=\"text-align: justify;\"><strong>15.<\/strong> N\u00c1VRH \u00a0k rozpo\u010dtov\u00e9mu opat\u0159en\u00ed m\u011bs\u00edce \u0159\u00edjna 2020 &#8211; \u00fa\u010delov\u00e1 dotace do rozpo\u010dtu hl. m. Prahy &#8211; motiva\u010dn\u00ed odm\u011bny zam\u011bstnanc\u016fm hlavn\u00edho m\u011bsta Prahy za\u0159azen\u00fdch do org\u00e1n\u016f M\u011bstsk\u00e9 policie hlavn\u00edho m\u011bsta Prahy, Obvodn\u00edho \u0159editelstv\u00ed Praha&nbsp;7, ke zkvalitn\u011bn\u00ed v\u00fdkonu slu\u017eby a&nbsp;stabilizaci person\u00e1ln\u00ed situace &#8211; <a href=\"https:\/\/www.praha7.cz\/wp-content\/uploads\/2020\/09\/1657.zip\">\u010d. 1657<\/a><\/p>\r\n<p style=\"text-align: justify;\"><strong>16.<\/strong> N\u00c1VRH na volbu nov\u00e9ho \u010dlena V\u00fdboru pro vzd\u011bl\u00e1v\u00e1n\u00ed, soci\u00e1ln\u00ed politiku a&nbsp;zdravotnictv\u00ed Zastupitelstva M\u010c Praha&nbsp;7 pro volebn\u00ed obdob\u00ed 2018 \u2013 2022 &#8211; <a href=\"https:\/\/www.praha7.cz\/wp-content\/uploads\/2020\/09\/1664.zip\">\u010d. 1664<\/a><\/p>\r\n<p style=\"text-align: justify;\"><strong>17. <\/strong>Dopisy, adresovan\u00e9 Z\u00a0M\u010c P7<\/p>\r\n<p style=\"text-align: justify;\"><strong>18.<\/strong> R\u016fzn\u00e9<\/p>\r\n<p style=\"text-align: justify;\"><strong>19.<\/strong> Z\u00e1v\u011br \u00a0 \u00a0 \u00a0 \u00a0 \u00a0 \u00a0 \u00a0 \u00a0\u00a0<\/p>\r\n<p style=\"text-align: justify;\"><\/p>\r\n<p style=\"text-align: justify;\">Mgr. Jan \u010ci\u017einsk\u00fd<br \/>\r\nstarosta m\u011bstsk\u00e9 \u010d\u00e1sti Praha&nbsp;7\u00a0\u00a0\u00a0\u00a0\u00a0<\/p>\r\n<p>&nbsp;<\/p>\r\n<p style=\"text-align: justify;\"><a href=\"http:\/\/file.praha7.cz\/odbory\/kst\/6_2020.zip\">Materi\u00e1ly k&nbsp;6.\u00a0\u0159\u00e1dn\u00e9mu zased\u00e1n\u00ed Z\u00a0M\u010c Praha\u00a07<\/a><\/p>","protected":false},"excerpt":{"rendered":"[perex] 6.&nbsp;\u0159\u00e1dn\u00e9 zased\u00e1n\u00ed Zastupitelstva M\u010c Praha&nbsp;7 se kon\u00e1 v&nbsp;pond\u011bl\u00ed dne 5.&nbsp;\u0159\u00edjna 2020 od 17:00 hodin. Online p\u0159enos naleznete zde. Materi\u00e1ly ke sta\u017een\u00ed jsou k\u00a0dispozici pod eviden\u010dn\u00edmi \u010d\u00edsly u\u00a0n\u00e1zv\u016f jednotliv\u00fdch bod\u016f.\u00a0 [\/perex] Program 6.\u00a0\u0159\u00e1dn\u00e9ho zased\u00e1n\u00ed Zastupitelstva M\u010c Praha\u00a07\u00a0 Pravideln\u00fd bod programu za\u0159azen\u00fd za bod \u010d. 2 \u2013 Dotazy a&nbsp;p\u0159ipom\u00ednky ob\u010dan\u016f 1 Pravideln\u00fd bod programu za\u0159azen\u00fd pevn\u011b [&hellip;]","protected":false},"author":14,"featured_media":33780,"comment_status":"closed","ping_status":"open","sticky":false,"template":"","format":"standard","meta":[],"categories":[34],"tags":[],"_links":{"self":[{"href":"https:\/\/www.praha7.cz\/api\/wp\/v2\/posts\/42012"}],"collection":[{"href":"https:\/\/www.praha7.cz\/api\/wp\/v2\/posts"}],"about":[{"href":"https:\/\/www.praha7.cz\/api\/wp\/v2\/types\/post"}],"author":[{"embeddable":true,"href":"https:\/\/www.praha7.cz\/api\/wp\/v2\/users\/14"}],"replies":[{"embeddable":true,"href":"https:\/\/www.praha7.cz\/api\/wp\/v2\/comments?post=42012"}],"version-history":[{"count":17,"href":"https:\/\/www.praha7.cz\/api\/wp\/v2\/posts\/42012\/revisions"}],"predecessor-version":[{"id":42391,"href":"https:\/\/www.praha7.cz\/api\/wp\/v2\/posts\/42012\/revisions\/42391"}],"wp:featuredmedia":[{"embeddable":true,"href":"https:\/\/www.praha7.cz\/api\/wp\/v2\/media\/33780"}],"wp:attachment":[{"href":"https:\/\/www.praha7.cz\/api\/wp\/v2\/media?parent=42012"}],"wp:term":[{"taxonomy":"category","embeddable":true,"href":"https:\/\/www.praha7.cz\/api\/wp\/v2\/categories?post=42012"},{"taxonomy":"post_tag","embeddable":true,"href":"https:\/\/www.praha7.cz\/api\/wp\/v2\/tags?post=42012"}],"curies":[{"name":"wp","href":"https:\/\/api.w.org\/{rel}","templated":true}]}}