    
{"id":41709,"date":"2020-09-19T12:48:40","date_gmt":"2020-09-19T10:48:40","guid":{"rendered":"https:\/\/www.praha7.cz\/?p=41709"},"modified":"2020-09-19T12:49:30","modified_gmt":"2020-09-19T10:49:30","slug":"porucha-vodovodu-v-u-nad-kralovskou-oborou","status":"publish","type":"post","link":"https:\/\/www.praha7.cz\/porucha-vodovodu-v-u-nad-kralovskou-oborou\/","title":{"rendered":"Porucha vodovodu v&nbsp;ul. Nad Kr\u00e1lovskou oborou"},"content":{"rendered":"<p>[perex]<\/p>\r\n<p>Porucha vodovodn\u00edho \u0159adu v&nbsp;ul. Nad Kr\u00e1lovskou oborou 102\/5 &#8211; bez vody 119 odb\u011bratel\u016f. N\u00e1hradn\u00ed z\u00e1sobov\u00e1n\u00ed zaji\u0161t\u011bno. P\u0159edpoklad ukon\u010den\u00ed opravy 19.&nbsp;9.&nbsp;ve ve\u010dern\u00edch hodin\u00e1ch. Aktu\u00e1ln\u00ed informace na webu <a href=\"https:\/\/www.pvk.cz\/aktuality\/havarie-vody\/aktualni-havarie\/\" target=\"_blank\" rel=\"noopener\">pvk.cz<\/a>.<\/p>\r\n<p>[\/perex]<\/p>","protected":false},"excerpt":{"rendered":"[perex] Porucha vodovodn\u00edho \u0159adu v&nbsp;ul. Nad Kr\u00e1lovskou oborou 102\/5 &#8211; bez vody 119 odb\u011bratel\u016f. N\u00e1hradn\u00ed z\u00e1sobov\u00e1n\u00ed zaji\u0161t\u011bno. P\u0159edpoklad ukon\u010den\u00ed opravy 19.&nbsp;9.&nbsp;ve ve\u010dern\u00edch hodin\u00e1ch. Aktu\u00e1ln\u00ed informace na webu pvk.cz. [\/perex]","protected":false},"author":97,"featured_media":29060,"comment_status":"closed","ping_status":"open","sticky":false,"template":"","format":"standard","meta":[],"categories":[34],"tags":[],"_links":{"self":[{"href":"https:\/\/www.praha7.cz\/api\/wp\/v2\/posts\/41709"}],"collection":[{"href":"https:\/\/www.praha7.cz\/api\/wp\/v2\/posts"}],"about":[{"href":"https:\/\/www.praha7.cz\/api\/wp\/v2\/types\/post"}],"author":[{"embeddable":true,"href":"https:\/\/www.praha7.cz\/api\/wp\/v2\/users\/97"}],"replies":[{"embeddable":true,"href":"https:\/\/www.praha7.cz\/api\/wp\/v2\/comments?post=41709"}],"version-history":[{"count":2,"href":"https:\/\/www.praha7.cz\/api\/wp\/v2\/posts\/41709\/revisions"}],"predecessor-version":[{"id":41711,"href":"https:\/\/www.praha7.cz\/api\/wp\/v2\/posts\/41709\/revisions\/41711"}],"wp:featuredmedia":[{"embeddable":true,"href":"https:\/\/www.praha7.cz\/api\/wp\/v2\/media\/29060"}],"wp:attachment":[{"href":"https:\/\/www.praha7.cz\/api\/wp\/v2\/media?parent=41709"}],"wp:term":[{"taxonomy":"category","embeddable":true,"href":"https:\/\/www.praha7.cz\/api\/wp\/v2\/categories?post=41709"},{"taxonomy":"post_tag","embeddable":true,"href":"https:\/\/www.praha7.cz\/api\/wp\/v2\/tags?post=41709"}],"curies":[{"name":"wp","href":"https:\/\/api.w.org\/{rel}","templated":true}]}}