    
{"id":41665,"date":"2020-10-06T09:18:31","date_gmt":"2020-10-06T07:18:31","guid":{"rendered":"https:\/\/www.praha7.cz\/?p=41665"},"modified":"2020-10-06T10:24:54","modified_gmt":"2020-10-06T08:24:54","slug":"lide-v-karantene-a-v-izolaci-mohou-volit-na-drive-in-mistech-nebo-z-domova","status":"publish","type":"post","link":"https:\/\/www.praha7.cz\/lide-v-karantene-a-v-izolaci-mohou-volit-na-drive-in-mistech-nebo-z-domova\/","title":{"rendered":"Jak na volby v&nbsp;karant\u00e9n\u011b &#8211; informace o&nbsp;drive-in m\u00edstech a&nbsp;hlasov\u00e1n\u00ed z&nbsp;domova"},"content":{"rendered":"<p>[perex]<\/p>\r\n<p>Ve dnech 2.&nbsp;a&nbsp;3.&nbsp;\u0159\u00edjna a&nbsp;v&nbsp;p\u0159\u00edpad\u011b <strong>druh\u00e9ho kola ve dnech 9.&nbsp;a&nbsp;10.&nbsp;\u0159\u00edjna 2020<\/strong> se v&nbsp;hlavn\u00edm m\u011bst\u011b Praze uskute\u010dn\u00ed ve t\u0159ech volebn\u00edch obvodech <a href=\"https:\/\/www.praha7.cz\/potrebuji-zaridit\/volby\/senatni-volby\/\" target=\"_blank\" rel=\"noopener\">volby do Sen\u00e1tu<\/a> Parlamentu \u010cesk\u00e9 republiky. Tyto volby podle z\u00e1kona standardn\u011b \u0159e\u0161\u00ed jednotliv\u00e9 m\u011bstsk\u00e9 \u010d\u00e1sti. Na z\u00e1klad\u011b v&nbsp;srpnu schv\u00e1len\u00e9ho z\u00e1kona p\u0159ipadlo Magistr\u00e1tu hl. m. Prahy \u0159e\u0161en\u00ed a&nbsp;organizace voleb pro osoby v\u00a0na\u0159\u00edzen\u00e9 karant\u00e9n\u011b a&nbsp;izolaci. Ty budou moci hlasovat u&nbsp;drive-in volebn\u00edho stanovi\u0161t\u011b nebo doma do zvl\u00e1\u0161tn\u00ed p\u0159enosn\u00e9 volebn\u00ed schr\u00e1nky.<\/p>\r\n<p><span style=\"text-decoration: underline;\">\u017d\u00e1dost o&nbsp;hlasov\u00e1n\u00ed do zvl\u00e1\u0161tn\u00ed p\u0159enosn\u00e9 volebn\u00ed schr\u00e1nky lze podat Magistr\u00e1tu hl. m. Prahy nejpozd\u011bji do 8.&nbsp;10.&nbsp;2020 do 20 hodin na t\u011bchto telefonn\u00edch \u010d\u00edslech:\u00a0<strong>773&nbsp;026&nbsp;008,\u00a0773&nbsp;026&nbsp;020,\u00a0\u00a0773&nbsp;026&nbsp;689<\/strong><\/span><\/p>\r\n<p>Term\u00edn sen\u00e1tn\u00edch voleb pro druh\u00e9 kolo bude na drive-in m\u00edstech ve <strong>st\u0159edu 7.&nbsp;\u0159\u00edjna<\/strong>\u00a0od <strong>7:00 do 15:00 hodin<\/strong>.\u00a0\u00a0<\/p>\r\n<p>[\/perex]<\/p>\r\n<p><strong>Telefonn\u00ed \u010d\u00edsla pro pod\u00e1n\u00ed \u017e\u00e1dosti:<\/strong>\u00a0<strong>773&nbsp;026&nbsp;008, 773&nbsp;026&nbsp;020 <\/strong>a<strong> 773&nbsp;026\u00a0689<\/strong>\u00a0budou voli\u010d\u016fm k\u00a0dispozici v\u00a0t\u011bchto dnech a&nbsp;hodin\u00e1ch:<\/p>\r\n<ul>\r\n\t<li>v pond\u011bl\u00ed a&nbsp;v&nbsp;\u00fater\u00fd od 9 hodin do 16 hodin<\/li>\r\n\t<li>ve st\u0159edu od 9 hodin do 18 hodin<\/li>\r\n\t<li>ve \u010dtvrtek 8.&nbsp;10.&nbsp;2020, tj. v&nbsp;posledn\u00ed den lh\u016fty, od 9 hodin do 20 hodin<\/li>\r\n\t<li>ve dnech pracovn\u00edho klidu nejsou linky obsluhov\u00e1ny.<\/li>\r\n<\/ul>\r\n<p><strong>P\u0159i pod\u00e1n\u00ed \u017e\u00e1dosti o&nbsp;hlasov\u00e1n\u00ed do zvl\u00e1\u0161tn\u00ed p\u0159enosn\u00e9 volebn\u00ed schr\u00e1nky voli\u010d sd\u011bl\u00ed zam\u011bstnanci MHMP:<\/strong><\/p>\r\n<ul>\r\n\t<li>jm\u00e9no (jm\u00e9na) a&nbsp;p\u0159\u00edjmen\u00ed,<\/li>\r\n\t<li>datum narozen\u00ed,<\/li>\r\n\t<li>adresu m\u00edsta trval\u00e9ho pobytu,<\/li>\r\n\t<li>adresu m\u00edsta, kde pob\u00fdv\u00e1 na \u00fazem\u00ed volebn\u00edho obvodu, v&nbsp;n\u011bm\u017e je opr\u00e1vn\u011bn hlasovat,<\/li>\r\n\t<li>telefonn\u00ed \u010d\u00edslo.<\/li>\r\n<\/ul>\r\n<p>Hlasov\u00e1n\u00ed bude umo\u017en\u011bno osob\u00e1m, jim\u017e na\u0159\u00eddila karant\u00e9nu nebo izolaci krajsk\u00e1 hygienick\u00e1 stanice rozhodnut\u00edm nebo praktick\u00fd l\u00e9ka\u0159 formou neschopenky \u010di vyd\u00e1n\u00edm speci\u00e1ln\u00edho potvrzen\u00ed. Z\u00e1kon t\u00e9\u017e umo\u017e\u0148uje hlasov\u00e1n\u00ed voli\u010d\u016fm um\u00edst\u011bn\u00fdm v&nbsp;pobytov\u00fdch za\u0159\u00edzen\u00edch soci\u00e1ln\u00edch slu\u017eeb, \u0161kolsk\u00fdch za\u0159\u00edzen\u00edch pro v\u00fdkon \u00fastavn\u00ed v\u00fdchovy a&nbsp;ochrann\u00e9 v\u00fdchovy a&nbsp;l\u016f\u017ekov\u00fdch zdravotnick\u00fdch za\u0159\u00edzen\u00edch, kter\u00e1 byla uzav\u0159ena rozhodnut\u00edm krajsk\u00e9 hygienick\u00e9 stanice z&nbsp;d\u016fvodu ochrany p\u0159ed nemoc\u00ed COVID-19.<\/p>\r\n<p><strong>Drive-in volebn\u00ed stanovi\u0161t\u011b<\/strong><\/p>\r\n<p>Pro osoby v&nbsp;karant\u00e9n\u011b a&nbsp;v\u00a0izolaci Praha z\u0159\u00edd\u00ed dv\u011b volebn\u00ed stanovi\u0161t\u011b. Jedno stanovi\u0161t\u011b rozd\u011blen\u00e9 na dv\u011b \u010d\u00e1sti pro ka\u017ed\u00fd volebn\u00ed obvod zvl\u00e1\u0161\u0165 vznikne na parkovi\u0161ti na Letn\u00e9 pro volebn\u00ed obvody \u010d. 27 (Praha 1) a&nbsp;\u010d. 21 (Praha 5). Dal\u0161\u00ed stanovi\u0161t\u011b vznikne na parkovi\u0161ti za Poliklinikou Prosek pro volebn\u00ed obvod \u010d. 24 (Praha 9).<\/p>\r\n<p>Tato volebn\u00ed m\u00edsta budou takzvan\u011b drive-in a&nbsp;bude do nich mo\u017en\u00e9 zajet vozidlem stejn\u011b tak jako do drive-in testovac\u00edch m\u00edst na koronavirus. Voli\u010d nebude vystupovat z&nbsp;vozidla, ale jen otev\u0159e ok\u00e9nko. P\u0159\u00edtomna bude volebn\u00ed komise, kterou tvo\u0159\u00ed zapisovatel a&nbsp;t\u0159i voj\u00e1ci Arm\u00e1dy \u010cR v\u00a0\u010dinn\u00e9 slu\u017eb\u011b. Term\u00edn sen\u00e1tn\u00edch voleb bude na drive-in m\u00edstech v\u017edy ve st\u0159edu, tedy 30.&nbsp;z\u00e1\u0159\u00ed pro prvn\u00ed kolo a&nbsp;<strong>7.&nbsp;\u0159\u00edjna pro druh\u00e9 kolo<\/strong>. V\u00a0obou p\u0159\u00edpadech bude m\u00edsto k\u00a0dispozici <strong>od 7:00 do 15:00 hodin<\/strong>.\u00a0\u00a0<\/p>\r\n<p><strong>Hlasov\u00e1n\u00ed do zvl\u00e1\u0161tn\u00ed p\u0159enosn\u00e9 volebn\u00ed schr\u00e1nky (v&nbsp;dom\u00e1cnosti)<\/strong><\/p>\r\n<p>Voli\u010di v&nbsp;izolaci a&nbsp;v\u00a0karant\u00e9n\u011b, kte\u0159\u00ed nemohou ze z\u00e1va\u017en\u00fdch d\u016fvod\u016f hlasovat na volebn\u00edm stanovi\u0161ti, mohou podle z\u00e1kona vyu\u017e\u00edt dal\u0161\u00ed zp\u016fsob hlasov\u00e1n\u00ed a&nbsp;pozvat si komisi dom\u016f. \u017d\u00e1dost o&nbsp;hlasov\u00e1n\u00ed do zvl\u00e1\u0161tn\u00ed p\u0159enosn\u00e9 volebn\u00ed schr\u00e1nky pod\u00e1v\u00e1 voli\u010d telefonicky nejpozd\u011bji do dvac\u00e1t\u00e9 hodiny dne p\u0159ed prvn\u00edm dnem voleb.\u00a0<\/p>\r\n<p>Hlasov\u00e1n\u00ed se uskute\u010dn\u00ed v&nbsp;m\u00edst\u011b pobytu voli\u010de, v\u017edy v\u0161ak na \u00fazem\u00ed volebn\u00edho obvodu, v&nbsp;n\u011bm\u017e je voli\u010d opr\u00e1vn\u011bn hlasovat. Hlasov\u00e1n\u00ed je mo\u017en\u00e9 ve dvou dnech \u2013 2.&nbsp;\u0159\u00edjna od 7:00 do 22:00 hodin a&nbsp;3.&nbsp;\u0159\u00edjna od 7:00 do 14:00 hodin. <strong>Ve druh\u00e9m kole pak ve dnech 9.&nbsp;\u0159\u00edjna a&nbsp;10.&nbsp;\u0159\u00edjna ve stejn\u00fdch \u010dasech jako v&nbsp;prvn\u00edm kole.<\/strong><\/p>\r\n<p><strong>Hlasov\u00e1n\u00ed p\u0159i pobytov\u00e9m za\u0159\u00edzen\u00ed<\/strong><\/p>\r\n<p>Volit mohou i&nbsp;osoby, kter\u00e9 pob\u00fdvaj\u00ed v&nbsp;pobytov\u00fdch za\u0159\u00edzen\u00edch, kter\u00e1 byla uzav\u0159ena kv\u016fli ochran\u011b p\u0159ed onemocn\u011bn\u00edm COVID-19. Konkr\u00e9tn\u011b se jedn\u00e1 o&nbsp;za\u0159\u00edzen\u00ed soci\u00e1ln\u00edch slu\u017eeb, kter\u00e1 poskytuj\u00ed pobytov\u00e9 slu\u017eby, o&nbsp;\u0161kolsk\u00e1 za\u0159\u00edzen\u00ed pro v\u00fdkon \u00fastavn\u00ed v\u00fdchovy nebo ochrann\u00e9 v\u00fdchovy nebo o&nbsp;zdravotnick\u00e1 za\u0159\u00edzen\u00ed poskytovatele l\u016f\u017ekov\u00e9 p\u00e9\u010de. Hlasov\u00e1n\u00ed p\u0159i uzav\u0159en\u00e9m pobytov\u00e9m za\u0159\u00edzen\u00ed se uskute\u010dn\u00ed v\u017edy ve dvou dnech. Pro prvn\u00ed kolo 1.&nbsp;a&nbsp;2.&nbsp;\u0159\u00edjna, pro druh\u00e9 kolo 8.&nbsp;a&nbsp;9.&nbsp;\u0159\u00edjna. Konkr\u00e9tn\u00ed m\u00edsto a&nbsp;\u010das projedn\u00e1 komise pro hlasov\u00e1n\u00ed s&nbsp;veden\u00edm pobytov\u00e9ho za\u0159\u00edzen\u00ed.<\/p>\r\n<p><strong>Volebn\u00ed komise<\/strong><\/p>\r\n<p>Komise pro hlasov\u00e1n\u00ed z\u016fst\u00e1vaj\u00ed v&nbsp;\u010dinnosti po celou dobu voleb. Nejprve budou m\u00edt na starosti drive-in, n\u00e1sledn\u011b p\u0159\u00edpadn\u00e1 uzav\u0159en\u00e1 pobytov\u00e1 za\u0159\u00edzen\u00ed a&nbsp;pot\u00e9 hlasov\u00e1n\u00ed v\u00a0m\u00edst\u011b pobytu jednotliv\u00fdch voli\u010d\u016f. Pro \u00fazem\u00ed hlavn\u00edho m\u011bsta Prahy jsou zat\u00edm z\u0159\u00edzeny t\u0159i komise pro hlasov\u00e1n\u00ed, tedy pro ka\u017ed\u00fd volebn\u00ed obvod jedna komise. Magistr\u00e1t hl. m. Prahy ale po\u010d\u00edt\u00e1 s&nbsp;operativn\u00edm nav\u00fd\u0161en\u00edm po\u010dtu komis\u00ed pro p\u0159\u00edpad zv\u00fd\u0161en\u00e9ho po\u010dtu po\u017eadavk\u016f voli\u010d\u016f v\u00a0karant\u00e9n\u011b nebo v\u00a0izolaci, kte\u0159\u00ed budou cht\u00edt hlasovat z&nbsp;domova.<\/p>\r\n<p>Mimo komise pro hlasov\u00e1n\u00ed Magistr\u00e1t hl. m. Prahy z\u0159izuje tak\u00e9 sedmi\u010dlennou komisi pro s\u010d\u00edt\u00e1n\u00ed, kter\u00e1 bude spole\u010dn\u00e1 pro v\u0161echny t\u0159i volebn\u00ed obvody a&nbsp;po ukon\u010den\u00ed hlasov\u00e1n\u00ed provede se\u010dten\u00ed odevzdan\u00fdch hlas\u016f.<\/p>\r\n<p>Materi\u00e1ln\u00ed a&nbsp;logistick\u00e9 zaji\u0161t\u011bn\u00ed zvl\u00e1\u0161tn\u00edch zp\u016fsob\u016f hlasov\u00e1n\u00ed je rozd\u011bleno mezi Magistr\u00e1t hl. m. Prahy a&nbsp;Arm\u00e1du \u010cR. Arm\u00e1da \u010cR zaji\u0161\u0165uje vybaven\u00ed volebn\u00edho stanovi\u0161t\u011b, nap\u0159\u00edklad stan pro drive-in a&nbsp;jeho vybaven\u00ed. Magistr\u00e1t hl. m. Prahy zaji\u0161\u0165uje dopravu a&nbsp;dal\u0161\u00ed podm\u00ednky pro \u010dinnost komis\u00ed pro hlasov\u00e1n\u00ed a&nbsp;s\u010d\u00edtac\u00ed komise. Jde nap\u0159\u00edklad o&nbsp;v\u00fdpo\u010detn\u00ed techniku, volebn\u00ed dokumentaci nebo o&nbsp;volebn\u00ed schr\u00e1nky.<\/p>\r\n<p>Hlasov\u00e1n\u00ed osob\u00e1m v\u00a0karant\u00e9n\u011b a&nbsp;v\u00a0izolaci umo\u017enilo p\u0159ijet\u00ed z\u00e1kona o&nbsp;zvl\u00e1\u0161tn\u00edch zp\u016fsobech hlasov\u00e1n\u00ed ve volb\u00e1ch do zastupitelstev kraj\u016f a&nbsp;do Sen\u00e1tu v&nbsp;roce 2020 (\u010d. 350\/2020 Sb.), kter\u00fd nabyl \u00fa\u010dinnosti 24.&nbsp;8.&nbsp;2020. Z\u00e1kon umo\u017e\u0148uje hlasovat osob\u00e1m s&nbsp;na\u0159\u00edzenou karant\u00e9nou nebo izolac\u00ed kv\u016fli ochran\u011b ve\u0159ejn\u00e9ho zdrav\u00ed p\u0159ed nemoc\u00ed COVID-19 ve volb\u00e1ch do zastupitelstev kraj\u016f a&nbsp;do Sen\u00e1tu konan\u00fdch ve dnech 2.&nbsp;a&nbsp;3.&nbsp;\u0159\u00edjna 2020 a&nbsp;9.&nbsp;a&nbsp;10.&nbsp;\u0159\u00edjna 2020.<\/p>\r\n<p><a href=\"https:\/\/www.praha7.cz\/lide-v-karantene-a-v-izolaci-mohou-volit-na-drive-in-mistech-nebo-z-domova\/stanoviste-letna\/\" rel=\"attachment wp-att-41885\"><img loading=\"lazy\" src=\"https:\/\/www.praha7.cz\/wp-content\/uploads\/2020\/09\/Stanovi\u0161t\u011b-Letn\u00e1.jpg\" alt=\"\" width=\"1000\" height=\"360\" class=\"alignnone size-full wp-image-41885\" srcset=\"https:\/\/www.praha7.cz\/wp-content\/uploads\/2020\/09\/Stanovi\u0161t\u011b-Letn\u00e1.jpg 1000w, https:\/\/www.praha7.cz\/wp-content\/uploads\/2020\/09\/Stanovi\u0161t\u011b-Letn\u00e1-600x216.jpg 600w, https:\/\/www.praha7.cz\/wp-content\/uploads\/2020\/09\/Stanovi\u0161t\u011b-Letn\u00e1-768x276.jpg 768w\" sizes=\"(max-width: 1000px) 100vw, 1000px\" \/><\/a><\/p>\r\n<hr \/>\r\n<p><a href=\"https:\/\/www.praha7.cz\/hlasovani-do-prenosne-volebni-schranky-praha-7\/\" target=\"_blank\" rel=\"noopener\">Hlasov\u00e1n\u00ed do p\u0159enosn\u00e9 volebn\u00ed schr\u00e1nky (pro\u00a0imobiln\u00ed ob\u010dany)<\/a><\/p>","protected":false},"excerpt":{"rendered":"[perex] Ve dnech 2.&nbsp;a&nbsp;3.&nbsp;\u0159\u00edjna a&nbsp;v&nbsp;p\u0159\u00edpad\u011b druh\u00e9ho kola ve dnech 9.&nbsp;a&nbsp;10.&nbsp;\u0159\u00edjna 2020 se v&nbsp;hlavn\u00edm m\u011bst\u011b Praze uskute\u010dn\u00ed ve t\u0159ech volebn\u00edch obvodech volby do Sen\u00e1tu Parlamentu \u010cesk\u00e9 republiky. Tyto volby podle z\u00e1kona standardn\u011b \u0159e\u0161\u00ed jednotliv\u00e9 m\u011bstsk\u00e9 \u010d\u00e1sti. Na z\u00e1klad\u011b v&nbsp;srpnu schv\u00e1len\u00e9ho z\u00e1kona p\u0159ipadlo Magistr\u00e1tu hl. m. Prahy \u0159e\u0161en\u00ed a&nbsp;organizace voleb pro osoby v\u00a0na\u0159\u00edzen\u00e9 karant\u00e9n\u011b a&nbsp;izolaci. Ty budou [&hellip;]","protected":false},"author":97,"featured_media":42400,"comment_status":"closed","ping_status":"open","sticky":false,"template":"","format":"standard","meta":[],"categories":[34],"tags":[],"_links":{"self":[{"href":"https:\/\/www.praha7.cz\/api\/wp\/v2\/posts\/41665"}],"collection":[{"href":"https:\/\/www.praha7.cz\/api\/wp\/v2\/posts"}],"about":[{"href":"https:\/\/www.praha7.cz\/api\/wp\/v2\/types\/post"}],"author":[{"embeddable":true,"href":"https:\/\/www.praha7.cz\/api\/wp\/v2\/users\/97"}],"replies":[{"embeddable":true,"href":"https:\/\/www.praha7.cz\/api\/wp\/v2\/comments?post=41665"}],"version-history":[{"count":14,"href":"https:\/\/www.praha7.cz\/api\/wp\/v2\/posts\/41665\/revisions"}],"predecessor-version":[{"id":42399,"href":"https:\/\/www.praha7.cz\/api\/wp\/v2\/posts\/41665\/revisions\/42399"}],"wp:featuredmedia":[{"embeddable":true,"href":"https:\/\/www.praha7.cz\/api\/wp\/v2\/media\/42400"}],"wp:attachment":[{"href":"https:\/\/www.praha7.cz\/api\/wp\/v2\/media?parent=41665"}],"wp:term":[{"taxonomy":"category","embeddable":true,"href":"https:\/\/www.praha7.cz\/api\/wp\/v2\/categories?post=41665"},{"taxonomy":"post_tag","embeddable":true,"href":"https:\/\/www.praha7.cz\/api\/wp\/v2\/tags?post=41665"}],"curies":[{"name":"wp","href":"https:\/\/api.w.org\/{rel}","templated":true}]}}