    
{"id":41561,"date":"2020-09-16T15:21:56","date_gmt":"2020-09-16T13:21:56","guid":{"rendered":"https:\/\/www.praha7.cz\/?p=41561"},"modified":"2020-09-16T15:26:29","modified_gmt":"2020-09-16T13:26:29","slug":"hledate-zajimavou-praci-v-autoprovozu-uradu","status":"publish","type":"post","link":"https:\/\/www.praha7.cz\/hledate-zajimavou-praci-v-autoprovozu-uradu\/","title":{"rendered":"Hled\u00e1te zaj\u00edmavou pr\u00e1ci v&nbsp;autoprovozu \u00fa\u0159adu?"},"content":{"rendered":"<p>[perex]<\/p>\r\n<p>\u00da\u0159ad Prahy&nbsp;7 sh\u00e1n\u00ed do sv\u00e9ho t\u00fdmu kolegyni\/kolegu na pozici \u0159idi\u010d\/ka provozn\u00edho odd\u011blen\u00ed a&nbsp;bezpe\u010dnostn\u00ed referent\/ka. Jste jako doma za volantem v\u00a0pra\u017esk\u00fdch ulic\u00edch? Ned\u011bs\u00ed v\u00e1s manu\u00e1ln\u00ed pr\u00e1ce a&nbsp;zvl\u00e1d\u00e1te i&nbsp;p\u0159\u00edle\u017eitostn\u00e9 drobn\u00e9 opravy a&nbsp;\u00fadr\u017ebu? Neztrat\u00edte se v\u00a0p\u0159edpisech bezpe\u010dnosti pr\u00e1ce a&nbsp;po\u017e\u00e1rn\u00ed ochrany? Chcete vyu\u017e\u00edt mo\u017enosti pracovat v\u00a0dynamicky se rozv\u00edjej\u00edc\u00ed m\u011bstsk\u00e9 \u010d\u00e1sti pro \u00fa\u0159ad s\u00a0tak trochu jin\u00fdm p\u0159\u00edstupem? Nev\u00e1hejte a&nbsp;p\u0159ihlaste se do na\u0161eho popt\u00e1vkov\u00e9ho \u0159\u00edzen\u00ed.<\/p>\r\n<p>[\/perex]<\/p>\r\n<h3>Co u&nbsp;n\u00e1s budete d\u011blat?<\/h3>\r\n<p>Stanete se sou\u010d\u00e1st\u00ed t\u00fdmu, kter\u00fd se star\u00e1 o&nbsp;plynul\u00fd chod \u00fa\u0159adu. Budete zaji\u0161\u0165ovat autoprovoz, v\u010detn\u011b p\u0159\u00edslu\u0161n\u00e9 administrativy i&nbsp;b\u011b\u017en\u00e9 \u00fadr\u017eby vozidel. Povedete agendu bezpe\u010dnosti a&nbsp;ochrany zdrav\u00ed p\u0159i pr\u00e1ci a&nbsp;po\u017e\u00e1rn\u00ed ochrany. Budete se pod\u00edlet na provozn\u00edch z\u00e1le\u017eitostech a&nbsp;spr\u00e1v\u011b budovy \u00fa\u0159adu.<\/p>\r\n<p>&nbsp;<\/p>\r\n<h3>Co od v\u00e1s o\u010dek\u00e1v\u00e1me?<\/h3>\r\n<p>&#8211;\u00a0\u00a0\u00a0\u00a0\u00a0\u00a0 St\u0159edn\u00ed vzd\u011bl\u00e1n\u00ed s&nbsp;maturitn\u00ed zkou\u0161kou<\/p>\r\n<p>&#8211;\u00a0\u00a0\u00a0\u00a0\u00a0\u00a0 znalost pr\u00e1ce na PC &#8211; MS Word, Excel, Internet<\/p>\r\n<p>&#8211;\u00a0\u00a0\u00a0\u00a0\u00a0\u00a0 dobr\u00e9 organiza\u010dn\u00ed schopnosti<\/p>\r\n<p>&#8211;\u00a0\u00a0\u00a0\u00a0\u00a0\u00a0 dobr\u00e9 komunika\u010dn\u00ed schopnosti<\/p>\r\n<p>&#8211;\u00a0\u00a0\u00a0\u00a0\u00a0\u00a0 flexibilitu<\/p>\r\n<p>&#8211;\u00a0\u00a0\u00a0\u00a0\u00a0\u00a0 \u0159idi\u010dsk\u00fd pr\u016fkaz podm\u00ednkou<\/p>\r\n<p>&#8211;\u00a0\u00a0\u00a0\u00a0\u00a0\u00a0 praxi v&nbsp;\u0159\u00edzen\u00ed motorov\u00fdch vozidel<\/p>\r\n<p>&#8211;\u00a0\u00a0\u00a0\u00a0\u00a0\u00a0 znalost v&nbsp;oblasti BOZP dle z\u00e1kona \u010d. 309\/2006 Sb. v\u00fdhodou<\/p>\r\n<p>&#8211;\u00a0\u00a0\u00a0\u00a0\u00a0\u00a0 znalost v&nbsp;oblasti PO dle z\u00e1kona \u010d. 133\/1985 Sb. v\u00fdhodou<\/p>\r\n<p>&nbsp;<\/p>\r\n<h3>Co v\u00e1m nab\u00edz\u00edme?<\/h3>\r\n<p>Pracovn\u00ed pom\u011br na dobu neur\u010ditou. N\u00e1stupn\u00ed plat v\u00a07.&nbsp;platov\u00e9 t\u0159\u00edd\u011b a\u017e do v\u00fd\u0161e 24&nbsp;780&nbsp;K\u010d podle d\u00e9lky odborn\u00e9 praxe. Po zku\u0161ebn\u00ed dob\u011b osobn\u00ed p\u0159\u00edplatek a\u017e do v\u00fd\u0161e 50 %\u00a0maxim\u00e1ln\u00edho n\u00e1stupn\u00edho platu.<\/p>\r\n<table width=\"1109\" height=\"217\" style=\"color: black !important; font-weight: normal !important;\">\r\n<tbody>\r\n<tr>\r\n<td style=\"height: 0px; text-align: center;\"><\/td>\r\n<td style=\"height: 0px; text-align: center;\"><\/td>\r\n<td style=\"height: 0px; text-align: center;\"><\/td>\r\n<\/tr>\r\n<tr>\r\n<td style=\"width: 361px; text-align: center;\">\r\n<p><img loading=\"lazy\" src=\"https:\/\/www.praha7.cz\/wp-content\/uploads\/2018\/11\/rust.jpg\" alt=\"\" width=\"99\" height=\"96\" class=\"alignnone size-full wp-image-21382\" \/><\/p>\r\n<span style=\"font-weight: normal !important; color: black !important;\">Platov\u00e9 ohodnocen\u00ed, kter\u00e9 roste spolu s&nbsp;v\u00e1mi.<\/span><\/td>\r\n<td style=\"width: 363px; text-align: center;\">\r\n<p><img loading=\"lazy\" src=\"https:\/\/www.praha7.cz\/wp-content\/uploads\/2018\/11\/benefit.jpg\" alt=\"\" width=\"99\" height=\"96\" class=\"alignnone size-full wp-image-21381\" \/><\/p>\r\n<span style=\"font-weight: normal !important; color: black !important;\">\u0160irokou \u0161k\u00e1lu benefit\u016f, kter\u00e9 p\u0159ich\u00e1zej\u00ed ve spr\u00e1vn\u00fd \u010das.<\/span><\/td>\r\n<td style=\"width: 363px; text-align: center;\">\r\n<p><img loading=\"lazy\" src=\"https:\/\/www.praha7.cz\/wp-content\/uploads\/2018\/11\/dovolena.jpg\" alt=\"\" width=\"99\" height=\"96\" class=\"alignnone size-full wp-image-21383\" \/><\/p>\r\n<span style=\"font-weight: normal !important; color: black !important;\">5 t\u00fddn\u016f dovolen\u00e9, na kterou nebudete cht\u00edt odjet.<\/span><\/td>\r\n<\/tr>\r\n<tr>\r\n<td style=\"width: 361px; text-align: center;\">\r\n<p><img loading=\"lazy\" src=\"https:\/\/www.praha7.cz\/wp-content\/uploads\/2018\/11\/vzdelavani.jpg\" alt=\"\" width=\"142\" height=\"96\" class=\"alignnone size-full wp-image-21384\" \/><\/p>\r\n<span style=\"font-weight: normal !important; color: black !important;\">Mo\u017enost dal\u0161\u00edho vzd\u011bl\u00e1v\u00e1n\u00ed, abyste se ve sv\u011bt\u011b neztratili.<\/span><\/td>\r\n<td style=\"width: 363px; text-align: center;\">\r\n<p><img loading=\"lazy\" src=\"https:\/\/www.praha7.cz\/wp-content\/uploads\/2018\/11\/inspirace.jpg\" alt=\"\" width=\"99\" height=\"96\" class=\"alignnone size-full wp-image-21385\" \/><\/p>\r\n<span style=\"font-weight: normal !important; color: black !important;\">Pr\u00e1ci v&nbsp;inspirativn\u00edm kolektivu, kde se p\u0159ed n\u00e1pady nezav\u00edraj\u00ed o\u010di.<\/span><\/td>\r\n<td style=\"width: 363px; text-align: center;\">\r\n<p><img loading=\"lazy\" src=\"https:\/\/www.praha7.cz\/wp-content\/uploads\/2018\/11\/perspektiva.jpg\" alt=\"\" width=\"99\" height=\"96\" class=\"alignnone size-full wp-image-21386\" \/><\/p>\r\n<span style=\"font-weight: normal !important; color: black !important;\">Perspektivn\u00ed zam\u011bstn\u00e1n\u00ed, kde pom\u00e1h\u00e1te m\u011bnit sv\u011bt kolem sebe.<\/span><\/td>\r\n<\/tr>\r\n<\/tbody>\r\n<\/table>\r\n<p>&nbsp;<\/p>\r\n<h3>Jak se k\u00a0n\u00e1m dostanete?<\/h3>\r\n<p>P\u0159ihl\u00e1\u0161ku a&nbsp;souhlas se zpracov\u00e1n\u00edm osobn\u00edch \u00fadaj\u016f (naleznete ve <a href=\"https:\/\/www.praha7.cz\/radnice\/povinne-zverejnovane-informace\/formulare\/\">Formul\u00e1\u0159\u00edch Odboru person\u00e1ln\u00edch \u010dinnost\u00ed<\/a>) v\u010detn\u011b strukturovan\u00e9ho \u017eivotopisu je mo\u017en\u00e9 osobn\u011b doru\u010dit v&nbsp;\u00fa\u0159edn\u00edch hodin\u00e1ch do podatelny \u00da\u0159adu M\u010c Praha&nbsp;7 nebo zaslat na n\u00ed\u017ee uvedenou adresu, p\u0159\u00edpadn\u011b zaslat i&nbsp;e-mailem na <a href=\"mailto:pouzarovae@praha7.cz\">pouzarovae@praha7.cz<\/a> <span style=\"color: #ff0000;\"><strong>nejpozd\u011bji do 30.&nbsp;9.&nbsp;2020<\/strong><\/span>.<\/p>\r\n<p>&nbsp;<\/p>\r\n<p><strong>P\u0159edpokl\u00e1dan\u00fd vznik pracovn\u00ed pozice od 12.&nbsp;10.&nbsp;2020.<\/strong><\/p>\r\n<p>&nbsp;<\/p>\r\n<p><em>M\u011bstsk\u00e1 \u010d\u00e1st Praha&nbsp;7<\/em><\/p>\r\n<p><em>\u00da\u0159ad m\u011bstsk\u00e9 \u010d\u00e1sti Praha&nbsp;7<\/em><\/p>\r\n<p><em>Odbor person\u00e1ln\u00edch \u010dinnost\u00ed<\/em><\/p>\r\n<p><em>U Pr\u016fhonu 1338\/38<\/em><\/p>\r\n<p><em>170&nbsp;00 Praha&nbsp;7<\/em><\/p>\r\n<p>&nbsp;<\/p>\r\n<p><strong>Ve\u0161ker\u00e9 pot\u0159ebn\u00e9 informace pro p\u0159ihl\u00e1\u0161en\u00ed do popt\u00e1vkov\u00e9ho \u0159\u00edzen\u00ed naleznete <a href=\"https:\/\/www.praha7.cz\/wp-content\/uploads\/2020\/09\/KST-\u0159idi\u010d.pdf\">zde<\/a>.<\/strong><\/p>","protected":false},"excerpt":{"rendered":"[perex] \u00da\u0159ad Prahy&nbsp;7 sh\u00e1n\u00ed do sv\u00e9ho t\u00fdmu kolegyni\/kolegu na pozici \u0159idi\u010d\/ka provozn\u00edho odd\u011blen\u00ed a&nbsp;bezpe\u010dnostn\u00ed referent\/ka. Jste jako doma za volantem v\u00a0pra\u017esk\u00fdch ulic\u00edch? Ned\u011bs\u00ed v\u00e1s manu\u00e1ln\u00ed pr\u00e1ce a&nbsp;zvl\u00e1d\u00e1te i&nbsp;p\u0159\u00edle\u017eitostn\u00e9 drobn\u00e9 opravy a&nbsp;\u00fadr\u017ebu? Neztrat\u00edte se v\u00a0p\u0159edpisech bezpe\u010dnosti pr\u00e1ce a&nbsp;po\u017e\u00e1rn\u00ed ochrany? Chcete vyu\u017e\u00edt mo\u017enosti pracovat v\u00a0dynamicky se rozv\u00edjej\u00edc\u00ed m\u011bstsk\u00e9 \u010d\u00e1sti pro \u00fa\u0159ad s\u00a0tak trochu jin\u00fdm p\u0159\u00edstupem? Nev\u00e1hejte a&nbsp;p\u0159ihlaste [&hellip;]","protected":false},"author":5,"featured_media":41565,"comment_status":"closed","ping_status":"open","sticky":false,"template":"","format":"standard","meta":[],"categories":[34],"tags":[],"_links":{"self":[{"href":"https:\/\/www.praha7.cz\/api\/wp\/v2\/posts\/41561"}],"collection":[{"href":"https:\/\/www.praha7.cz\/api\/wp\/v2\/posts"}],"about":[{"href":"https:\/\/www.praha7.cz\/api\/wp\/v2\/types\/post"}],"author":[{"embeddable":true,"href":"https:\/\/www.praha7.cz\/api\/wp\/v2\/users\/5"}],"replies":[{"embeddable":true,"href":"https:\/\/www.praha7.cz\/api\/wp\/v2\/comments?post=41561"}],"version-history":[{"count":3,"href":"https:\/\/www.praha7.cz\/api\/wp\/v2\/posts\/41561\/revisions"}],"predecessor-version":[{"id":41568,"href":"https:\/\/www.praha7.cz\/api\/wp\/v2\/posts\/41561\/revisions\/41568"}],"wp:featuredmedia":[{"embeddable":true,"href":"https:\/\/www.praha7.cz\/api\/wp\/v2\/media\/41565"}],"wp:attachment":[{"href":"https:\/\/www.praha7.cz\/api\/wp\/v2\/media?parent=41561"}],"wp:term":[{"taxonomy":"category","embeddable":true,"href":"https:\/\/www.praha7.cz\/api\/wp\/v2\/categories?post=41561"},{"taxonomy":"post_tag","embeddable":true,"href":"https:\/\/www.praha7.cz\/api\/wp\/v2\/tags?post=41561"}],"curies":[{"name":"wp","href":"https:\/\/api.w.org\/{rel}","templated":true}]}}