    
{"id":41215,"date":"2020-09-10T15:18:59","date_gmt":"2020-09-10T13:18:59","guid":{"rendered":"https:\/\/www.praha7.cz\/?p=41215"},"modified":"2020-09-10T15:22:10","modified_gmt":"2020-09-10T13:22:10","slug":"trenink-s-nejrychlejsimi-bezci-na-svete","status":"publish","type":"post","link":"https:\/\/www.praha7.cz\/trenink-s-nejrychlejsimi-bezci-na-svete\/","title":{"rendered":"Tr\u00e9nink s&nbsp;nejrychlej\u0161\u00edmi b\u011b\u017eci na sv\u011bt\u011b"},"content":{"rendered":"<p>[perex]<\/p>\r\n<p>V p\u00e1tek 11.&nbsp;z\u00e1\u0159\u00ed 2020 se mnoha p\u0159\u00edznivc\u016fm b\u011bhu naskytne jedine\u010dn\u00e1 p\u0159\u00edle\u017eitost &#8211; budou si moci na Letn\u00e9 zatr\u00e9novat s&nbsp;osmi nejrychlej\u0161\u00edmi b\u011b\u017eci na sv\u011bt\u011b. Sraz \u00fa\u010dastn\u00edk\u016f tr\u00e9ninku je v\u00a018:00 hod. v&nbsp;<a href=\"https:\/\/www.runningmall.cz\/cs\/\" target=\"_blank\" rel=\"noopener\">Running Mallu<\/a>. N\u00e1sledovat bude p\u0159esun do Letensk\u00fdch sad\u016f na ov\u00e1l, kde v&nbsp;minul\u00e9m t\u00fddnu padl nejrychlej\u0161\u00ed p\u016flmaratonsk\u00fd \u010das \u017eensk\u00e9ho z\u00e1vodu. Elitn\u00ed atleti nasad\u00ed sv\u00e9 tempo, kter\u00e9 bude jist\u011b pro ostatn\u00ed b\u011b\u017ece v\u00fdzvou!\u00a0K \u00fa\u010dasti je nutn\u00e1 bezplatn\u00e1 registrace <a href=\"https:\/\/www.runningmall.cz\/srv\/www\/qf\/cs\/ramjet\/runningmall\/calendarEventDetail?eventId=24120\" target=\"_blank\" rel=\"noopener\">zde<\/a>. <br \/>\r\nFB Ud\u00e1lost\u00a0<a href=\"https:\/\/www.facebook.com\/events\/3271940759567307\" target=\"_blank\" rel=\"noopener\">Challenge yourself at the oval with the elite athletes<\/a><\/p>\r\n<p>[\/perex]<\/p>","protected":false},"excerpt":{"rendered":"[perex] V&nbsp;p\u00e1tek 11.&nbsp;z\u00e1\u0159\u00ed 2020 se mnoha p\u0159\u00edznivc\u016fm b\u011bhu naskytne jedine\u010dn\u00e1 p\u0159\u00edle\u017eitost &#8211; budou si moci na Letn\u00e9 zatr\u00e9novat s&nbsp;osmi nejrychlej\u0161\u00edmi b\u011b\u017eci na sv\u011bt\u011b. Sraz \u00fa\u010dastn\u00edk\u016f tr\u00e9ninku je v\u00a018:00 hod. v&nbsp;Running Mallu. N\u00e1sledovat bude p\u0159esun do Letensk\u00fdch sad\u016f na ov\u00e1l, kde v&nbsp;minul\u00e9m t\u00fddnu padl nejrychlej\u0161\u00ed p\u016flmaratonsk\u00fd \u010das \u017eensk\u00e9ho z\u00e1vodu. Elitn\u00ed atleti nasad\u00ed sv\u00e9 tempo, kter\u00e9 [&hellip;]","protected":false},"author":97,"featured_media":41216,"comment_status":"closed","ping_status":"open","sticky":false,"template":"","format":"standard","meta":[],"categories":[34],"tags":[],"_links":{"self":[{"href":"https:\/\/www.praha7.cz\/api\/wp\/v2\/posts\/41215"}],"collection":[{"href":"https:\/\/www.praha7.cz\/api\/wp\/v2\/posts"}],"about":[{"href":"https:\/\/www.praha7.cz\/api\/wp\/v2\/types\/post"}],"author":[{"embeddable":true,"href":"https:\/\/www.praha7.cz\/api\/wp\/v2\/users\/97"}],"replies":[{"embeddable":true,"href":"https:\/\/www.praha7.cz\/api\/wp\/v2\/comments?post=41215"}],"version-history":[{"count":6,"href":"https:\/\/www.praha7.cz\/api\/wp\/v2\/posts\/41215\/revisions"}],"predecessor-version":[{"id":41222,"href":"https:\/\/www.praha7.cz\/api\/wp\/v2\/posts\/41215\/revisions\/41222"}],"wp:featuredmedia":[{"embeddable":true,"href":"https:\/\/www.praha7.cz\/api\/wp\/v2\/media\/41216"}],"wp:attachment":[{"href":"https:\/\/www.praha7.cz\/api\/wp\/v2\/media?parent=41215"}],"wp:term":[{"taxonomy":"category","embeddable":true,"href":"https:\/\/www.praha7.cz\/api\/wp\/v2\/categories?post=41215"},{"taxonomy":"post_tag","embeddable":true,"href":"https:\/\/www.praha7.cz\/api\/wp\/v2\/tags?post=41215"}],"curies":[{"name":"wp","href":"https:\/\/api.w.org\/{rel}","templated":true}]}}