    
{"id":40824,"date":"2020-08-31T15:58:14","date_gmt":"2020-08-31T13:58:14","guid":{"rendered":"https:\/\/www.praha7.cz\/?p=40824"},"modified":"2020-08-31T16:06:20","modified_gmt":"2020-08-31T14:06:20","slug":"od-1-zari-na-urad-prahy-7-opet-s-rouskou","status":"publish","type":"post","link":"https:\/\/www.praha7.cz\/od-1-zari-na-urad-prahy-7-opet-s-rouskou\/","title":{"rendered":"Od 1.&nbsp;z\u00e1\u0159\u00ed na \u00fa\u0159ad op\u011bt s&nbsp;rou\u0161kou"},"content":{"rendered":"<p>[perex]<\/p>\r\n<p>P\u0159ipom\u00edn\u00e1me, \u017ee od 1.&nbsp;z\u00e1\u0159\u00ed 2020 op\u011bt plat\u00ed povinnost nosit rou\u0161ku \u010di jin\u00e9 zakryt\u00ed nosu a&nbsp;\u00fast v&nbsp;MHD, na hromadn\u00fdch akc\u00edch nad 100 osob a&nbsp;v&nbsp;n\u00ed\u017ee uveden\u00fdch vnit\u0159n\u00edch prostor\u00e1ch:<\/p>\r\n<ul>\r\n\t<li>za\u0159\u00edzen\u00ed zdravotn\u00edch a&nbsp;soci\u00e1ln\u00edch slu\u017eeb (nemocnice, ambulance, polikliniky, domovy pro seniory, stacion\u00e1\u0159e, l\u00e9k\u00e1rny a&nbsp;dal\u0161\u00ed za\u0159\u00edzen\u00ed),<\/li>\r\n\t<li>\u00fa\u0159ady (m\u00edstnosti ur\u010den\u00e9 pro kontakt s&nbsp;ve\u0159ejnost\u00ed v&nbsp;dob\u011b, kdy slou\u017e\u00ed pro tento \u00fa\u010del),<\/li>\r\n\t<li>ve\u0159ejn\u00e1 doprava (MHD, mezim\u011bstsk\u00e1 doprava, taxislu\u017eby a&nbsp;dal\u0161\u00ed),<\/li>\r\n\t<li>vnit\u0159n\u00ed hromadn\u00e9 akce nad 100 osob,<\/li>\r\n\t<li>volebn\u00ed m\u00edstnosti.<\/li>\r\n<\/ul>\r\n<p>[\/perex]<\/p>\r\n<p>V\u00edce informac\u00ed o&nbsp;platn\u00fdch opat\u0159en\u00edch a&nbsp;platn\u00fdch v\u00fdjimk\u00e1ch najdete na str\u00e1nk\u00e1ch <a href=\"https:\/\/koronavirus.mzcr.cz\/od-1-zari-budou-povinne-rousky-ve-vybranych-vnitrnich-prostorech\/\">MZ \u010cR<\/a>.<\/p>\r\n<p>Pros\u00edme ob\u010dany, aby p\u0159i n\u00e1v\u0161t\u011bv\u00e1ch \u00da\u0159adu Prahy&nbsp;7 v&nbsp;r\u00e1mci mo\u017enost\u00ed vyu\u017e\u00edvali telefonick\u00e9ho \u010di <a href=\"https:\/\/www.praha7.cz\/objednat-online\/\">online objedn\u00e1v\u00e1n\u00ed<\/a> na konkr\u00e9tn\u00ed \u010das.\u00a0<\/p>\r\n<p>Z\u00e1rove\u0148 \u017e\u00e1d\u00e1me n\u00e1v\u0161t\u011bvn\u00edky, aby na \u00fa\u0159ad nechodili v&nbsp;p\u0159\u00edpadn\u011b zv\u00fd\u0161en\u00e9 teploty \u010di dal\u0161\u00edch zdravotn\u00edch komplikac\u00ed a&nbsp;respektovali nastaven\u00e1 hygienick\u00e1 opat\u0159en\u00ed.<\/p>\r\n<p>&nbsp;<\/p>\r\n<p>D\u011bkujeme v\u00e1m za ohleduplnost v\u016f\u010di sob\u011b i&nbsp;ostatn\u00edm!<\/p>\r\n<p>&nbsp;<\/p>\r\n<p><img loading=\"lazy\" src=\"https:\/\/www.praha7.cz\/wp-content\/uploads\/2020\/08\/kam-s-rou\u0161kou.png\" alt=\"\" width=\"631\" height=\"897\" class=\"alignnone size-full wp-image-40825\" srcset=\"https:\/\/www.praha7.cz\/wp-content\/uploads\/2020\/08\/kam-s-rou\u0161kou.png 631w, https:\/\/www.praha7.cz\/wp-content\/uploads\/2020\/08\/kam-s-rou\u0161kou-281x400.png 281w\" sizes=\"(max-width: 631px) 100vw, 631px\" \/><\/p>","protected":false},"excerpt":{"rendered":"[perex] P\u0159ipom\u00edn\u00e1me, \u017ee od 1.&nbsp;z\u00e1\u0159\u00ed 2020 op\u011bt plat\u00ed povinnost nosit rou\u0161ku \u010di jin\u00e9 zakryt\u00ed nosu a&nbsp;\u00fast v&nbsp;MHD, na hromadn\u00fdch akc\u00edch nad 100 osob a&nbsp;v&nbsp;n\u00ed\u017ee uveden\u00fdch vnit\u0159n\u00edch prostor\u00e1ch: za\u0159\u00edzen\u00ed zdravotn\u00edch a&nbsp;soci\u00e1ln\u00edch slu\u017eeb (nemocnice, ambulance, polikliniky, domovy pro seniory, stacion\u00e1\u0159e, l\u00e9k\u00e1rny a&nbsp;dal\u0161\u00ed za\u0159\u00edzen\u00ed), \u00fa\u0159ady (m\u00edstnosti ur\u010den\u00e9 pro kontakt s&nbsp;ve\u0159ejnost\u00ed v&nbsp;dob\u011b, kdy slou\u017e\u00ed pro tento \u00fa\u010del), ve\u0159ejn\u00e1 doprava [&hellip;]","protected":false},"author":5,"featured_media":35013,"comment_status":"closed","ping_status":"open","sticky":false,"template":"","format":"standard","meta":[],"categories":[34],"tags":[],"_links":{"self":[{"href":"https:\/\/www.praha7.cz\/api\/wp\/v2\/posts\/40824"}],"collection":[{"href":"https:\/\/www.praha7.cz\/api\/wp\/v2\/posts"}],"about":[{"href":"https:\/\/www.praha7.cz\/api\/wp\/v2\/types\/post"}],"author":[{"embeddable":true,"href":"https:\/\/www.praha7.cz\/api\/wp\/v2\/users\/5"}],"replies":[{"embeddable":true,"href":"https:\/\/www.praha7.cz\/api\/wp\/v2\/comments?post=40824"}],"version-history":[{"count":3,"href":"https:\/\/www.praha7.cz\/api\/wp\/v2\/posts\/40824\/revisions"}],"predecessor-version":[{"id":40829,"href":"https:\/\/www.praha7.cz\/api\/wp\/v2\/posts\/40824\/revisions\/40829"}],"wp:featuredmedia":[{"embeddable":true,"href":"https:\/\/www.praha7.cz\/api\/wp\/v2\/media\/35013"}],"wp:attachment":[{"href":"https:\/\/www.praha7.cz\/api\/wp\/v2\/media?parent=40824"}],"wp:term":[{"taxonomy":"category","embeddable":true,"href":"https:\/\/www.praha7.cz\/api\/wp\/v2\/categories?post=40824"},{"taxonomy":"post_tag","embeddable":true,"href":"https:\/\/www.praha7.cz\/api\/wp\/v2\/tags?post=40824"}],"curies":[{"name":"wp","href":"https:\/\/api.w.org\/{rel}","templated":true}]}}