    
{"id":40803,"date":"2020-08-31T14:21:52","date_gmt":"2020-08-31T12:21:52","guid":{"rendered":"https:\/\/www.praha7.cz\/?p=40803"},"modified":"2020-08-31T14:21:52","modified_gmt":"2020-08-31T12:21:52","slug":"praha-venuje-prvnackum-skolni-balicky-a-rousky","status":"publish","type":"post","link":"https:\/\/www.praha7.cz\/praha-venuje-prvnackum-skolni-balicky-a-rousky\/","title":{"rendered":"Praha v\u011bnuje prv\u0148\u00e1\u010dk\u016fm \u0161koln\u00ed bal\u00ed\u010dky a&nbsp;rou\u0161ky"},"content":{"rendered":"<p>[perex]<\/p>\r\n<p>D\u011bti, kter\u00e9 letos 1.&nbsp;z\u00e1\u0159\u00ed p\u016fjdou poprv\u00e9 do \u0161koly, dostanou od hlavn\u00edho m\u011bsta Prahy, jak se ji\u017e stalo tradic\u00ed, bal\u00ed\u010dek s\u00a0pot\u0159ebami na v\u00fdtvarnou v\u00fdchovu a&nbsp;s\u00a0dal\u0161\u00edmi u\u017eite\u010dn\u00fdmi v\u011bcmi. Bal\u00ed\u010dk\u016f je celkem 15&nbsp;300 a&nbsp;m\u011bsto je po\u0159\u00eddilo za 1\u00a0660\u00a0662&nbsp;K\u010d bez DPH. Prv\u0148\u00e1\u010dci nav\u00edc dostanou tak\u00e9 rou\u0161ky a&nbsp;dal\u0161\u00ed dary od r\u016fzn\u00fdch m\u011bstsk\u00fdch spole\u010dnost\u00ed.\u00a0Na bezpe\u010dn\u00fd p\u0159\u00edchod \u0161kol\u00e1k\u016f po pr\u00e1zdnin\u00e1ch bude dohl\u00ed\u017eet 245 str\u00e1\u017en\u00edk\u016f na celkem 174 p\u0159echodech.<\/p>\r\n<p>[\/perex]<\/p>\r\n<p>V\u00a0bal\u00ed\u010dc\u00edch, kter\u00e9 do \u0161kol rozvezla M\u011bstsk\u00e1 policie hl. m. Prahy, leto\u0161n\u00ed prv\u0148\u00e1\u010dci najdou nap\u0159\u00edklad podlo\u017eku na modelov\u00e1n\u00ed, vodov\u00e9 barvy nebo \u0161t\u011btce. Mezi dal\u0161\u00ed praktick\u00e9 d\u00e1rky pat\u0159\u00ed kel\u00edmek na vodu, model\u00edna \u010di bavln\u011bn\u00fd s\u00e1\u010dek na p\u0159ezuvky. V\u00edce jak 15\u00a0000 bal\u00ed\u010dk\u016f vy\u0161lo Prahu na necel\u00fdch 1\u00a0700\u00a0000&nbsp;K\u010d bez DPH.\u00a0<\/p>\r\n<p>\u201e<em>Pro ka\u017ed\u00e9ho rodi\u010de je za\u010d\u00e1tek \u0161koln\u00edho roku spojen\u00fd s\u00a0v\u011bt\u0161\u00edmi v\u00fddaji, kter\u00e9 jsou nezbytn\u00e9 pro n\u00e1kup \u0161koln\u00edch pot\u0159eb. Proto i&nbsp;letos Praha v\u011bnuje prv\u0148\u00e1\u010dk\u016fm praktick\u00e9 bal\u00ed\u010dky. Ty jsou v\u0161ak oproti lo\u0148sk\u00e9mu roku dopln\u011bny o&nbsp;rou\u0161ky, kter\u00e9 jsou v\u00a0t\u00e9to nemil\u00e9 situaci nezbytnou sou\u010d\u00e1st\u00ed ka\u017ed\u00e9ho z\u00a0n\u00e1s. Pevn\u011b ov\u0161em v\u011b\u0159\u00edm, \u017ee p\u0159es tuto novou povinnost ud\u011blaj\u00ed darovan\u00e9 pot\u0159eby d\u011btem radost a&nbsp;zp\u0159\u00edjemn\u00ed jim tak vstup do nov\u00e9ho \u0161koln\u00edho roku,<\/em>\u201c uvedl radn\u00ed hl. m. Prahy pro oblast \u0161kolstv\u00ed V\u00edt \u0160imral.<\/p>\r\n<p>Krom\u011b jin\u00e9ho dostanou letos d\u011bti tak\u00e9 rou\u0161ky, kter\u00e9 budou jednotliv\u011b balen\u00e9 a&nbsp;vyroben\u00e9 ze 100% polypropylenu, jen\u017e je zdravotn\u011b nez\u00e1vadn\u00fd a&nbsp;pou\u017e\u00edv\u00e1 se v\u00a0potravin\u00e1\u0159sk\u00e9m \u010di textiln\u00edm pr\u016fmyslu. D\u016fle\u017eit\u00e9 je, \u017ee se nejedn\u00e1 se o&nbsp;jednor\u00e1zovou rou\u0161ku, d\u011bti ji tak mohou vypr\u00e1n\u00ed na vy\u0161\u0161\u00ed teplotu vyu\u017e\u00edvat znovu.<\/p>\r\n<p>Za\u010d\u00e1tek \u0161koln\u00edho roku je tak\u00e9 spojen\u00fd s\u00a0bezpe\u010dnost\u00ed, pro str\u00e1\u017en\u00edky to znamen\u00e1 n\u00e1vrat na p\u0159echody u&nbsp;\u0161kol, kde dohl\u00ed\u017eej\u00ed na bezpe\u010dnou cestu \u0161kol\u00e1k\u016f. Prvn\u00edho z\u00e1\u0159\u00ed bude dohled tradi\u010dn\u011b zv\u00fd\u0161en\u00a0na maximum\u00a0\u2013 p\u0159ed za\u010d\u00e1tkem vyu\u010dov\u00e1n\u00ed bude na bezpe\u010dnost \u0161kol\u00e1k\u016f ze 151 z\u00e1kladn\u00edch \u0161kol dohl\u00ed\u017eet 245 str\u00e1\u017en\u00edk\u016f na celkem 174 p\u0159echodech. V&nbsp;r\u00e1mci cel\u00e9ho \u0161koln\u00edho roku se pak budou \u0161kol\u00e1ci r\u00e1no setk\u00e1vat se str\u00e1\u017en\u00edky na v\u00edce ne\u017e 110 p\u0159echodech.<\/p>\r\n<p>\u201e<em>Leto\u0161n\u00ed rok je nejen pro prv\u0148\u00e1\u010dky opravdu v\u00fdjime\u010dn\u00fd. Nechceme nic podcenit, proto se na n\u00e1stup \u0161kol\u00e1k\u016f \u0159\u00e1dn\u011b p\u0159ipravujeme. Krom\u011b hygienick\u00fdch bal\u00ed\u010dk\u016f, kter\u00e9 dostanou, jsme pos\u00edlili i&nbsp;hl\u00eddky m\u011bstsk\u00e9 policie v&nbsp;bl\u00edzkosti \u0161kol a&nbsp;na frekventovan\u00fdch\u00a0p\u0159echodech, aby si \u0159idi\u010di op\u011bt zvykli na vy\u0161\u0161\u00ed koncentraci mal\u00fdch d\u011bt\u00ed v&nbsp;ulic\u00edch,<\/em>\u201c \u0159ekl n\u00e1m\u011bstek prim\u00e1tora hl. m. Prahy pro oblast bezpe\u010dnosti Petr Hlubu\u010dek.\u00a0<\/p>\r\n<p>\u201e<em>Jsem r\u00e1da, \u017ee velkou \u010d\u00e1st bal\u00ed\u010dku pro prv\u0148\u00e1\u010dky tvo\u0159\u00ed pr\u00e1v\u011b v\u00fdtvarn\u00e9 pot\u0159eby. D\u011btskou tvo\u0159ivost a&nbsp;p\u0159edstavivost je t\u0159eba od \u00fatl\u00e9ho v\u011bku rozv\u00edjet a&nbsp;podporovat. Kreativitu d\u011bti krom\u011b v\u00fdtvarn\u00e9 v\u00fdchovy ur\u010dit\u011b vyu\u017eij\u00ed i&nbsp;v\u00a0dal\u0161\u00edch p\u0159edm\u011btech a&nbsp;discipl\u00edn\u00e1ch. A&nbsp;rodi\u010d\u016fm snad tato mal\u00e1 pozornost pro jejich prv\u0148\u00e1\u010dky usnadn\u00ed u\u017e tak dost hektick\u00fd za\u010d\u00e1tek \u0161koln\u00edho roku,<\/em>\u201c dodala radn\u00ed hl. m. Prahy pro kulturu a&nbsp;cestovn\u00ed ruch Hana T\u0159e\u0161t\u00edkov\u00e1.<\/p>\r\n<h4>Obsah bal\u00ed\u010dk\u016f pro prv\u0148\u00e1ky:<\/h4>\r\n<ul>\r\n\t<li>Bavln\u011bn\u00fd s\u00e1\u010dek (vak) na p\u0159ezuvky, 100% bavlna, mix barev, s\u00a0logem hl. m. Prahy<\/li>\r\n\t<li>Podlo\u017eka na modelov\u00e1n\u00ed A4, plastov\u00e1, mix barev<\/li>\r\n\t<li>Bezpe\u010dnostn\u00ed kel\u00edmek na vodu, plast<\/li>\r\n\t<li>\u0160koln\u00ed model\u00edna v\u00a0krabi\u010dce, 10 z\u00e1\u0159iv\u00fdch barev<\/li>\r\n\t<li>\u0160koln\u00ed vodov\u00e9 barvy velk\u00e9 v\u00a0plastov\u00e9m pouzd\u0159e, 12 barev<\/li>\r\n\t<li>\u0160t\u011btec ploch\u00fd, velikost 8<\/li>\r\n<\/ul>\r\n<p><img loading=\"lazy\" src=\"https:\/\/www.praha7.cz\/wp-content\/uploads\/2020\/08\/prechod_straznik_prvnacci.jpg\" alt=\"\" width=\"1500\" height=\"1000\" class=\"alignnone wp-image-40805 size-full\" srcset=\"https:\/\/www.praha7.cz\/wp-content\/uploads\/2020\/08\/prechod_straznik_prvnacci.jpg 1500w, https:\/\/www.praha7.cz\/wp-content\/uploads\/2020\/08\/prechod_straznik_prvnacci-600x400.jpg 600w, https:\/\/www.praha7.cz\/wp-content\/uploads\/2020\/08\/prechod_straznik_prvnacci-768x512.jpg 768w\" sizes=\"(max-width: 1500px) 100vw, 1500px\" \/><\/p>","protected":false},"excerpt":{"rendered":"[perex] D\u011bti, kter\u00e9 letos 1.&nbsp;z\u00e1\u0159\u00ed p\u016fjdou poprv\u00e9 do \u0161koly, dostanou od hlavn\u00edho m\u011bsta Prahy, jak se ji\u017e stalo tradic\u00ed, bal\u00ed\u010dek s\u00a0pot\u0159ebami na v\u00fdtvarnou v\u00fdchovu a&nbsp;s\u00a0dal\u0161\u00edmi u\u017eite\u010dn\u00fdmi v\u011bcmi. Bal\u00ed\u010dk\u016f je celkem 15&nbsp;300 a&nbsp;m\u011bsto je po\u0159\u00eddilo za 1\u00a0660\u00a0662&nbsp;K\u010d bez DPH. Prv\u0148\u00e1\u010dci nav\u00edc dostanou tak\u00e9 rou\u0161ky a&nbsp;dal\u0161\u00ed dary od r\u016fzn\u00fdch m\u011bstsk\u00fdch spole\u010dnost\u00ed.\u00a0Na bezpe\u010dn\u00fd p\u0159\u00edchod \u0161kol\u00e1k\u016f po pr\u00e1zdnin\u00e1ch bude [&hellip;]","protected":false},"author":97,"featured_media":40804,"comment_status":"closed","ping_status":"open","sticky":false,"template":"","format":"standard","meta":[],"categories":[34],"tags":[],"_links":{"self":[{"href":"https:\/\/www.praha7.cz\/api\/wp\/v2\/posts\/40803"}],"collection":[{"href":"https:\/\/www.praha7.cz\/api\/wp\/v2\/posts"}],"about":[{"href":"https:\/\/www.praha7.cz\/api\/wp\/v2\/types\/post"}],"author":[{"embeddable":true,"href":"https:\/\/www.praha7.cz\/api\/wp\/v2\/users\/97"}],"replies":[{"embeddable":true,"href":"https:\/\/www.praha7.cz\/api\/wp\/v2\/comments?post=40803"}],"version-history":[{"count":1,"href":"https:\/\/www.praha7.cz\/api\/wp\/v2\/posts\/40803\/revisions"}],"predecessor-version":[{"id":40806,"href":"https:\/\/www.praha7.cz\/api\/wp\/v2\/posts\/40803\/revisions\/40806"}],"wp:featuredmedia":[{"embeddable":true,"href":"https:\/\/www.praha7.cz\/api\/wp\/v2\/media\/40804"}],"wp:attachment":[{"href":"https:\/\/www.praha7.cz\/api\/wp\/v2\/media?parent=40803"}],"wp:term":[{"taxonomy":"category","embeddable":true,"href":"https:\/\/www.praha7.cz\/api\/wp\/v2\/categories?post=40803"},{"taxonomy":"post_tag","embeddable":true,"href":"https:\/\/www.praha7.cz\/api\/wp\/v2\/tags?post=40803"}],"curies":[{"name":"wp","href":"https:\/\/api.w.org\/{rel}","templated":true}]}}