    
{"id":40615,"date":"2020-08-26T16:35:09","date_gmt":"2020-08-26T14:35:09","guid":{"rendered":"https:\/\/www.praha7.cz\/?p=40615"},"modified":"2020-08-26T16:45:40","modified_gmt":"2020-08-26T14:45:40","slug":"in-swap-obleceni-vol-2","status":"publish","type":"post","link":"https:\/\/www.praha7.cz\/in-swap-obleceni-vol-2\/","title":{"rendered":"In-Swap oble\u010den\u00ed vol. 2"},"content":{"rendered":"<p>[perex]<\/p>\r\n<p>Po \u00fasp\u011b\u0161n\u00e9m Swapu oble\u010den\u00ed, kter\u00fd prob\u011bhl v&nbsp;\u010dervnu na Ortenov\u011b n\u00e1m\u011bst\u00ed, zvou organiz\u00e1to\u0159i na nov\u00fd term\u00edn v\u00fdm\u011bny \u0161atn\u00edch kousk\u016f. Uskute\u010dn\u00ed se ve st\u0159edu 2.&nbsp;z\u00e1\u0159\u00ed 2020 od 17:00 v&nbsp;coworkingov\u00e9m centru <a href=\"https:\/\/in-spiro.cz\/\" target=\"_blank\" rel=\"noopener\">In-Spiro<\/a> na adrese\u00a0Argentinsk\u00e1 38 (2.&nbsp;patro). Za donesen\u00e9 oble\u010den\u00ed si lze odn\u00e9st kousky od jin\u00fdch \u00fa\u010dastn\u00edk\u016f akce a&nbsp;obohatit tak sv\u016fj \u0161atn\u00edk.\u00a0Oble\u010den\u00ed, kter\u00e9 si nenajde nov\u00e9 majitele, zam\u00ed\u0159\u00ed do charity. Na m\u00edst\u011b drobn\u00e9 ob\u010derstven\u00ed, vstupn\u00e9 dobrovoln\u00e9.<\/p>\r\n<p>FB Ud\u00e1lost\u00a0<a href=\"https:\/\/www.facebook.com\/events\/579015296099685\/\" target=\"_blank\" rel=\"noopener\">In-Swap oble\u010den\u00ed vol. 2<\/a><\/p>\r\n<p>[\/perex]<\/p>\r\n<p><a href=\"https:\/\/www.praha7.cz\/wp-content\/uploads\/2020\/08\/In-swap-Ortenovo-n\u00e1m..png\" target=\"_blank\" rel=\"noopener\"><img loading=\"lazy\" src=\"https:\/\/www.praha7.cz\/wp-content\/uploads\/2020\/08\/In-swap-Ortenovo-n\u00e1m..png\" alt=\"\" width=\"1223\" height=\"914\" class=\"alignnone wp-image-40634 size-full\" srcset=\"https:\/\/www.praha7.cz\/wp-content\/uploads\/2020\/08\/In-swap-Ortenovo-n\u00e1m..png 1223w, https:\/\/www.praha7.cz\/wp-content\/uploads\/2020\/08\/In-swap-Ortenovo-n\u00e1m.-535x400.png 535w, https:\/\/www.praha7.cz\/wp-content\/uploads\/2020\/08\/In-swap-Ortenovo-n\u00e1m.-768x574.png 768w\" sizes=\"(max-width: 1223px) 100vw, 1223px\" \/><\/a><\/p>\r\n<p><span style=\"font-size: 14px;\"><em>In-swap 17.&nbsp;6.&nbsp;2020 Ortenovo n\u00e1m\u011bst\u00ed\u00a0<\/em><\/span><\/p>","protected":false},"excerpt":{"rendered":"[perex] Po \u00fasp\u011b\u0161n\u00e9m Swapu oble\u010den\u00ed, kter\u00fd prob\u011bhl v&nbsp;\u010dervnu na Ortenov\u011b n\u00e1m\u011bst\u00ed, zvou organiz\u00e1to\u0159i na nov\u00fd term\u00edn v\u00fdm\u011bny \u0161atn\u00edch kousk\u016f. Uskute\u010dn\u00ed se ve st\u0159edu 2.&nbsp;z\u00e1\u0159\u00ed 2020 od 17:00 v&nbsp;coworkingov\u00e9m centru In-Spiro na adrese\u00a0Argentinsk\u00e1 38 (2.&nbsp;patro). Za donesen\u00e9 oble\u010den\u00ed si lze odn\u00e9st kousky od jin\u00fdch \u00fa\u010dastn\u00edk\u016f akce a&nbsp;obohatit tak sv\u016fj \u0161atn\u00edk.\u00a0Oble\u010den\u00ed, kter\u00e9 si nenajde nov\u00e9 majitele, zam\u00ed\u0159\u00ed [&hellip;]","protected":false},"author":97,"featured_media":40619,"comment_status":"closed","ping_status":"open","sticky":false,"template":"","format":"standard","meta":[],"categories":[34],"tags":[],"_links":{"self":[{"href":"https:\/\/www.praha7.cz\/api\/wp\/v2\/posts\/40615"}],"collection":[{"href":"https:\/\/www.praha7.cz\/api\/wp\/v2\/posts"}],"about":[{"href":"https:\/\/www.praha7.cz\/api\/wp\/v2\/types\/post"}],"author":[{"embeddable":true,"href":"https:\/\/www.praha7.cz\/api\/wp\/v2\/users\/97"}],"replies":[{"embeddable":true,"href":"https:\/\/www.praha7.cz\/api\/wp\/v2\/comments?post=40615"}],"version-history":[{"count":7,"href":"https:\/\/www.praha7.cz\/api\/wp\/v2\/posts\/40615\/revisions"}],"predecessor-version":[{"id":40656,"href":"https:\/\/www.praha7.cz\/api\/wp\/v2\/posts\/40615\/revisions\/40656"}],"wp:featuredmedia":[{"embeddable":true,"href":"https:\/\/www.praha7.cz\/api\/wp\/v2\/media\/40619"}],"wp:attachment":[{"href":"https:\/\/www.praha7.cz\/api\/wp\/v2\/media?parent=40615"}],"wp:term":[{"taxonomy":"category","embeddable":true,"href":"https:\/\/www.praha7.cz\/api\/wp\/v2\/categories?post=40615"},{"taxonomy":"post_tag","embeddable":true,"href":"https:\/\/www.praha7.cz\/api\/wp\/v2\/tags?post=40615"}],"curies":[{"name":"wp","href":"https:\/\/api.w.org\/{rel}","templated":true}]}}