    
{"id":40532,"date":"2020-08-26T10:51:34","date_gmt":"2020-08-26T08:51:34","guid":{"rendered":"https:\/\/www.praha7.cz\/?p=40532"},"modified":"2020-08-26T10:51:34","modified_gmt":"2020-08-26T08:51:34","slug":"town-hall-news-september-2","status":"publish","type":"post","link":"https:\/\/www.praha7.cz\/town-hall-news-september-2\/","title":{"rendered":"Town Hall News \u2013 September"},"content":{"rendered":"<p>According to a\u00a0government decision, starting 1 September it will once again be mandatory to wear a\u00a0face mask in public transport, government offices, medical and social care facilities and at indoor events with attendance over 100. <a href=\"http:\/\/www.praha.eu\">www.praha.eu<\/a><\/p>\r\n<p>Prague City Council has approved renovation of the K\u0159i\u017e\u00edk Pavilions and Spir\u00e1la Theatre at V\u00fdstavi\u0161t\u011b. Work will begin by the end of the year.<\/p>\r\n<p>Starting in September the Prague 7 Youth Assembly will start back up and is accepting primary and secondary school students as new members. At regular meetings they come up with and implement their own projects with their own budget, working with both politicians and civil servants. Those interested can sign up on the website <a href=\"https:\/\/mladiobcane.cz\/cs\/projekty\/zastupitelstvo-mladych\/\">zastupitelstvomladych.cz<\/a>.<\/p>\r\n<p>You can contribute to the Lunch Account for students on the transparent account 2003844339\/0800 or the SOS P7 account:\u00a0000123-2000870339\/0800. Both are run by town hall. Thank you for your support.\u00a0<\/p>\r\n<hr \/>\r\n<p><em>For more information \u2013 Tom\u00e1\u0161 Taich,\u00a0<a href=\"mailto:taicht@praha7.cz\">taicht@praha7.cz<\/a>, 220\u00a0144\u00a0190 \/ 603\u00a0372\u00a0148.<\/em><\/p>","protected":false},"excerpt":{"rendered":"According to a\u00a0government decision, starting 1 September it will once again be mandatory to wear a\u00a0face mask in public transport, government offices, medical and social care facilities and at indoor events with attendance over 100.&nbsp;www.praha.eu Prague City Council has approved renovation of the K\u0159i\u017e\u00edk Pavilions and Spir\u00e1la Theatre at V\u00fdstavi\u0161t\u011b. Work will begin by [&hellip;]","protected":false},"author":76,"featured_media":34265,"comment_status":"closed","ping_status":"open","sticky":false,"template":"","format":"standard","meta":[],"categories":[35],"tags":[],"_links":{"self":[{"href":"https:\/\/www.praha7.cz\/api\/wp\/v2\/posts\/40532"}],"collection":[{"href":"https:\/\/www.praha7.cz\/api\/wp\/v2\/posts"}],"about":[{"href":"https:\/\/www.praha7.cz\/api\/wp\/v2\/types\/post"}],"author":[{"embeddable":true,"href":"https:\/\/www.praha7.cz\/api\/wp\/v2\/users\/76"}],"replies":[{"embeddable":true,"href":"https:\/\/www.praha7.cz\/api\/wp\/v2\/comments?post=40532"}],"version-history":[{"count":1,"href":"https:\/\/www.praha7.cz\/api\/wp\/v2\/posts\/40532\/revisions"}],"predecessor-version":[{"id":40533,"href":"https:\/\/www.praha7.cz\/api\/wp\/v2\/posts\/40532\/revisions\/40533"}],"wp:featuredmedia":[{"embeddable":true,"href":"https:\/\/www.praha7.cz\/api\/wp\/v2\/media\/34265"}],"wp:attachment":[{"href":"https:\/\/www.praha7.cz\/api\/wp\/v2\/media?parent=40532"}],"wp:term":[{"taxonomy":"category","embeddable":true,"href":"https:\/\/www.praha7.cz\/api\/wp\/v2\/categories?post=40532"},{"taxonomy":"post_tag","embeddable":true,"href":"https:\/\/www.praha7.cz\/api\/wp\/v2\/tags?post=40532"}],"curies":[{"name":"wp","href":"https:\/\/api.w.org\/{rel}","templated":true}]}}