    
{"id":40526,"date":"2020-08-26T10:44:41","date_gmt":"2020-08-26T08:44:41","guid":{"rendered":"https:\/\/www.praha7.cz\/?p=40526"},"modified":"2020-08-26T11:15:48","modified_gmt":"2020-08-26T09:15:48","slug":"druha-sance","status":"publish","type":"post","link":"https:\/\/www.praha7.cz\/druha-sance\/","title":{"rendered":"Druh\u00e1 \u0161ance"},"content":{"rendered":"<p>Narodil se v\u00a0Bratislav\u011b, p\u0159es t\u0159icet let \u017eil ve Varnsdorfu a\u00a0v\u00a0p\u016flce prosince\u00a02016 se vypravil do Prahy. \u201ePot\u0159eboval jsem ud\u011blat tlustou \u010d\u00e1ru a\u00a0n\u011bkam se posunout, sbalil jsem si batoh a\u00a0vyrazil jsem zkusit \u0161t\u011bst\u00ed do Prahy,\u201c vzpom\u00edn\u00e1 Franti\u0161ek Nov\u00e1k. Nejprve bydlel u\u00a0kamar\u00e1d\u016f, pak usp\u011bl v\u00a0konkurzu a\u00a0\u010dtvrt\u00fdm rokem pracuje pro m\u011bstskou spole\u010dnost Sedmi\u010dky <a href=\"https:\/\/www.7usro.cz\/\">7U s.r.o<\/a>. Za\u010d\u00ednal se zamet\u00e1n\u00edm chodn\u00edk\u016f a\u00a0vyn\u00e1\u0161en\u00edm ko\u0161\u016f, dnes m\u00e1 coby koordin\u00e1tor \u00faklidov\u00fdch komun\u00e1ln\u00edch slu\u017eeb na starosti dvan\u00e1ct lid\u00ed, kte\u0159\u00ed pracuj\u00ed s\u00a0\u010distic\u00edmi stroji a\u00a0seka\u010dkami, ale st\u00e1le zvl\u00e1dne opravit i\u00a0rozbitou houpa\u010dku na d\u011btsk\u00e9m h\u0159i\u0161ti.<\/p>\r\n<p>P\u016fvodn\u011b vyu\u010den\u00fd pleta\u0159 pracoval hned po \u0161kole osm let v\u00a0tov\u00e1rn\u011b na pun\u010dochy Elite Varnsdorf. \u201eDodnes si pamatuju na svou prvn\u00ed \u0161ichtu, \u0161el jsem v\u00a0ned\u011bli v\u00a0deset ve\u010der na no\u010dn\u00ed, maminka mi tehdy s\u00a0sebou sbalila pytl\u00edk \u0161vestek, abych je kousal a\u00a0neusnul,\u201c vzpom\u00edn\u00e1 s\u00a0\u00fasm\u011bvem Franti\u0161ek, kter\u00fd mimo jin\u00e9 pom\u00e1hal v\u00a0roce 2000 p\u0159i s\u010d\u00edt\u00e1n\u00ed lidu. \u201eChodil jsem do romsk\u00fdch rodin, kter\u00e9 jsem m\u011bl p\u0159esv\u011bd\u010dit, aby se p\u0159ihl\u00e1sily ke sv\u00e9 n\u00e1rodnosti. Devades\u00e1t procent osloven\u00fdch to ale stejn\u011b neud\u011blalo. B\u00e1li se, \u017ee jim to do budoucna m\u016f\u017ee u\u0161kodit, a\u00a0j\u00e1 se jim vlastn\u011b nediv\u00edm. Sta\u010d\u00ed se pod\u00edvat do historie. Jestli\u017ee budete m\u00edt neutr\u00e1ln\u00ed kartot\u00e9ku, anebo budete m\u00edt t\u0159\u00edd\u011bn\u00e9 \u0161anony, velmi jednodu\u0161e m\u016f\u017eete j\u00edt po tom, kter\u00fd bude m\u00edt na h\u0159bet\u011b to, co hled\u00e1te,\u201c popisuje Franti\u0161ek, jen\u017e se s\u00a0mikrorasismem, jak jej naz\u00fdv\u00e1, s\u00e1m setk\u00e1v\u00e1. \u201eJednou jsem v\u00a0r\u00e1mci sv\u00e9 pr\u00e1ce hledal v\u00a0okol\u00ed ulice Komunard\u016f hydrant, z\u00a0kter\u00e9ho bychom mohli \u010derpat vodu na zal\u00e9v\u00e1n\u00ed zelen\u011b. Auto jsem m\u011bl opod\u00e1l a\u00a0\u0161el jsem vyzkou\u0161et, zda hydrant funguje. V\u00a0ruce jsem m\u011bl p\u00e1\u010didlo, abych otev\u0159el v\u00edko. Osazenstvo nedalek\u00e9 restaurace na m\u011b pok\u0159ikovalo a\u00a0cht\u011blo volat policii. B\u011b\u017en\u011b se mi tak\u00e9 st\u00e1v\u00e1, \u017ee na dvojsedadle v\u00a0tramvaji sed\u00edm s\u00e1m. \u017diju s\u00a0t\u00edm cel\u00fd \u017eivot. Ale u\u017e to nen\u00ed k\u00e1men s\u00a0rohama, jen takov\u00fd obl\u00e1zek, kter\u00fd se d\u00e1 i\u00a0pohladit.\u201c<\/p>\r\n<p>Spole\u010dnost 7U, kde Franti\u0161ek pracuje, funguje jako soci\u00e1ln\u00ed podnik. \u201eD\u00e1v\u00e1me druhou \u0161anci lidem, kte\u0159\u00ed to maj\u00ed na trhu pr\u00e1ce t\u011b\u017e\u0161\u00ed, nebo i\u00a0t\u011bm, kter\u00fdm soud t\u0159eba za drobnou kr\u00e1de\u017e zadal ve\u0159ejn\u011b prosp\u011b\u0161n\u00e9 pr\u00e1ce. Ob\u010das je to n\u00e1ro\u010dn\u00e9, proto\u017ee n\u011bkte\u0159\u00ed ani nejsou zvykl\u00ed do pr\u00e1ce dorazit v\u010das,\u201c l\u00ed\u010d\u00ed Nov\u00e1k, kter\u00fd se sna\u017e\u00ed sv\u00e9 sv\u011b\u0159ence neust\u00e1le motivovat. \u201e\u0158ada z\u00a0nich se t\u0159eba nesetkala s\u00a0t\u00edm, \u017ee by jim n\u011bkdo vykal, o\u00a0n\u011bco je slu\u0161n\u011b poprosil a\u00a0za dob\u0159e odvedenou pr\u00e1ci jim pod\u011bkoval. Mysl\u00edm, \u017ee respekt a\u00a0v\u011bdom\u00ed, \u017ee i\u00a0dob\u0159e zameten\u00fd chodn\u00edk dok\u00e1\u017ee n\u011bkdo ocenit, je m\u016f\u017ee napl\u0148ovat, a\u00a0zat\u00edm to tak funguje.\u201c<\/p>\r\n<p>P\u0159esto\u017ee v\u00a0minulosti kritizoval kamar\u00e1dy, \u017ee z\u00a0Varnsdorfu odch\u00e1zej\u00ed za lep\u0161\u00edm, s\u00e1m nelituje a\u00a0na n\u00e1vrat zat\u00edm nepom\u00fd\u0161l\u00ed. \u201eNeum\u00edm si p\u0159edstavit, \u017ee bych \u017eil n\u011bkde jinde a\u00a0d\u011blal n\u011bco jin\u00e9ho, i\u00a0kdy\u017e Varnsdorf by \u00faklidovou firmu, kter\u00e1 by zam\u011bstnala nap\u0159\u00edklad lidi z\u00a0ulice, moc pot\u0159eboval. T\u0159eba na to je\u0161t\u011b dojde.\u00a0<\/p>","protected":false},"excerpt":{"rendered":"Narodil se v\u00a0Bratislav\u011b, p\u0159es t\u0159icet let \u017eil ve Varnsdorfu a\u00a0v\u00a0p\u016flce prosince\u00a02016 se vypravil do Prahy. \u201ePot\u0159eboval jsem ud\u011blat tlustou \u010d\u00e1ru a\u00a0n\u011bkam se posunout, sbalil jsem si batoh a\u00a0vyrazil jsem zkusit \u0161t\u011bst\u00ed do Prahy,\u201c vzpom\u00edn\u00e1 Franti\u0161ek Nov\u00e1k. Nejprve bydlel u\u00a0kamar\u00e1d\u016f, pak usp\u011bl v\u00a0konkurzu a\u00a0\u010dtvrt\u00fdm rokem pracuje pro m\u011bstskou spole\u010dnost Sedmi\u010dky 7U s.r.o. Za\u010d\u00ednal se zamet\u00e1n\u00edm chodn\u00edk\u016f [&hellip;]","protected":false},"author":76,"featured_media":40527,"comment_status":"closed","ping_status":"open","sticky":false,"template":"","format":"standard","meta":[],"categories":[37],"tags":[],"_links":{"self":[{"href":"https:\/\/www.praha7.cz\/api\/wp\/v2\/posts\/40526"}],"collection":[{"href":"https:\/\/www.praha7.cz\/api\/wp\/v2\/posts"}],"about":[{"href":"https:\/\/www.praha7.cz\/api\/wp\/v2\/types\/post"}],"author":[{"embeddable":true,"href":"https:\/\/www.praha7.cz\/api\/wp\/v2\/users\/76"}],"replies":[{"embeddable":true,"href":"https:\/\/www.praha7.cz\/api\/wp\/v2\/comments?post=40526"}],"version-history":[{"count":3,"href":"https:\/\/www.praha7.cz\/api\/wp\/v2\/posts\/40526\/revisions"}],"predecessor-version":[{"id":40530,"href":"https:\/\/www.praha7.cz\/api\/wp\/v2\/posts\/40526\/revisions\/40530"}],"wp:featuredmedia":[{"embeddable":true,"href":"https:\/\/www.praha7.cz\/api\/wp\/v2\/media\/40527"}],"wp:attachment":[{"href":"https:\/\/www.praha7.cz\/api\/wp\/v2\/media?parent=40526"}],"wp:term":[{"taxonomy":"category","embeddable":true,"href":"https:\/\/www.praha7.cz\/api\/wp\/v2\/categories?post=40526"},{"taxonomy":"post_tag","embeddable":true,"href":"https:\/\/www.praha7.cz\/api\/wp\/v2\/tags?post=40526"}],"curies":[{"name":"wp","href":"https:\/\/api.w.org\/{rel}","templated":true}]}}