    
{"id":40466,"date":"2020-08-21T15:10:25","date_gmt":"2020-08-21T13:10:25","guid":{"rendered":"https:\/\/www.praha7.cz\/?p=40466"},"modified":"2020-08-21T15:33:49","modified_gmt":"2020-08-21T13:33:49","slug":"zajmove-kurzy-pro-dospele-podzim-2020","status":"publish","type":"post","link":"https:\/\/www.praha7.cz\/zajmove-kurzy-pro-dospele-podzim-2020\/","title":{"rendered":"Z\u00e1jmov\u00e9 kurzy pro dosp\u011bl\u00e9 &#8211; podzim 2020"},"content":{"rendered":"<p>[perex]<\/p>\r\n<p>M\u010c Praha&nbsp;7 ve spolupr\u00e1ci se Z\u0160 Strossmayerovo n\u00e1m\u011bst\u00ed zahajuje p\u0159ihla\u0161ov\u00e1n\u00ed do z\u00e1jmov\u00fdch kurz\u016f pro dosp\u011bl\u00e9, kter\u00e9 odstartuj\u00ed na podzim. V&nbsp;nab\u00eddce je cel\u00e1 \u0161k\u00e1la tradi\u010dn\u00edch, ale i&nbsp;m\u00e9n\u011b tradi\u010dn\u00edch jazyk\u016f: angli\u010dtina, \u0161pan\u011bl\u0161tina, ital\u0161tina, francouz\u0161tina, n\u011bm\u010dina, \u010d\u00edn\u0161tina, japon\u0161tina, sanskrt. Pro v\u0161echny tvo\u0159iv\u00e9 z\u00e1jemce jsou p\u0159ipraveny kurzy kresby a&nbsp;malby, keramiky a&nbsp;\u0161it\u00ed.\u00a0Online p\u0159ihl\u00e1\u0161ky do jednotliv\u00fdch kurz\u016f naleznete <a href=\"https:\/\/www.praha7.cz\/volny-cas-prehled\/zajmove-kurzy\/\">ZDE<\/a>.<\/p>\r\n<p>[\/perex]<\/p>\r\n<p>Podzimn\u00ed semestr za\u010d\u00edn\u00e1 v&nbsp;t\u00fddnu od 21.&nbsp;z\u00e1\u0159\u00ed 2020.<\/p>\r\n<p>Kurzy jsou ur\u010den\u00e9 v\u0161em v\u011bkov\u00fdm kategori\u00edm dosp\u011bl\u00fdch a&nbsp;p\u0159ihl\u00e1sit se mohou i&nbsp;ob\u010dan\u00e9 z&nbsp;jin\u00fdch \u010d\u00e1st\u00ed Prahy.<\/p>\r\n<p>Leto\u0161n\u00ed pololet\u00ed bude s&nbsp;ohledem na pandemii COVID &#8211; 19 specifick\u00e9 v\u00a0n\u011bkolika ohledech. P\u0159ednost pro p\u0159ihl\u00e1\u0161en\u00ed dostali \u00fa\u010dastn\u00edci z\u00a0minul\u00e9ho pololet\u00ed, proto je mo\u017en\u00e9, \u017ee n\u011bkter\u00e9 kurzy budou ozna\u010den\u00e9 jako obsazen\u00e9, hned po otev\u0159en\u00ed p\u0159ihl\u00e1\u0161ek.\u00a0Pokud by na podzim p\u0159i\u0161la druh\u00e1 vlna, jsme p\u0159ipraveni v\u00fduku jazyk\u016f p\u0159ev\u00e9st do online prost\u0159ed\u00ed, jako tomu bylo ji\u017e minul\u00e9 pololet\u00ed. Rukod\u011bln\u00e9 a\u00a0v\u00fdtvarn\u00e9 kurzy by se musely pozastavit a\u00a0kurzovn\u00e9 bude kompenzov\u00e1no.<\/p>\r\n<p>Cena za kurz je 2700&nbsp;K\u010d za 16 lekc\u00ed, d\u00e9lka lekce je 90 minut. V\u0161em \u00fa\u010dastn\u00edk\u016fm z&nbsp;minul\u00e9ho pololet\u00ed poskytujeme 10% slevu.<\/p>\r\n<p>&nbsp;<\/p>\r\n<h3>Podrobn\u00fd p\u0159ehled z\u00e1jmov\u00fdch kurz\u016f a&nbsp;online p\u0159ihl\u00e1\u0161en\u00ed naleznete <a href=\"https:\/\/www.praha7.cz\/volny-cas-prehled\/zajmove-kurzy\/\">ZDE<\/a>.<\/h3>\r\n<p>&nbsp;<\/p>\r\n<p><strong>V\u00edce informac\u00ed v\u00e1m poskytne:<\/strong><br \/>\r\nTereza Hejmov\u00e1<br \/>\r\ne-mail:\u00a0kurzy@zs-stross.cz\u00a0<br \/>\r\ntelefon +420\u00a0770\u00a0135\u00a0315<\/p>","protected":false},"excerpt":{"rendered":"[perex] M\u010c Praha&nbsp;7 ve spolupr\u00e1ci se Z\u0160 Strossmayerovo n\u00e1m\u011bst\u00ed zahajuje p\u0159ihla\u0161ov\u00e1n\u00ed do z\u00e1jmov\u00fdch kurz\u016f pro dosp\u011bl\u00e9, kter\u00e9 odstartuj\u00ed na podzim. V&nbsp;nab\u00eddce je cel\u00e1 \u0161k\u00e1la tradi\u010dn\u00edch, ale i&nbsp;m\u00e9n\u011b tradi\u010dn\u00edch jazyk\u016f: angli\u010dtina, \u0161pan\u011bl\u0161tina, ital\u0161tina, francouz\u0161tina, n\u011bm\u010dina, \u010d\u00edn\u0161tina, japon\u0161tina, sanskrt. Pro v\u0161echny tvo\u0159iv\u00e9 z\u00e1jemce jsou p\u0159ipraveny kurzy kresby a&nbsp;malby, keramiky a&nbsp;\u0161it\u00ed.\u00a0Online p\u0159ihl\u00e1\u0161ky do jednotliv\u00fdch kurz\u016f naleznete ZDE. [\/perex] [&hellip;]","protected":false},"author":5,"featured_media":22517,"comment_status":"closed","ping_status":"open","sticky":false,"template":"","format":"standard","meta":[],"categories":[34],"tags":[],"_links":{"self":[{"href":"https:\/\/www.praha7.cz\/api\/wp\/v2\/posts\/40466"}],"collection":[{"href":"https:\/\/www.praha7.cz\/api\/wp\/v2\/posts"}],"about":[{"href":"https:\/\/www.praha7.cz\/api\/wp\/v2\/types\/post"}],"author":[{"embeddable":true,"href":"https:\/\/www.praha7.cz\/api\/wp\/v2\/users\/5"}],"replies":[{"embeddable":true,"href":"https:\/\/www.praha7.cz\/api\/wp\/v2\/comments?post=40466"}],"version-history":[{"count":6,"href":"https:\/\/www.praha7.cz\/api\/wp\/v2\/posts\/40466\/revisions"}],"predecessor-version":[{"id":40473,"href":"https:\/\/www.praha7.cz\/api\/wp\/v2\/posts\/40466\/revisions\/40473"}],"wp:featuredmedia":[{"embeddable":true,"href":"https:\/\/www.praha7.cz\/api\/wp\/v2\/media\/22517"}],"wp:attachment":[{"href":"https:\/\/www.praha7.cz\/api\/wp\/v2\/media?parent=40466"}],"wp:term":[{"taxonomy":"category","embeddable":true,"href":"https:\/\/www.praha7.cz\/api\/wp\/v2\/categories?post=40466"},{"taxonomy":"post_tag","embeddable":true,"href":"https:\/\/www.praha7.cz\/api\/wp\/v2\/tags?post=40466"}],"curies":[{"name":"wp","href":"https:\/\/api.w.org\/{rel}","templated":true}]}}