    
{"id":40271,"date":"2020-08-14T13:38:30","date_gmt":"2020-08-14T11:38:30","guid":{"rendered":"https:\/\/www.praha7.cz\/?p=40271"},"modified":"2020-08-16T11:03:56","modified_gmt":"2020-08-16T09:03:56","slug":"na-letne-vznikla-nova-vyhlidka","status":"publish","type":"post","link":"https:\/\/www.praha7.cz\/na-letne-vznikla-nova-vyhlidka\/","title":{"rendered":"Na Letn\u00e9 vznikla nov\u00e1 vyhl\u00eddka"},"content":{"rendered":"<p>[perex]<\/p>\r\n<p>Jedno z\u00a0nejkr\u00e1sn\u011bj\u0161\u00edch vyhl\u00eddkov\u00fdch m\u00edst na Letn\u00e9 pro\u0161lo celkovou \u00fapravou. Bl\u00e1tiv\u00fd se\u0161lapan\u00fd prostor mezi Hanavsk\u00fdm pavilonem a&nbsp;b\u00fdval\u00fdm Stalinov\u00fdm pomn\u00edkem byl nahrazen decentn\u00ed d\u0159ev\u011bnou podestou se z\u00e1bradl\u00edm, kter\u00e1 umo\u017en\u00ed pohodlnou vyhl\u00eddku i&nbsp;s&nbsp;posezen\u00edm a&nbsp;sou\u010dasn\u011b zamez\u00ed dal\u0161\u00ed destrukci svahu. Pro po\u0159\u00edzen\u00ed jednoho z&nbsp;nejhez\u010d\u00edch z\u00e1b\u011br\u016f Mal\u00e9 Strany nebo \u00fadol\u00ed Vltavy u\u017e tak nebude nutn\u00e9 nebezpe\u010dn\u011b p\u0159el\u00e9zat kamenn\u00fd stupe\u0148 a&nbsp;vy\u0161lap\u00e1vat horn\u00ed \u010d\u00e1st svahu.<\/p>\r\n<p>[\/perex]<br \/>\r\n\u201e<em>V\u00a0r\u00e1mci snahy hlavn\u00edho m\u011bsta Prahy o&nbsp;maxim\u00e1ln\u00ed zadr\u017een\u00ed de\u0161\u0165ov\u00e9 vody byla p\u016fvodn\u00ed asfaltov\u00e1 plocha, kter\u00e1 byla ji\u017e ve \u0161patn\u00e9m technick\u00e9m stavu, nahrazena propustnou \u017eulovou dla\u017ebou. Postupujeme tak v\u00a0duchu na\u0161eho pl\u00e1nu adaptace na zm\u011bnu klimatu. Vyhl\u00eddka byla dopln\u011bna i&nbsp;o&nbsp;nov\u00e9 odpadkov\u00e9 ko\u0161e a&nbsp;historizuj\u00edc\u00ed lavi\u010dky<\/em>,\u201c \u0159\u00edk\u00e1 n\u00e1m\u011bstek prim\u00e1tora hl. m. Prahy pro oblast \u017eivotn\u00edho prost\u0159ed\u00ed Petr Hlubu\u010dek.<\/p>\r\n<p>Celkov\u00e9 n\u00e1klady dos\u00e1hly 800 tis\u00edc korun a&nbsp;byly pln\u011b hrazeny z\u00a0rozpo\u010dtu hlavn\u00edho m\u011bsta. Jedn\u00e1 se tak za posledn\u00ed rok o&nbsp;\u00fapravu ji\u017e druh\u00e9 v\u00fdrazn\u00e9 vyhl\u00eddky v\u00a0Letensk\u00fdch sadech, kter\u00e9 d\u00edky soustavn\u00e9 pr\u00e1ci odboru ochrany prost\u0159ed\u00ed MHMP proch\u00e1zej\u00ed postupnou celkovou obnovou. Na ja\u0159e byla ji\u017e dokon\u010dena rozs\u00e1hl\u00e1 celkov\u00e1 revitalizace cel\u00e9 v\u00fdchodn\u00ed \u010d\u00e1sti parku.\u00a0<\/p>\r\n<p><img loading=\"lazy\" src=\"https:\/\/www.praha7.cz\/wp-content\/uploads\/2020\/08\/vyhlidka_letna_puvodni.jpg\" alt=\"\" width=\"4624\" height=\"2608\" class=\"alignnone wp-image-40273 size-full\" srcset=\"https:\/\/www.praha7.cz\/wp-content\/uploads\/2020\/08\/vyhlidka_letna_puvodni.jpg 4624w, https:\/\/www.praha7.cz\/wp-content\/uploads\/2020\/08\/vyhlidka_letna_puvodni-600x338.jpg 600w, https:\/\/www.praha7.cz\/wp-content\/uploads\/2020\/08\/vyhlidka_letna_puvodni-768x433.jpg 768w, https:\/\/www.praha7.cz\/wp-content\/uploads\/2020\/08\/vyhlidka_letna_puvodni-1500x846.jpg 1500w\" sizes=\"(max-width: 4624px) 100vw, 4624px\" \/><\/p>\r\n<p><span style=\"font-size: 14px;\"><em>P\u016fvodn\u00ed podoba vyhl\u00eddky<\/em><\/span><\/p>","protected":false},"excerpt":{"rendered":"[perex] Jedno z\u00a0nejkr\u00e1sn\u011bj\u0161\u00edch vyhl\u00eddkov\u00fdch m\u00edst na Letn\u00e9 pro\u0161lo celkovou \u00fapravou. Bl\u00e1tiv\u00fd se\u0161lapan\u00fd prostor mezi Hanavsk\u00fdm pavilonem a&nbsp;b\u00fdval\u00fdm Stalinov\u00fdm pomn\u00edkem byl nahrazen decentn\u00ed d\u0159ev\u011bnou podestou se z\u00e1bradl\u00edm, kter\u00e1 umo\u017en\u00ed pohodlnou vyhl\u00eddku i&nbsp;s&nbsp;posezen\u00edm a&nbsp;sou\u010dasn\u011b zamez\u00ed dal\u0161\u00ed destrukci svahu. Pro po\u0159\u00edzen\u00ed jednoho z&nbsp;nejhez\u010d\u00edch z\u00e1b\u011br\u016f Mal\u00e9 Strany nebo \u00fadol\u00ed Vltavy u\u017e tak nebude nutn\u00e9 nebezpe\u010dn\u011b p\u0159el\u00e9zat kamenn\u00fd stupe\u0148 a&nbsp;vy\u0161lap\u00e1vat [&hellip;]","protected":false},"author":97,"featured_media":40272,"comment_status":"closed","ping_status":"open","sticky":false,"template":"","format":"standard","meta":[],"categories":[34],"tags":[],"_links":{"self":[{"href":"https:\/\/www.praha7.cz\/api\/wp\/v2\/posts\/40271"}],"collection":[{"href":"https:\/\/www.praha7.cz\/api\/wp\/v2\/posts"}],"about":[{"href":"https:\/\/www.praha7.cz\/api\/wp\/v2\/types\/post"}],"author":[{"embeddable":true,"href":"https:\/\/www.praha7.cz\/api\/wp\/v2\/users\/97"}],"replies":[{"embeddable":true,"href":"https:\/\/www.praha7.cz\/api\/wp\/v2\/comments?post=40271"}],"version-history":[{"count":1,"href":"https:\/\/www.praha7.cz\/api\/wp\/v2\/posts\/40271\/revisions"}],"predecessor-version":[{"id":40274,"href":"https:\/\/www.praha7.cz\/api\/wp\/v2\/posts\/40271\/revisions\/40274"}],"wp:featuredmedia":[{"embeddable":true,"href":"https:\/\/www.praha7.cz\/api\/wp\/v2\/media\/40272"}],"wp:attachment":[{"href":"https:\/\/www.praha7.cz\/api\/wp\/v2\/media?parent=40271"}],"wp:term":[{"taxonomy":"category","embeddable":true,"href":"https:\/\/www.praha7.cz\/api\/wp\/v2\/categories?post=40271"},{"taxonomy":"post_tag","embeddable":true,"href":"https:\/\/www.praha7.cz\/api\/wp\/v2\/tags?post=40271"}],"curies":[{"name":"wp","href":"https:\/\/api.w.org\/{rel}","templated":true}]}}