    
{"id":40247,"date":"2020-08-13T16:42:44","date_gmt":"2020-08-13T14:42:44","guid":{"rendered":"https:\/\/www.praha7.cz\/?p=40247"},"modified":"2020-08-31T16:03:04","modified_gmt":"2020-08-31T14:03:04","slug":"sbirka-skolnich-potreb-pomuze-potrebnym-detem","status":"publish","type":"post","link":"https:\/\/www.praha7.cz\/sbirka-skolnich-potreb-pomuze-potrebnym-detem\/","title":{"rendered":"Sb\u00edrka \u0161koln\u00edch pot\u0159eb pom\u016f\u017ee pot\u0159ebn\u00fdm d\u011btem"},"content":{"rendered":"<p>[perex]<\/p>\r\n<p>M\u011bstsk\u00e1 \u010d\u00e1st i&nbsp;letos po\u0159\u00e1d\u00e1 p\u0159ed za\u010d\u00e1tkem \u0161koln\u00edho roku tradi\u010dn\u00ed sb\u00edrku \u0161koln\u00edch a&nbsp;v\u00fdtvarn\u00fdch pot\u0159eb pro \u017e\u00e1ky a&nbsp;studenty.\u00a0Chyst\u00e1te se koupit novou aktovku \u010di pen\u00e1l &#8211; a&nbsp;nev\u00edte, kam s&nbsp;t\u011bmi star\u0161\u00edmi kousky? Nebo m\u00e1te \u0161koln\u00ed pom\u016fcky, kter\u00e9 u\u017e nevyu\u017eijete? Ve\u0161ker\u00e9 \u0161koln\u00ed vybaven\u00ed (pou\u017eit\u00e9 i&nbsp;nov\u00e9) lze p\u0159in\u00e9st v&nbsp;<a href=\"https:\/\/www.praha7.cz\/aktualni-rezim-umoznujici-chod-uradu-mc-praha-7\/\" target=\"_blank\" rel=\"noopener\">\u00fa\u0159edn\u00edch hodin\u00e1ch<\/a> na recepci radnice U&nbsp;Pr\u016fhonu 38. Soci\u00e1ln\u00ed odbor je p\u0159ed\u00e1 rodin\u00e1m, pro kter\u00e9 n\u00e1kup \u0161koln\u00edch pom\u016fcek p\u0159edstavuje zna\u010dnou finan\u010dn\u00ed z\u00e1t\u011b\u017e.\u00a0<\/p>\r\n<p>Co najde uplatn\u011bn\u00ed:\u00a0aktovky, pen\u00e1ly, se\u0161ity, pastelky, vodovky, tempery, \u0161t\u011btce, sady pro prv\u0148\u00e1\u010dky, kru\u017e\u00edtka, prav\u00edtka, skic\u00e1ky, barevn\u00e9 pap\u00edry.<\/p>\r\n<p>[\/perex]<\/p>","protected":false},"excerpt":{"rendered":"[perex] M\u011bstsk\u00e1 \u010d\u00e1st i&nbsp;letos po\u0159\u00e1d\u00e1 p\u0159ed za\u010d\u00e1tkem \u0161koln\u00edho roku tradi\u010dn\u00ed sb\u00edrku \u0161koln\u00edch a&nbsp;v\u00fdtvarn\u00fdch pot\u0159eb pro \u017e\u00e1ky a&nbsp;studenty.\u00a0Chyst\u00e1te se koupit novou aktovku \u010di pen\u00e1l &#8211; a&nbsp;nev\u00edte, kam s&nbsp;t\u011bmi star\u0161\u00edmi kousky? Nebo m\u00e1te \u0161koln\u00ed pom\u016fcky, kter\u00e9 u\u017e nevyu\u017eijete? Ve\u0161ker\u00e9 \u0161koln\u00ed vybaven\u00ed (pou\u017eit\u00e9 i&nbsp;nov\u00e9) lze p\u0159in\u00e9st v&nbsp;\u00fa\u0159edn\u00edch hodin\u00e1ch na recepci radnice U&nbsp;Pr\u016fhonu 38. Soci\u00e1ln\u00ed odbor je p\u0159ed\u00e1 rodin\u00e1m, [&hellip;]","protected":false},"author":97,"featured_media":40248,"comment_status":"closed","ping_status":"open","sticky":false,"template":"","format":"standard","meta":[],"categories":[34],"tags":[],"_links":{"self":[{"href":"https:\/\/www.praha7.cz\/api\/wp\/v2\/posts\/40247"}],"collection":[{"href":"https:\/\/www.praha7.cz\/api\/wp\/v2\/posts"}],"about":[{"href":"https:\/\/www.praha7.cz\/api\/wp\/v2\/types\/post"}],"author":[{"embeddable":true,"href":"https:\/\/www.praha7.cz\/api\/wp\/v2\/users\/97"}],"replies":[{"embeddable":true,"href":"https:\/\/www.praha7.cz\/api\/wp\/v2\/comments?post=40247"}],"version-history":[{"count":5,"href":"https:\/\/www.praha7.cz\/api\/wp\/v2\/posts\/40247\/revisions"}],"predecessor-version":[{"id":40828,"href":"https:\/\/www.praha7.cz\/api\/wp\/v2\/posts\/40247\/revisions\/40828"}],"wp:featuredmedia":[{"embeddable":true,"href":"https:\/\/www.praha7.cz\/api\/wp\/v2\/media\/40248"}],"wp:attachment":[{"href":"https:\/\/www.praha7.cz\/api\/wp\/v2\/media?parent=40247"}],"wp:term":[{"taxonomy":"category","embeddable":true,"href":"https:\/\/www.praha7.cz\/api\/wp\/v2\/categories?post=40247"},{"taxonomy":"post_tag","embeddable":true,"href":"https:\/\/www.praha7.cz\/api\/wp\/v2\/tags?post=40247"}],"curies":[{"name":"wp","href":"https:\/\/api.w.org\/{rel}","templated":true}]}}