    
{"id":40216,"date":"2020-08-12T16:22:05","date_gmt":"2020-08-12T14:22:05","guid":{"rendered":"https:\/\/www.praha7.cz\/?p=40216"},"modified":"2020-08-12T17:06:19","modified_gmt":"2020-08-12T15:06:19","slug":"praha-7-se-zameri-na-rozvoj-ulicnich-stromoradi","status":"publish","type":"post","link":"https:\/\/www.praha7.cz\/praha-7-se-zameri-na-rozvoj-ulicnich-stromoradi\/","title":{"rendered":"Praha&nbsp;7 se zam\u011b\u0159\u00ed na rozvoj uli\u010dn\u00edch stromo\u0159ad\u00ed"},"content":{"rendered":"<p>[perex]<\/p>\r\n<p>Sedm\u00e1 m\u011bstsk\u00e1 \u010d\u00e1st si nech\u00e1 zpracovat koncepci uli\u010dn\u00edch stromo\u0159ad\u00ed, kter\u00e1 se bude v\u011bnovat p\u00e9\u010di o&nbsp;stromy v\u00a0ulic\u00edch a&nbsp;tak\u00e9 obnov\u011b uli\u010dn\u00edch stromo\u0159ad\u00ed a&nbsp;mo\u017enostem nov\u00e9 v\u00fdsadby. V\u00a0n\u00e1vaznosti na vyhl\u00e1\u0161en\u00fd stav <a href=\"https:\/\/www.praha7.cz\/praha-7-vyhlasila-stav-klimaticke-nouze\/\">klimatick\u00e9 nouze<\/a> chce Sedmi\u010dka touto cestou p\u0159isp\u011bt ke zm\u00edrn\u011bn\u00ed dopad\u016f klimatick\u00fdch zm\u011bn, zlep\u0161en\u00ed \u017eivotn\u00edho prost\u0159ed\u00ed i&nbsp;zv\u00fd\u0161en\u00ed estetick\u00e9ho potenci\u00e1lu ulic.<\/p>\r\n<p>[\/perex]<\/p>\r\n<p>Centr\u00e1ln\u00ed \u010d\u00e1sti Prahy, mezi kter\u00e9 pat\u0159\u00ed i&nbsp;Praha&nbsp;7, se nach\u00e1zej\u00ed v\u00a0tzv. m\u011bstsk\u00e9m tepeln\u00e9m ostrov\u011b. <strong>M\u011bstsk\u00e9 tepeln\u00e9 ostrovy<\/strong> jsou \u010d\u00edm d\u00e1l t\u00edm v\u011bt\u0161\u00edm probl\u00e9mem, kter\u00fd negativn\u011b ovliv\u0148uje kvalitu zastav\u011bn\u00e9ho m\u011bstsk\u00e9ho prost\u0159ed\u00ed a&nbsp;t\u00edm i&nbsp;kvalitu \u017eivota samotn\u00fdch obyvatel. Vyzna\u010duj\u00ed se teplotami a\u017e o&nbsp;8&nbsp;\u00b0C vy\u0161\u0161\u00edmi ne\u017e v\u00a0p\u0159\u00edrod\u011b ve stejn\u00e9m klimatick\u00e9m p\u00e1su a&nbsp;zhor\u0161uj\u00ed nejen stav \u017eivotn\u00edho prost\u0159ed\u00ed, ale ovliv\u0148uj\u00ed i&nbsp;psychiku a\u00a0produktivitu \u010dlov\u011bka. Jednou z\u00a0mo\u017enost\u00ed \u0159e\u0161en\u00ed je funk\u010dn\u00ed zele\u0148 v&nbsp;ulic\u00edch \u2013 ide\u00e1ln\u011b stromy, kter\u00e9 zast\u00edn\u00ed chodn\u00edky a&nbsp;p\u0159ilehl\u00e9 \u010d\u00e1sti ulic. Umis\u0165ov\u00e1n\u00edm zelen\u00fdch ploch (stromy s&nbsp;hust\u00fdmi korunami, \u017eiv\u00e9 ploty, ke\u0159e, tr\u00e1va) se sni\u017euj\u00ed teplotn\u00ed rozd\u00edly. Strom sv\u00fdm st\u00ednem a&nbsp;odpa\u0159ov\u00e1n\u00edm vody chlad\u00ed sv\u00e9 okol\u00ed a&nbsp;zlep\u0161uje mikroklima. Mimo to m\u00e1 zele\u0148 estetick\u00fd potenci\u00e1l \u2013 pozitivn\u011b dotv\u00e1\u0159\u00ed r\u00e1z m\u011bsta.<\/p>\r\n<p><strong>Na \u00fazem\u00ed Prahy&nbsp;7 je v&nbsp;sou\u010dasn\u00e9 dob\u011b p\u0159es 30 jednostrann\u00fdch \u010di oboustrann\u00fdch stromo\u0159ad\u00ed.<\/strong>\u00a0Stromy v\u00a0ulic\u00edch jsou ve vlastnictv\u00ed hlavn\u00edho m\u011bsta Prahy a&nbsp;spravuje je Technick\u00e1 spr\u00e1va komunikac\u00ed. Z\u00e1jmem m\u011bstsk\u00e9 \u010d\u00e1sti je zajistit, aby stromy, kter\u00e9 v\u00a0ulic\u00edch ji\u017e rostou, m\u011bly optim\u00e1ln\u00ed podm\u00ednky, prosp\u00edvaly a&nbsp;plnily v\u0161echny sv\u00e9 funkce. Z\u00e1rove\u0148 chce Praha&nbsp;7 zvy\u0161ovat mno\u017estv\u00ed zelen\u011b na sv\u00e9m \u00fazem\u00ed a&nbsp;tam, kde je to mo\u017en\u00e9, dopl\u0148ovat stromy do ulic.<\/p>\r\n<p><strong>Koncepce p\u00e9\u010de, obnovy a&nbsp;rozvoje stromo\u0159ad\u00ed v&nbsp;ulic\u00edch Prahy&nbsp;7<\/strong> bude zpracov\u00e1na ve dvou etap\u00e1ch.<\/p>\r\n<p><strong>Prvn\u00ed etapa<\/strong> se bude v\u011bnovat sou\u010dasn\u00e9mu stavu strom\u016f v&nbsp;ulic\u00edch, jejich kondici, funkci, perspektiv\u011b i&nbsp;estetick\u00e9mu v\u00fdznamu. Na z\u00e1klad\u011b t\u011bchto podklad\u016f bude zhodnocen stav stromo\u0159ad\u00ed, pops\u00e1ny charakteristick\u00e9 probl\u00e9my pro jednotliv\u00e9 \u00faseky s\u00a0koment\u00e1\u0159em, n\u00e1vrhem opat\u0159en\u00ed a&nbsp;postupem, jak o&nbsp;stromy pe\u010dovat, aby do\u0161lo k\u00a0jejich ide\u00e1ln\u00edmu v\u00fdvoji \u010di zlep\u0161en\u00ed stavu a&nbsp;funk\u010dnosti. Tato \u010d\u00e1st koncepce by m\u011bla b\u00fdt zpracov\u00e1na do konce roku 2021.<\/p>\r\n<p><strong>Druh\u00e1 etapa<\/strong> se bude zab\u00fdvat n\u00e1vrhem nov\u00fdch stromo\u0159ad\u00ed na \u00fazem\u00ed m\u011bstsk\u00e9 \u010d\u00e1sti. V\u00a0n\u00ed budou vytipov\u00e1ny a&nbsp;pops\u00e1ny ulice, kde by mohly b\u00fdt nov\u00e9 stromy vysazov\u00e1ny. Vyu\u017eita bude tak\u00e9 mapa kategorizace ulic, kterou ji\u017e m\u011bstsk\u00e1 \u010d\u00e1st zpracovala na z\u00e1klad\u011b charakteru, vyt\u00ed\u017eenosti a&nbsp;v\u00fdznamu jednotliv\u00fdch lokalit. Ve spolupr\u00e1ci s&nbsp;dendrologem bude navr\u017eena vhodn\u00e1 druhov\u00e1 skladba strom\u016f pro lok\u00e1ln\u00ed podm\u00ednky.<\/p>\r\n<p>Z\u00edskan\u00e1 data bude Praha&nbsp;7 sd\u00edlet a&nbsp;vyu\u017e\u00edvat spole\u010dn\u011b s\u00a0Technickou spr\u00e1vou komunikac\u00ed hl. m. Prahy, a. s. Koncepce bude slou\u017eit jako podklad pro dal\u0161\u00ed nastaven\u00ed optim\u00e1ln\u00ed p\u00e9\u010de o&nbsp;zele\u0148 a&nbsp;zpracov\u00e1n\u00ed projektov\u00fdch dokumentac\u00ed.<\/p>\r\n<p><strong>O \u00faskal\u00edch v\u00fdsadby nov\u00fdch strom\u016f v\u00a0ulic\u00edch si m\u016f\u017eete v\u00edce p\u0159e\u010d\u00edst tak\u00e9 <a href=\"https:\/\/www.praha7.cz\/dalsi-stromy-pro-prahu-7-jak-je-obtizne-dostat-je-do-ulic\/\" target=\"_blank\" rel=\"noopener\">ZDE<\/a>.<\/strong><\/p>","protected":false},"excerpt":{"rendered":"[perex] Sedm\u00e1 m\u011bstsk\u00e1 \u010d\u00e1st si nech\u00e1 zpracovat koncepci uli\u010dn\u00edch stromo\u0159ad\u00ed, kter\u00e1 se bude v\u011bnovat p\u00e9\u010di o&nbsp;stromy v\u00a0ulic\u00edch a&nbsp;tak\u00e9 obnov\u011b uli\u010dn\u00edch stromo\u0159ad\u00ed a&nbsp;mo\u017enostem nov\u00e9 v\u00fdsadby. V\u00a0n\u00e1vaznosti na vyhl\u00e1\u0161en\u00fd stav klimatick\u00e9 nouze chce Sedmi\u010dka touto cestou p\u0159isp\u011bt ke zm\u00edrn\u011bn\u00ed dopad\u016f klimatick\u00fdch zm\u011bn, zlep\u0161en\u00ed \u017eivotn\u00edho prost\u0159ed\u00ed i&nbsp;zv\u00fd\u0161en\u00ed estetick\u00e9ho potenci\u00e1lu ulic. [\/perex] Centr\u00e1ln\u00ed \u010d\u00e1sti Prahy, mezi kter\u00e9 pat\u0159\u00ed i&nbsp;Praha&nbsp;7, [&hellip;]","protected":false},"author":5,"featured_media":40218,"comment_status":"closed","ping_status":"open","sticky":false,"template":"","format":"standard","meta":[],"categories":[34,74],"tags":[],"_links":{"self":[{"href":"https:\/\/www.praha7.cz\/api\/wp\/v2\/posts\/40216"}],"collection":[{"href":"https:\/\/www.praha7.cz\/api\/wp\/v2\/posts"}],"about":[{"href":"https:\/\/www.praha7.cz\/api\/wp\/v2\/types\/post"}],"author":[{"embeddable":true,"href":"https:\/\/www.praha7.cz\/api\/wp\/v2\/users\/5"}],"replies":[{"embeddable":true,"href":"https:\/\/www.praha7.cz\/api\/wp\/v2\/comments?post=40216"}],"version-history":[{"count":4,"href":"https:\/\/www.praha7.cz\/api\/wp\/v2\/posts\/40216\/revisions"}],"predecessor-version":[{"id":40223,"href":"https:\/\/www.praha7.cz\/api\/wp\/v2\/posts\/40216\/revisions\/40223"}],"wp:featuredmedia":[{"embeddable":true,"href":"https:\/\/www.praha7.cz\/api\/wp\/v2\/media\/40218"}],"wp:attachment":[{"href":"https:\/\/www.praha7.cz\/api\/wp\/v2\/media?parent=40216"}],"wp:term":[{"taxonomy":"category","embeddable":true,"href":"https:\/\/www.praha7.cz\/api\/wp\/v2\/categories?post=40216"},{"taxonomy":"post_tag","embeddable":true,"href":"https:\/\/www.praha7.cz\/api\/wp\/v2\/tags?post=40216"}],"curies":[{"name":"wp","href":"https:\/\/api.w.org\/{rel}","templated":true}]}}