    
{"id":40124,"date":"2020-08-07T12:56:36","date_gmt":"2020-08-07T10:56:36","guid":{"rendered":"https:\/\/www.praha7.cz\/?p=40124"},"modified":"2020-08-07T12:56:36","modified_gmt":"2020-08-07T10:56:36","slug":"ve-finale-adapterra-award-je-21-projektu-pomahajicich-celit-zmene-klimatu","status":"publish","type":"post","link":"https:\/\/www.praha7.cz\/ve-finale-adapterra-award-je-21-projektu-pomahajicich-celit-zmene-klimatu\/","title":{"rendered":"Ve fin\u00e1le Adapterra Award je 21 projekt\u016f pom\u00e1haj\u00edc\u00edch \u010delit zm\u011bn\u011b klimatu"},"content":{"rendered":"<p>[perex]<\/p>\r\n<p>Za\u010dalo ve\u0159ejn\u00e9 hlasov\u00e1n\u00ed v&nbsp;sout\u011b\u017ei <a href=\"https:\/\/www.adapterraawards.cz\/hlasovani\" target=\"_blank\" rel=\"noopener\">Adapterra Awards<\/a> o&nbsp;nejlep\u0161\u00ed n\u00e1pad, jak p\u0159ipravit \u010desk\u00e1 m\u011bsta a&nbsp;krajinu na projevy zm\u011bn klimatu jako je sucho, vedra nebo p\u0159\u00edvalov\u00e9 de\u0161t\u011b. Do fin\u00e1le se dostalo 21 projekt\u016f a&nbsp;p\u011bt z\u00a0nich je z\u00a0Prahy. A\u017e do konce z\u00e1\u0159\u00ed tak mohou lid\u00e9 vyb\u00edrat mezi nejlep\u0161\u00edmi projekty realizovan\u00fdmi v\u00a0\u010cesk\u00e9 republice na ozele\u0148ov\u00e1n\u00ed budov a&nbsp;ve\u0159ejn\u00fdch prostranstv\u00ed, ochlazov\u00e1n\u00ed m\u011bstsk\u00fdch ulic nebo navracen\u00ed vody do krajiny, kter\u00e9 reaguj\u00ed na sou\u010dasn\u00e9 probl\u00e9my zm\u011bny klimatu.<\/p>\r\n<p>[\/perex]<\/p>\r\n<p>Odborn\u00e1 komise vybrala z&nbsp;bezm\u00e1la osmdes\u00e1ti p\u0159ihl\u00e1\u0161en\u00fdch p\u0159\u00edklad\u016f adapta\u010dn\u00edch opat\u0159en\u00ed z\u00a0cel\u00e9 republiky hned jedenadvacet. Z&nbsp;\u00fazem\u00ed Prahy se celkem se\u0161lo 22 projekt\u016f realizovan\u00fdch hlavn\u00edm m\u011bstem Prahou, m\u011bstsk\u00fdmi spole\u010dnostmi, m\u011bstsk\u00fdmi \u010d\u00e1stmi, soukrom\u00fdmi osobami i&nbsp;developersk\u00fdmi spole\u010dnostmi.\u00a0<\/p>\r\n<p>\u201e<em>M\u00e1m velkou radost z\u00a0toho, kolik projekt\u016f se do t\u00e9to sout\u011b\u017ee p\u0159ihl\u00e1silo. V\u00a0lo\u0148sk\u00e9m roce p\u0159ijala Praha sv\u016fj klimatick\u00fd z\u00e1vazek. Adapta\u010dn\u00ed opat\u0159en\u00ed na zm\u011bnu klimatu pat\u0159\u00ed mezi zp\u016fsoby, jak jej naplnit a&nbsp;jak m\u011bsto na zm\u011bnu klimatu p\u0159ipravit, aby bylo p\u0159\u00edjemn\u011bj\u0161\u00ed k\u00a0\u017eivotu. Ode dne\u0161ka m\u016f\u017ee ka\u017ed\u00fd p\u0159id\u011blit dva hlasy nejsympati\u010dt\u011bj\u0161\u00edm fin\u00e1lov\u00fdm projekt\u016fm<\/em>,\u201c \u0159\u00edk\u00e1 n\u00e1m\u011bstek prim\u00e1tora hl. m. Prahy a&nbsp;radn\u00ed pro oblast \u017eivotn\u00edho prost\u0159ed\u00ed Petr Hlubu\u010dek.\u00a0<\/p>\r\n<p>\u201e<em>Do leto\u0161n\u00edho ro\u010dn\u00edku se p\u0159ihl\u00e1silo na osm des\u00edtek projekt\u016f, co\u017e potvrzuje zvy\u0161uj\u00edc\u00ed se pov\u011bdom\u00ed o&nbsp;pot\u0159eb\u011b adaptac\u00ed na zm\u011bnu klimatu. St\u00e1le \u010dast\u011bji se setk\u00e1v\u00e1me se zohledn\u011bn\u00edm dopad\u016f klimatick\u00e9 zm\u011bny p\u0159i projektov\u00e1n\u00ed staveb, \u00faprav\u00e1ch zastav\u011bn\u00fdch \u00fazem\u00ed i&nbsp;z\u00e1saz\u00edch do krajiny. P\u0159ihl\u00e1\u0161en\u00e9 projekty pokr\u00fdvaj\u00ed celou \u0161k\u00e1lu adapta\u010dn\u00edch opat\u0159en\u00ed a&nbsp;jsou hodnoceny porotou dle mnoha krit\u00e9ri\u00ed. V&nbsp;ka\u017ed\u00e9 kategorii reprezentuje v\u00fdb\u011br to nejlep\u0161\u00ed. P\u0159esto i&nbsp;projekty neza\u0159azen\u00e9 do u\u017e\u0161\u00edho v\u00fdb\u011bru jsou inspirativn\u00ed a&nbsp;kvalitn\u00ed. Na volb\u011b finalist\u016f je patrn\u00e9, \u017ee \u00fasp\u011b\u0161n\u00e9 a&nbsp;dob\u0159e hodnocen\u00e9 mohou b\u00fdt nejen velk\u00e9 ve\u0159ejn\u00e9 z\u00e1m\u011bry, ale i&nbsp;iniciativy jednotlivc\u016f \u010di komunit,<\/em>\u201c shrnuje porotkyn\u011b Zuzana Rajchlov\u00e1 z&nbsp;Centra pro ot\u00e1zky \u017eivotn\u00edho prost\u0159ed\u00ed UK.<\/p>\r\n<p><strong>Mezi p\u011btic\u00ed finalist\u016f z\u00a0Prahy<\/strong> je nap\u0159\u00edklad <strong>nov\u00fd krajinn\u00fd park v\u00a0Ladech<\/strong>, kter\u00fd m\u011bsto vybudovalo na \u00fazem\u00ed mezi Biologick\u00fdm rybn\u00edkem, Xaverovsk\u00fdm rybn\u00edkem a&nbsp;d\u00e1lnic\u00ed D8. P\u016fvodn\u011b nep\u0159\u00edstupn\u00e9, zarostl\u00e9 \u00fazem\u00ed s&nbsp;bahnem zanesen\u00fdmi rybn\u00edky a&nbsp;polem se zm\u011bnilo v&nbsp;p\u0159\u00edjemnou vych\u00e1zkovou lokalitu.<\/p>\r\n<p>Dal\u0161\u00edm projektem realizovan\u00fdm hlavn\u00edm m\u011bstem Prahou je <strong>pole Plu\u017einy<\/strong>, p\u0159\u00edklad ekologick\u00e9ho hospoda\u0159en\u00ed na p\u016fvodn\u011b konven\u010dn\u011b obd\u011bl\u00e1van\u00e9 p\u016fd\u011b. Pomoc\u00ed alej\u00ed ovocn\u00fdch strom\u016f bylo pole rozd\u011bleno do tradi\u010dn\u00edch men\u0161\u00edch podlouhl\u00fdch pol\u00ed\u010dek zvan\u00fdch plu\u017einy. B\u011bhem roku 2019 vyp\u011bstovanou zeleninu m\u011bsto dod\u00e1valo do des\u00edtek j\u00eddelen mate\u0159sk\u00fdch, z\u00e1kladn\u00edch i&nbsp;st\u0159edn\u00edch \u0161kol, domov\u016f pro seniory nebo d\u011btsk\u00fdch domov\u016f.<\/p>\r\n<p>Porota vybrala t\u00e9\u017e <strong>obnovu centr\u00e1ln\u00edho prostoru Kr\u00e1lovsk\u00e9 obory Stromovka v\u00a0Praze 7<\/strong>, kdy v&nbsp;r\u00e1mci celkov\u00e9 rekonstrukce dna a&nbsp;hr\u00e1ze b\u00fdval\u00e9ho rybn\u00edka v&nbsp;parku Stromovka m\u011bsto obnovilo st\u00e1vaj\u00edc\u00ed vodn\u00ed syst\u00e9m, vznikly nov\u00e9 vodn\u00ed plochy s&nbsp;d\u0159ev\u011bn\u00fdmi pochoz\u00edmi moly. Asfaltov\u00fd povrch parkov\u00fdch cest byl nahrazen mlatov\u00fdm povrchem. Nov\u011b byly zrealizov\u00e1ny rozs\u00e1hl\u00e9 krajin\u00e1\u0159sk\u00e9 ter\u00e9nn\u00ed modelace, na kter\u00e9 nav\u00e1zalo zalo\u017een\u00ed kv\u011btnat\u00e9 louky a&nbsp;tr\u00e1vobylinn\u00fdch spole\u010denstev. Bylo vysazeno mnoho dom\u00e1c\u00edch i&nbsp;zaj\u00edmav\u00fdch sb\u00edrkov\u00fdch d\u0159evin, kter\u00e9 z&nbsp;parku vymizely po opakovan\u00fdch povodn\u00edch.<\/p>\r\n<p>Mezi finalisty jsou t\u00e9\u017e dva projekty soukrom\u00fdch investor\u016f \u2013 SUOMI Hloub\u011bt\u00edn a&nbsp;\u010cSOB Kampus. <strong>Obytn\u00fd soubor SUOMI Hloub\u011bt\u00edn<\/strong> navazuje na \u00fazem\u00ed kolem potoka Rokytka, a&nbsp;sou\u010dasn\u011b dopl\u0148uje revitalizaci, kterou zde m\u011bsto realizuje. Sou\u010d\u00e1st\u00ed projektu je jedna z&nbsp;prvn\u00edch realizac\u00ed opat\u0159en\u00ed na zadr\u017eov\u00e1n\u00ed de\u0161\u0165ov\u00e9 vody v\u00a0\u00fazem\u00ed v\u00a0r\u00e1mci bytov\u00e9ho projektu v&nbsp;Praze v&nbsp;takto velik\u00e9m m\u011b\u0159\u00edtku a&nbsp;v&nbsp;n\u00e1vaznosti p\u0159\u00edmo na \u0159e\u0161en\u00ed vodn\u00edho toku. Zadr\u017eov\u00e1n\u00ed a&nbsp;odvod de\u0161\u0165ov\u00e9 vody vyu\u017e\u00edv\u00e1 \u0159adu r\u016fzn\u00fdch opat\u0159en\u00ed.<\/p>\r\n<p>Stavba centr\u00e1ly \u010cSOB \u2013 <strong>\u010cSOB Kampus<\/strong> byla navr\u017eena tak, aby byla v&nbsp;souladu s&nbsp;okol\u00edm Radlick\u00e9ho \u00fadol\u00ed. Budova kop\u00edruje reli\u00e9f svahu, do kter\u00e9ho je um\u00edst\u011bna, d\u00edky pou\u017eit\u00fdm materi\u00e1l\u016fm a&nbsp;st\u0159e\u0161n\u00ed zeleni dokonale spl\u00fdv\u00e1 s&nbsp;okol\u00edm. Unik\u00e1tn\u00ed je zejm\u00e9na \u0159e\u0161en\u00ed vyt\u00e1p\u011bn\u00ed a&nbsp;ochlazov\u00e1n\u00ed.<\/p>\r\n<p>Inspirativn\u00ed a&nbsp;kvalitn\u00ed je i&nbsp;\u0159ada dal\u0161\u00edch p\u0159ihl\u00e1\u0161en\u00fdch a&nbsp;fin\u00e1lov\u00fdch projekt\u016f. V\u0161echny jsou k\u00a0dispozici na webu <a href=\"https:\/\/www.adapterraawards.cz\/\" target=\"_blank\" rel=\"noopener\">adapterraawards.cz<\/a>, kde je tak\u00e9 prostor pro v\u00fdb\u011br a&nbsp;hlasov\u00e1n\u00ed pro sv\u00e9 favority. V&nbsp;z\u00e1v\u011bre\u010dn\u00e9m t\u00fddnu hlasov\u00e1n\u00ed ji\u017e nebudou zve\u0159ej\u0148ov\u00e1ny aktu\u00e1ln\u00ed po\u010dty hlas\u016f pro jednotliv\u00e9 projekty, aby fin\u00e1le bylo nap\u00ednav\u011bj\u0161\u00ed.\u00a0 \u0160estice v\u00edt\u011bz\u016f si sv\u00e1 ocen\u011bn\u00ed p\u0159evezme 4.&nbsp;listopadu 2020 na konferenci v\u011bnovan\u00e9 nejlep\u0161\u00ed praxi v&nbsp;adaptac\u00edch na zm\u011bnu klimatu. Na konferenci, kter\u00e1 se bude konat v\u00a0Praze v\u00a0CAMPu, je mo\u017en\u00e9 se <a href=\"https:\/\/www.adapterraawards.cz\/cs\/Konference\" target=\"_blank\" rel=\"noopener\">registrovat ji\u017e nyn\u00ed<\/a>.<\/p>\r\n<p>V\u0161echna kvalitn\u00ed opat\u0159en\u00ed se dostanou do inspirativn\u00ed datab\u00e1ze nejlep\u0161\u00edch p\u0159\u00edklad\u016f z&nbsp;\u010cesk\u00e9 republiky. \u0160est v\u00edt\u011bz\u016f \u2013 v&nbsp;ka\u017ed\u00e9 ze \u010dty\u0159 kategori\u00ed: voln\u00e1 krajina, zastav\u011bn\u00e9 \u00fazem\u00ed, pracovn\u00ed prost\u0159ed\u00ed, n\u00e1\u0161 domov, d\u00e1le v\u00edt\u011bz ve\u0159ejn\u00e9ho hlasov\u00e1n\u00ed a&nbsp;nejlep\u0161\u00ed projekt na \u00fazem\u00ed Prahy \u2013 se z\u00e1rove\u0148 na ja\u0159e 2021 vydaj\u00ed na zahrani\u010dn\u00ed exkurzi.<\/p>\r\n<hr \/>\r\n<p><a href=\"https:\/\/drive.google.com\/drive\/folders\/17Kw1v5LuEmg730fKWukNtf3rBYTPDwt-\" target=\"_blank\" rel=\"noopener\">Fotografie fin\u00e1lov\u00fdch projekt\u016f<\/a> &amp; <a href=\"https:\/\/drive.google.com\/drive\/folders\/1_LhXjuYzUxQziXoQ1n63CsG6E-FjUu6I\" target=\"_blank\" rel=\"noopener\">Kompletn\u00ed presskit s\u00a0p\u0159edstaven\u00edm finalist\u016f<\/a><\/p>\r\n<hr \/>\r\n<p>Sout\u011b\u017e po\u0159\u00e1d\u00e1 druh\u00fdm rokem Nadace Partnerstv\u00ed ve spolupr\u00e1ci s&nbsp;odborn\u00fdm garantem Integra Consulting a&nbsp;s&nbsp;podporou hlavn\u00edho partnera spole\u010dnosti Nestl\u00e9 \u010cesko, Ministerstva \u017eivotn\u00edho prost\u0159ed\u00ed a&nbsp;hlavn\u00edho m\u011bsta Prahy. Z\u00e1\u0161titu poskytl p\u0159edseda Sen\u00e1tu parlamentu \u010cR Milo\u0161 Vystr\u010dil.\u00a0<\/p>","protected":false},"excerpt":{"rendered":"[perex] Za\u010dalo ve\u0159ejn\u00e9 hlasov\u00e1n\u00ed v&nbsp;sout\u011b\u017ei Adapterra Awards o&nbsp;nejlep\u0161\u00ed n\u00e1pad, jak p\u0159ipravit \u010desk\u00e1 m\u011bsta a&nbsp;krajinu na projevy zm\u011bn klimatu jako je sucho, vedra nebo p\u0159\u00edvalov\u00e9 de\u0161t\u011b. Do fin\u00e1le se dostalo 21 projekt\u016f a&nbsp;p\u011bt z\u00a0nich je z\u00a0Prahy. A\u017e do konce z\u00e1\u0159\u00ed tak mohou lid\u00e9 vyb\u00edrat mezi nejlep\u0161\u00edmi projekty realizovan\u00fdmi v\u00a0\u010cesk\u00e9 republice na ozele\u0148ov\u00e1n\u00ed budov a&nbsp;ve\u0159ejn\u00fdch prostranstv\u00ed, ochlazov\u00e1n\u00ed [&hellip;]","protected":false},"author":97,"featured_media":40125,"comment_status":"closed","ping_status":"open","sticky":false,"template":"","format":"standard","meta":[],"categories":[34],"tags":[],"_links":{"self":[{"href":"https:\/\/www.praha7.cz\/api\/wp\/v2\/posts\/40124"}],"collection":[{"href":"https:\/\/www.praha7.cz\/api\/wp\/v2\/posts"}],"about":[{"href":"https:\/\/www.praha7.cz\/api\/wp\/v2\/types\/post"}],"author":[{"embeddable":true,"href":"https:\/\/www.praha7.cz\/api\/wp\/v2\/users\/97"}],"replies":[{"embeddable":true,"href":"https:\/\/www.praha7.cz\/api\/wp\/v2\/comments?post=40124"}],"version-history":[{"count":2,"href":"https:\/\/www.praha7.cz\/api\/wp\/v2\/posts\/40124\/revisions"}],"predecessor-version":[{"id":40127,"href":"https:\/\/www.praha7.cz\/api\/wp\/v2\/posts\/40124\/revisions\/40127"}],"wp:featuredmedia":[{"embeddable":true,"href":"https:\/\/www.praha7.cz\/api\/wp\/v2\/media\/40125"}],"wp:attachment":[{"href":"https:\/\/www.praha7.cz\/api\/wp\/v2\/media?parent=40124"}],"wp:term":[{"taxonomy":"category","embeddable":true,"href":"https:\/\/www.praha7.cz\/api\/wp\/v2\/categories?post=40124"},{"taxonomy":"post_tag","embeddable":true,"href":"https:\/\/www.praha7.cz\/api\/wp\/v2\/tags?post=40124"}],"curies":[{"name":"wp","href":"https:\/\/api.w.org\/{rel}","templated":true}]}}