    
{"id":40103,"date":"2020-08-07T10:32:51","date_gmt":"2020-08-07T08:32:51","guid":{"rendered":"https:\/\/www.praha7.cz\/?p=40103"},"modified":"2020-08-07T10:36:36","modified_gmt":"2020-08-07T08:36:36","slug":"oznameni-o-preruseni-dodavky-elektriny-ul-argentinska-vrbenskeho-dne-21-srpna","status":"publish","type":"post","link":"https:\/\/www.praha7.cz\/oznameni-o-preruseni-dodavky-elektriny-ul-argentinska-vrbenskeho-dne-21-srpna\/","title":{"rendered":"Ozn\u00e1men\u00ed o&nbsp;p\u0159eru\u0161en\u00ed dod\u00e1vky elekt\u0159iny ul. Argentinsk\u00e1, Vrbensk\u00e9ho dne 21.&nbsp;srpna"},"content":{"rendered":"<p>[perex]<\/p>\r\n<p>Z d\u016fvod\u016f prov\u00e1d\u011bn\u00ed pl\u00e1novan\u00fdch prac\u00ed na za\u0159\u00edzen\u00ed distribu\u010dn\u00ed soustavy PREdistribuce, a.s., bude p\u0159eru\u0161ena dod\u00e1vka elekt\u0159iny pro odb\u011brn\u00e9 m\u00edsto:\u00a0<span style=\"text-decoration: underline;\">Argentinsk\u00e1 &#8211; osv\u011btlen\u00fd reklamn\u00ed billboard; Vrbensk\u00e9ho &#8211; RE vedle mostu p\u0159es Argentinskou pro kamerov\u00fd syst\u00e9m\u00a0dne 21.&nbsp;8.&nbsp;od 9:30 do 15:00<\/span>.\u00a0Dod\u00e1vka elekt\u0159iny bude obnovena bezprost\u0159edn\u011b po proveden\u00ed pl\u00e1novan\u00fdch prac\u00ed. D\u011bkujeme za pochopen\u00ed. V\u00edce informac\u00ed\u00a0<a href=\"https:\/\/www.praha7.cz\/wp-content\/uploads\/2020\/08\/Bezproudi_21.8..pdf\">zde<\/a>.\u00a0<\/p>\r\n<p>[\/perex]<\/p>","protected":false},"excerpt":{"rendered":"[perex] Z&nbsp;d\u016fvod\u016f prov\u00e1d\u011bn\u00ed pl\u00e1novan\u00fdch prac\u00ed na za\u0159\u00edzen\u00ed distribu\u010dn\u00ed soustavy PREdistribuce, a.s., bude p\u0159eru\u0161ena dod\u00e1vka elekt\u0159iny pro odb\u011brn\u00e9 m\u00edsto:\u00a0Argentinsk\u00e1 &#8211; osv\u011btlen\u00fd reklamn\u00ed billboard; Vrbensk\u00e9ho &#8211; RE vedle mostu p\u0159es Argentinskou pro kamerov\u00fd syst\u00e9m\u00a0dne 21.&nbsp;8.&nbsp;od 9:30 do 15:00.\u00a0Dod\u00e1vka elekt\u0159iny bude obnovena bezprost\u0159edn\u011b po proveden\u00ed pl\u00e1novan\u00fdch prac\u00ed. D\u011bkujeme za pochopen\u00ed. V\u00edce informac\u00ed\u00a0zde.\u00a0 [\/perex]","protected":false},"author":97,"featured_media":26059,"comment_status":"closed","ping_status":"open","sticky":false,"template":"","format":"standard","meta":[],"categories":[34],"tags":[],"_links":{"self":[{"href":"https:\/\/www.praha7.cz\/api\/wp\/v2\/posts\/40103"}],"collection":[{"href":"https:\/\/www.praha7.cz\/api\/wp\/v2\/posts"}],"about":[{"href":"https:\/\/www.praha7.cz\/api\/wp\/v2\/types\/post"}],"author":[{"embeddable":true,"href":"https:\/\/www.praha7.cz\/api\/wp\/v2\/users\/97"}],"replies":[{"embeddable":true,"href":"https:\/\/www.praha7.cz\/api\/wp\/v2\/comments?post=40103"}],"version-history":[{"count":9,"href":"https:\/\/www.praha7.cz\/api\/wp\/v2\/posts\/40103\/revisions"}],"predecessor-version":[{"id":40113,"href":"https:\/\/www.praha7.cz\/api\/wp\/v2\/posts\/40103\/revisions\/40113"}],"wp:featuredmedia":[{"embeddable":true,"href":"https:\/\/www.praha7.cz\/api\/wp\/v2\/media\/26059"}],"wp:attachment":[{"href":"https:\/\/www.praha7.cz\/api\/wp\/v2\/media?parent=40103"}],"wp:term":[{"taxonomy":"category","embeddable":true,"href":"https:\/\/www.praha7.cz\/api\/wp\/v2\/categories?post=40103"},{"taxonomy":"post_tag","embeddable":true,"href":"https:\/\/www.praha7.cz\/api\/wp\/v2\/tags?post=40103"}],"curies":[{"name":"wp","href":"https:\/\/api.w.org\/{rel}","templated":true}]}}