    
{"id":40083,"date":"2020-08-06T12:02:26","date_gmt":"2020-08-06T10:02:26","guid":{"rendered":"https:\/\/www.praha7.cz\/?p=40083"},"modified":"2020-08-06T12:20:22","modified_gmt":"2020-08-06T10:20:22","slug":"novy-park-podel-varhulikove-hleda-jmeno","status":"publish","type":"post","link":"https:\/\/www.praha7.cz\/novy-park-podel-varhulikove-hleda-jmeno\/","title":{"rendered":"Anketa: park pod\u00e9l Varhul\u00edkov\u00e9 hled\u00e1 jm\u00e9no"},"content":{"rendered":"<p>[perex]<\/p>\r\n<p>M\u011bstsk\u00e1 \u010d\u00e1st p\u0159ipravuje vyhl\u00e1\u0161en\u00ed architektonicko-krajin\u00e1\u0159sk\u00e9 sout\u011b\u017ee na <a href=\"https:\/\/www.praha7.cz\/potrebuji-zaridit\/stavba-rekonstrukce\/planujte-sedmicku-s-nami\/novy-park-na-nabrezi\/\" target=\"_blank\" rel=\"noopener\">novou podobu\u00a0\u00fazem\u00ed<\/a> pod\u00e9l ulice Varhul\u00edkov\u00e9 po most Barik\u00e1dn\u00edk\u016f. Sou\u010dasn\u011b s&nbsp;t\u00edm oslovila sv\u00e9 ob\u010dany o&nbsp;pomoc s&nbsp;v\u00fdb\u011brem jm\u00e9na parku.\u00a0M\u00e1te n\u011bjak\u00fd n\u00e1pad, jak tuto oblast pojmenovat?\u00a0Vhodn\u00e9 jm\u00e9no by Praha\u00a07 p\u0159edlo\u017eila m\u00edstopisn\u00e9 komisi hlavn\u00edho m\u011bsta a\u00a0mohlo by tak b\u00fdt ofici\u00e1ln\u011b zaps\u00e1no v\u00a0map\u00e1ch.\u00a0Vyhl\u00e1\u0161en\u00ed jm\u00e9na vznikaj\u00edc\u00edho parku prob\u011bhne v&nbsp;z\u00e1\u0159\u00ed 2020.\u00a0<\/p>\r\n<p>Sv\u00e9 n\u00e1vrhy m\u016f\u017eete jednodu\u0161e poslat <strong>do 15.&nbsp;srpna 2020<\/strong>:<\/p>\r\n<ul>\r\n\t<li>p\u0159es online formul\u00e1\u0159 na adrese\u00a0<a href=\"https:\/\/docs.google.com\/forms\/d\/e\/1FAIpQLSfvZgxcHmP9dv1rSdGWP-9GA93-tvs7gDGcpQH2uj2ttfPPJQ\/viewform\" target=\"_blank\" rel=\"noopener\">praha7.cz\/jmeno-parku<\/a>\u00a0nebo<\/li>\r\n\t<li>po\u0161tou na adresu \u00fa\u0159adu U\u00a0Pr\u016fhonu 38\u00a0nebo<\/li>\r\n\t<li>odevzdat na Podateln\u011b v\u00a0p\u0159\u00edzem\u00ed nov\u00e9 radnice tamt\u00e9\u017e<br \/>\r\n<br \/>\r\nOb\u00e1lku se sv\u00fdm tipem pros\u00edme ozna\u010dte \u201eJm\u00e9no parku \u2013\u00a0ORVP\u201c<\/li>\r\n<\/ul>\r\n<p>[\/perex]<\/p>\r\n<p>&nbsp;<\/p>","protected":false},"excerpt":{"rendered":"[perex] M\u011bstsk\u00e1 \u010d\u00e1st p\u0159ipravuje vyhl\u00e1\u0161en\u00ed architektonicko-krajin\u00e1\u0159sk\u00e9 sout\u011b\u017ee na novou podobu\u00a0\u00fazem\u00ed pod\u00e9l ulice Varhul\u00edkov\u00e9 po most Barik\u00e1dn\u00edk\u016f. Sou\u010dasn\u011b s&nbsp;t\u00edm oslovila sv\u00e9 ob\u010dany o&nbsp;pomoc s&nbsp;v\u00fdb\u011brem jm\u00e9na parku.\u00a0M\u00e1te n\u011bjak\u00fd n\u00e1pad, jak tuto oblast pojmenovat?\u00a0Vhodn\u00e9 jm\u00e9no by Praha\u00a07 p\u0159edlo\u017eila m\u00edstopisn\u00e9 komisi hlavn\u00edho m\u011bsta a\u00a0mohlo by tak b\u00fdt ofici\u00e1ln\u011b zaps\u00e1no v\u00a0map\u00e1ch.\u00a0Vyhl\u00e1\u0161en\u00ed jm\u00e9na vznikaj\u00edc\u00edho parku prob\u011bhne v&nbsp;z\u00e1\u0159\u00ed 2020.\u00a0 Sv\u00e9 n\u00e1vrhy m\u016f\u017eete [&hellip;]","protected":false},"author":97,"featured_media":40084,"comment_status":"closed","ping_status":"open","sticky":false,"template":"","format":"standard","meta":[],"categories":[34],"tags":[],"_links":{"self":[{"href":"https:\/\/www.praha7.cz\/api\/wp\/v2\/posts\/40083"}],"collection":[{"href":"https:\/\/www.praha7.cz\/api\/wp\/v2\/posts"}],"about":[{"href":"https:\/\/www.praha7.cz\/api\/wp\/v2\/types\/post"}],"author":[{"embeddable":true,"href":"https:\/\/www.praha7.cz\/api\/wp\/v2\/users\/97"}],"replies":[{"embeddable":true,"href":"https:\/\/www.praha7.cz\/api\/wp\/v2\/comments?post=40083"}],"version-history":[{"count":10,"href":"https:\/\/www.praha7.cz\/api\/wp\/v2\/posts\/40083\/revisions"}],"predecessor-version":[{"id":40094,"href":"https:\/\/www.praha7.cz\/api\/wp\/v2\/posts\/40083\/revisions\/40094"}],"wp:featuredmedia":[{"embeddable":true,"href":"https:\/\/www.praha7.cz\/api\/wp\/v2\/media\/40084"}],"wp:attachment":[{"href":"https:\/\/www.praha7.cz\/api\/wp\/v2\/media?parent=40083"}],"wp:term":[{"taxonomy":"category","embeddable":true,"href":"https:\/\/www.praha7.cz\/api\/wp\/v2\/categories?post=40083"},{"taxonomy":"post_tag","embeddable":true,"href":"https:\/\/www.praha7.cz\/api\/wp\/v2\/tags?post=40083"}],"curies":[{"name":"wp","href":"https:\/\/api.w.org\/{rel}","templated":true}]}}