    
{"id":40029,"date":"2020-08-04T15:57:18","date_gmt":"2020-08-04T13:57:18","guid":{"rendered":"https:\/\/www.praha7.cz\/?p=40029"},"modified":"2020-08-04T15:57:18","modified_gmt":"2020-08-04T13:57:18","slug":"krizikovy-pavilony-a-divadlo-spirala-na-vystavisti-se-dockaji-rekonstrukce","status":"publish","type":"post","link":"https:\/\/www.praha7.cz\/krizikovy-pavilony-a-divadlo-spirala-na-vystavisti-se-dockaji-rekonstrukce\/","title":{"rendered":"K\u0159i\u017e\u00edkovy pavilony a&nbsp;divadlo Spir\u00e1la na V\u00fdstavi\u0161ti se do\u010dkaj\u00ed rekonstrukce"},"content":{"rendered":"<p>[perex]<\/p>\r\n<p>L\u00e9ta odkl\u00e1dan\u00e1 rekonstrukce K\u0159i\u017e\u00edkov\u00fdch pavilon\u016f a&nbsp;divadla Spir\u00e1la v&nbsp;are\u00e1lu <a href=\"https:\/\/www.vystavistepraha.eu\/\" target=\"_blank\" rel=\"noopener\">V\u00fdstavi\u0161t\u011b Praha<\/a> m\u00e1 zelenou. Rada hlavn\u00edho m\u011bsta Prahy schv\u00e1lila rekonstrukci pavilon\u016f B, C a&nbsp;E a&nbsp;divadla Spir\u00e1la, pr\u00e1ce na obou projektech za\u010dnou do konce tohoto roku. Hodnota rekonstrukce K\u0159i\u017e\u00edkov\u00fdch pavilon\u016f bude \u010dinit 245 milion\u016f K\u010d a&nbsp;u&nbsp;divadla Spir\u00e1la to bude 217 milion\u016f K\u010d.<\/p>\r\n<p>[\/perex]<\/p>\r\n<p>\u201e<em>M\u00e1m velkou radost, \u017ee se poda\u0159ilo prosadit tolik pot\u0159ebnou rekonstrukci dal\u0161\u00edch t\u0159\u00ed \u010d\u00e1st\u00ed K\u0159i\u017e\u00edkov\u00fdch pavilon\u016f a&nbsp;divadla Spir\u00e1la, o&nbsp;kterou jsme dlouho usilovali. Ze zch\u00e1tral\u00fdch budov se kone\u010dn\u011b stanou reprezentativn\u00ed prostory vyu\u017eiteln\u00e9 k&nbsp;nejr\u016fzn\u011bj\u0161\u00edm typ\u016fm akc\u00ed, od kulturn\u00edch,- p\u0159es vzd\u011bl\u00e1vac\u00ed a\u017e po komer\u010dn\u00ed. Unik\u00e1tn\u00ed prostor divadla Spir\u00e1la umo\u017en\u00ed p\u0159in\u00e9st na V\u00fdstavi\u0161t\u011b celou \u0159adu dal\u0161\u00edch program\u016f, kter\u00e9 nyn\u00ed nem\u00e1me kam um\u00edstit,<\/em>\u201c p\u0159ibli\u017euje Pavel Vyhn\u00e1nek, n\u00e1m\u011bstek prim\u00e1tora pro oblast rozpo\u010dtu a&nbsp;financ\u00ed, do jeho\u017e gesce V\u00fdstavi\u0161t\u011b spad\u00e1. \u201e<em>Prvn\u00ed K\u0159i\u017e\u00edk\u016fv pavilon se ji\u017e opravuje, ostatn\u00ed by m\u011bly n\u00e1sledovat do konce roku,<\/em>\u201c dopl\u0148uje Vyhn\u00e1nek.<\/p>\r\n<p>\u201e<em>Schv\u00e1len\u00ed rekonstrukce velmi v\u00edt\u00e1me, oprava K\u0159i\u017e\u00edkov\u00fdch pavilon\u016f d\u00e1 V\u00fdstavi\u0161ti nov\u00e9 mo\u017enosti. Sou\u010dasn\u011b jsme r\u00e1di, \u017ee budeme m\u00edt do budoucna k\u00a0dispozici kvalitn\u00ed prostory v\u00a0dob\u011b, kdy bude kv\u016fli pl\u00e1novan\u00e9 rekonstrukci uzav\u0159en Pr\u016fmyslov\u00fd pal\u00e1c. K\u0159i\u017e\u00edkovy pavilony s\u00a0v\u00fdstavn\u00ed plochou 5&nbsp;500 metr\u016f \u010dtvere\u010dn\u00edch a&nbsp;auditoriem pro 3&nbsp;000 n\u00e1v\u0161t\u011bvn\u00edk\u016f ho mohou v\u00a0nemal\u00e9 m\u00ed\u0159e nahradit,<\/em>\u201c \u0159\u00edk\u00e1 Tom\u00e1\u0161 H\u00fcbl, p\u0159edseda p\u0159edstavenstva V\u00fdstavi\u0161t\u011b Praha, a&nbsp;dod\u00e1v\u00e1: \u201e<em>Rekonstrukce celkov\u011b zlep\u0161\u00ed nejen ekonomiku, ale i&nbsp;estetiku V\u00fdstavi\u0161t\u011b. Zch\u00e1tral\u00e9 budovy se prom\u011bn\u00ed v\u00a0modern\u00ed a&nbsp;provozn\u011b efektivn\u00ed budovy a&nbsp;\u00fapravy se dotknou i&nbsp;jejich bl\u00edzk\u00e9ho okol\u00ed, kter\u00e9 pot\u0159ebuje prom\u011bnu jako s\u016fl.<\/em>\u201c<\/p>\r\n<p>P\u0159i projektov\u00e1n\u00ed rekonstrukce K\u0159i\u017e\u00edkov\u00fdch pavilon\u016f hledala spole\u010dnost V\u00fdstavi\u0161t\u011b Praha a. s. co nej\u00fasporn\u011bj\u0161\u00ed zp\u016fsob jej\u00edho proveden\u00ed s&nbsp;p\u0159ihl\u00e9dnut\u00edm k&nbsp;sou\u010dasn\u00fdm stavebn\u00edm standard\u016fm a&nbsp;norm\u00e1m.\u00a0D\u016fraz byl kladen tak\u00e9 na radik\u00e1ln\u00ed sn\u00ed\u017een\u00ed energetick\u00e9 n\u00e1ro\u010dnosti t\u011bchto objekt\u016f. P\u0159\u00edprava projektu rekonstrukce prob\u011bhla ve spolupr\u00e1ci s&nbsp;jejich autorem doc. akad. arch. Michalem Brixem.<\/p>\r\n<p>Divadlo Spir\u00e1la bude rekonstruov\u00e1no na modern\u00ed multifunk\u010dn\u00ed s\u00e1l pro kon\u00e1n\u00ed hudebn\u00edch, divadeln\u00edch p\u0159edstaven\u00ed, ale i&nbsp;konferenc\u00ed a&nbsp;dal\u0161\u00edch spole\u010densk\u00fdch akc\u00ed. P\u0159i rekonstrukci nav\u00edc vznikne nov\u00fd druh\u00fd s\u00e1l v\u00a0suter\u00e9nu divadla. Z\u00e1rove\u0148 bude divadlo vybaveno modern\u00ed divadeln\u00ed i&nbsp;audiovizu\u00e1ln\u00ed technikou. Autorem rekonstrukce je jeden z\u00a0autor\u016f p\u016fvodn\u00edho projektu, arch. Tom\u00e1\u0161 Kul\u00edk. \u201e<em>Divadlo Spir\u00e1la je v\u00fdjime\u010dn\u00e1 budova, kter\u00e1 je v\u0161ak od povodn\u00ed v&nbsp;dezol\u00e1tn\u00edm stavu. Sv\u00fdm \u0159e\u0161en\u00edm je to unik\u00e1tn\u00ed stavba a&nbsp;jej\u00ed st\u0159echa je technickou pam\u00e1tkou. P\u0159estavba divadla z\u00edskala v\u00a0roce 1993 ocen\u011bn\u00ed Grand Prix obce architekt\u016f. Jsme tak r\u00e1di, \u017ee m\u016f\u017eeme t\u00e9to stavb\u011b vr\u00e1tit jej\u00ed p\u016fvodn\u00ed kr\u00e1su,<\/em>\u201c popisuje Vyhn\u00e1nek. \u201e<em>Spir\u00e1la bude m\u00edt po rekonstrukci obrovsk\u00fd potenci\u00e1l, ve sv\u00e9 dob\u011b se tu hr\u00e1l i&nbsp;jeden z&nbsp;nejv\u00fdznamn\u011bj\u0161\u00edch muzik\u00e1l\u016f Jesus Christ Superstar, p\u0159edstaven\u00ed vid\u011blo v\u00edce ne\u017e 850 tis\u00edc div\u00e1k\u016f,<\/em>\u201c dopl\u0148uje H\u00fcbl.<\/p>\r\n<p>Pot\u0159eba rekonstruovat K\u0159i\u017e\u00edkovy pavilony a&nbsp;divadlo Spir\u00e1la se \u0159e\u0161\u00ed ji\u017e n\u011bkolik let. K\u0159i\u017e\u00edkovy pavilony jsou ve \u0161patn\u00e9m technick\u00e9m stavu a&nbsp;umo\u017e\u0148uj\u00ed jen omezen\u00fd provoz. Divadlo Spir\u00e1la ch\u00e1tr\u00e1 ji\u017e od povodn\u00ed v\u00a0roce 2002. Jejich rekonstrukce p\u0159inese V\u00fdstavi\u0161ti \u0161irok\u00e9 mo\u017enosti pro po\u0159\u00e1d\u00e1n\u00ed kulturn\u00edch, spole\u010densk\u00fdch i&nbsp;komer\u010dn\u00edch akc\u00ed.<\/p>\r\n<p><img loading=\"lazy\" src=\"https:\/\/www.praha7.cz\/wp-content\/uploads\/2020\/08\/Divadlo_Spir\u00e1la_v_pozad\u00ed_Pyramida.jpg\" alt=\"\" width=\"2560\" height=\"1920\" class=\"alignnone wp-image-40032 size-full\" srcset=\"https:\/\/www.praha7.cz\/wp-content\/uploads\/2020\/08\/Divadlo_Spir\u00e1la_v_pozad\u00ed_Pyramida.jpg 2560w, https:\/\/www.praha7.cz\/wp-content\/uploads\/2020\/08\/Divadlo_Spir\u00e1la_v_pozad\u00ed_Pyramida-533x400.jpg 533w, https:\/\/www.praha7.cz\/wp-content\/uploads\/2020\/08\/Divadlo_Spir\u00e1la_v_pozad\u00ed_Pyramida-768x576.jpg 768w, https:\/\/www.praha7.cz\/wp-content\/uploads\/2020\/08\/Divadlo_Spir\u00e1la_v_pozad\u00ed_Pyramida-1333x1000.jpg 1333w\" sizes=\"(max-width: 2560px) 100vw, 2560px\" \/><\/p>\r\n<p><span style=\"font-size: 14px;\"><em>Divadlo Spir\u00e1la<\/em><\/span><\/p>","protected":false},"excerpt":{"rendered":"[perex] L\u00e9ta odkl\u00e1dan\u00e1 rekonstrukce K\u0159i\u017e\u00edkov\u00fdch pavilon\u016f a&nbsp;divadla Spir\u00e1la v&nbsp;are\u00e1lu V\u00fdstavi\u0161t\u011b Praha m\u00e1 zelenou. Rada hlavn\u00edho m\u011bsta Prahy schv\u00e1lila rekonstrukci pavilon\u016f B, C a&nbsp;E a&nbsp;divadla Spir\u00e1la, pr\u00e1ce na obou projektech za\u010dnou do konce tohoto roku. Hodnota rekonstrukce K\u0159i\u017e\u00edkov\u00fdch pavilon\u016f bude \u010dinit 245 milion\u016f K\u010d a&nbsp;u&nbsp;divadla Spir\u00e1la to bude 217 milion\u016f K\u010d. [\/perex] \u201eM\u00e1m velkou radost, \u017ee [&hellip;]","protected":false},"author":97,"featured_media":40031,"comment_status":"closed","ping_status":"open","sticky":false,"template":"","format":"standard","meta":[],"categories":[34],"tags":[],"_links":{"self":[{"href":"https:\/\/www.praha7.cz\/api\/wp\/v2\/posts\/40029"}],"collection":[{"href":"https:\/\/www.praha7.cz\/api\/wp\/v2\/posts"}],"about":[{"href":"https:\/\/www.praha7.cz\/api\/wp\/v2\/types\/post"}],"author":[{"embeddable":true,"href":"https:\/\/www.praha7.cz\/api\/wp\/v2\/users\/97"}],"replies":[{"embeddable":true,"href":"https:\/\/www.praha7.cz\/api\/wp\/v2\/comments?post=40029"}],"version-history":[{"count":3,"href":"https:\/\/www.praha7.cz\/api\/wp\/v2\/posts\/40029\/revisions"}],"predecessor-version":[{"id":40034,"href":"https:\/\/www.praha7.cz\/api\/wp\/v2\/posts\/40029\/revisions\/40034"}],"wp:featuredmedia":[{"embeddable":true,"href":"https:\/\/www.praha7.cz\/api\/wp\/v2\/media\/40031"}],"wp:attachment":[{"href":"https:\/\/www.praha7.cz\/api\/wp\/v2\/media?parent=40029"}],"wp:term":[{"taxonomy":"category","embeddable":true,"href":"https:\/\/www.praha7.cz\/api\/wp\/v2\/categories?post=40029"},{"taxonomy":"post_tag","embeddable":true,"href":"https:\/\/www.praha7.cz\/api\/wp\/v2\/tags?post=40029"}],"curies":[{"name":"wp","href":"https:\/\/api.w.org\/{rel}","templated":true}]}}