    
{"id":39446,"date":"2020-07-10T10:06:34","date_gmt":"2020-07-10T08:06:34","guid":{"rendered":"https:\/\/www.praha7.cz\/?p=39446"},"modified":"2020-07-22T10:07:36","modified_gmt":"2020-07-22T08:07:36","slug":"stromovka-ziskala-novy-parter-pred-slechtovou-restauraci","status":"publish","type":"post","link":"https:\/\/www.praha7.cz\/stromovka-ziskala-novy-parter-pred-slechtovou-restauraci\/","title":{"rendered":"Stromovka z\u00edskala nov\u00fd parter p\u0159ed \u0160lechtovou restaurac\u00ed"},"content":{"rendered":"<p>[perex]<\/p>\r\n<p>V n\u00e1vaznosti na celkovou rekonstrukci b\u00fdval\u00e9ho rybn\u00edka ve Stromovce se uskute\u010dnila tak\u00e9 oprava prostoru p\u0159ed \u0160lechtovou restaurac\u00ed, tzv. parteru s&nbsp;kv\u011btinov\u00fdmi z\u00e1hony. Zahrnuje obnovu z\u00e1hon\u016f a&nbsp;intenzivn\u011b udr\u017eovan\u00e9ho tr\u00e1vn\u00edku, stavbu nov\u00e9ho automatick\u00e9ho z\u00e1vlahov\u00e9ho syst\u00e9mu, rekonstrukci zpevn\u011bn\u00fdch mlatov\u00fdch a&nbsp;asfaltov\u00fdch ploch a&nbsp;nov\u00e9 odvodn\u011bn\u00ed. Na parteru p\u0159ibyl nov\u00fd mobili\u00e1\u0159 a&nbsp;ve\u0159ejn\u00e9 osv\u011btlen\u00ed.<\/p>\r\n<p>[\/perex]<\/p>\r\n<p>\u201e<em>Ov\u00e1ln\u00fd kv\u011btinov\u00fd z\u00e1hon p\u0159ed pr\u016f\u010del\u00edm \u0160lechtovy restaurace je navr\u017een dle historick\u00e9 podoby z\u00e1honu z&nbsp;obdob\u00ed prvn\u00ed republiky. Jedn\u00e1 se o&nbsp;z\u00e1hon kobercov\u00e9ho typu s&nbsp;v\u00fdsadbou letni\u010dek do podoby ornamentu, vych\u00e1zej\u00edc\u00edho z&nbsp;historick\u00e9 p\u0159edlohy. Kv\u011btinov\u00e9 z\u00e1hony z\u00e1padn\u011b od b\u00fdval\u00e9ho alpina jsou navr\u017eeny dle soudob\u00fdch trend\u016f. Jedn\u00e1 se o&nbsp;sm\u00ed\u0161en\u00e9 v\u00fdsadby letni\u010dek<\/em>,\u201c \u0159\u00edk\u00e1 n\u00e1m\u011bstek prim\u00e1tora a&nbsp;radn\u00ed pro oblast \u017eivotn\u00edho prost\u0159ed\u00ed Petr Hlubu\u010dek.<\/p>\r\n<p>Celkem bylo do kv\u011btinov\u00fdch z\u00e1hon\u016f na parteru vys\u00e1zeno 13&nbsp;506 ks letni\u010dek a&nbsp;30 ks r\u016f\u017e\u00ed na km\u00ednku. Letos na podzim pak letni\u010dky nahrad\u00ed v\u00fdsadba 8&nbsp;664 ks cibulovin a&nbsp;11&nbsp;633 ks dvouletek.\u00a0<\/p>\r\n<p><img loading=\"lazy\" src=\"https:\/\/www.praha7.cz\/wp-content\/uploads\/2020\/07\/20-06-30-Stromovka-parter_resize-43.jpg\" alt=\"\" width=\"1155\" height=\"768\" class=\"alignnone wp-image-39448 size-full\" srcset=\"https:\/\/www.praha7.cz\/wp-content\/uploads\/2020\/07\/20-06-30-Stromovka-parter_resize-43.jpg 1155w, https:\/\/www.praha7.cz\/wp-content\/uploads\/2020\/07\/20-06-30-Stromovka-parter_resize-43-600x400.jpg 600w, https:\/\/www.praha7.cz\/wp-content\/uploads\/2020\/07\/20-06-30-Stromovka-parter_resize-43-768x511.jpg 768w\" sizes=\"(max-width: 1155px) 100vw, 1155px\" \/><\/p>\r\n<p><img loading=\"lazy\" src=\"https:\/\/www.praha7.cz\/wp-content\/uploads\/2020\/07\/20-06-30-Stromovka-parter_resize-25.jpg\" alt=\"\" width=\"1155\" height=\"768\" class=\"alignnone wp-image-39449 size-full\" srcset=\"https:\/\/www.praha7.cz\/wp-content\/uploads\/2020\/07\/20-06-30-Stromovka-parter_resize-25.jpg 1155w, https:\/\/www.praha7.cz\/wp-content\/uploads\/2020\/07\/20-06-30-Stromovka-parter_resize-25-600x400.jpg 600w, https:\/\/www.praha7.cz\/wp-content\/uploads\/2020\/07\/20-06-30-Stromovka-parter_resize-25-768x511.jpg 768w\" sizes=\"(max-width: 1155px) 100vw, 1155px\" \/><\/p>\r\n<h3>Celkov\u00e1 rekonstrukce parteru p\u0159ed \u0160lechtovou restaurac\u00ed ve Stromovce<\/h3>\r\n<p>Gener\u00e1ln\u00ed projektanti &#8211; Steiner a&nbsp;Mal\u00edkov\u00e1 krajin\u00e1\u0159\u0161t\u00ed architekti \u2013 Ing. Steiner a&nbsp;Ing. Mal\u00edkov\u00e1 (n\u00e1vrh a&nbsp;dispozi\u010dn\u00ed \u0159e\u0161en\u00ed parteru s\u00a0kv\u011btinov\u00fdmi z\u00e1hony)<\/p>\r\n<p>Spolupr\u00e1ce: Ing. Vond\u0159ich (komunikace a&nbsp;zpevn\u011bn\u00e9 plochy), Ing. Krpata (odvodn\u011bn\u00ed), Ing. Ko\u010d\u00ed (ve\u0159ejn\u00e9 osv\u011btlen\u00ed)<\/p>\r\n<p>N\u00e1vrh dispozice a&nbsp;variantn\u00edho \u0159e\u0161en\u00ed os\u00e1zen\u00ed kv\u011btinov\u00fdch z\u00e1hon\u016f letni\u010dkami a&nbsp;dvouletkami s\u00a0cibulovinami: doc. Ing. Tatiana Ku\u0165kov\u00e1, CSc.<\/p>\r\n<p>N\u00e1vrh automatick\u00e9ho z\u00e1vlahov\u00e9ho syst\u00e9mu: ITTEC, s.r.o.<\/p>\r\n<p><img loading=\"lazy\" src=\"https:\/\/www.praha7.cz\/wp-content\/uploads\/2020\/07\/parter_slechtovka_dron.png\" alt=\"\" width=\"1402\" height=\"933\" class=\"alignnone wp-image-39702 size-full\" srcset=\"https:\/\/www.praha7.cz\/wp-content\/uploads\/2020\/07\/parter_slechtovka_dron.png 1402w, https:\/\/www.praha7.cz\/wp-content\/uploads\/2020\/07\/parter_slechtovka_dron-600x400.png 600w, https:\/\/www.praha7.cz\/wp-content\/uploads\/2020\/07\/parter_slechtovka_dron-768x511.png 768w\" sizes=\"(max-width: 1402px) 100vw, 1402px\" \/><\/p>\r\n<p><a href=\"http:\/\/portalzp.praha.eu\/public\/f7\/e\/7a\/3114597_1068316_Stromovka_rekonstrukce_parteru_2020_plakat_FINAL.jpg\" target=\"_blank\" rel=\"noopener\">N\u00e1vrh celkov\u00e9 rekonstrukce p\u0159edprostoru \u0160lechtovy restaurace<\/a><\/p>\r\n<hr \/>\r\n<p><em><span style=\"font-size: 14px;\">Investorem a&nbsp;zadavatelem projektov\u00e9 dokumentace je Odbor ochrany prost\u0159ed\u00ed Magistr\u00e1tu hl. m. Prahy, cel\u00e1 investice je ve v\u00fd\u0161i 25,1 milion\u016f korun.<\/span><\/em><\/p>","protected":false},"excerpt":{"rendered":"[perex] V&nbsp;n\u00e1vaznosti na celkovou rekonstrukci b\u00fdval\u00e9ho rybn\u00edka ve Stromovce se uskute\u010dnila tak\u00e9 oprava prostoru p\u0159ed \u0160lechtovou restaurac\u00ed, tzv. parteru s&nbsp;kv\u011btinov\u00fdmi z\u00e1hony. Zahrnuje obnovu z\u00e1hon\u016f a&nbsp;intenzivn\u011b udr\u017eovan\u00e9ho tr\u00e1vn\u00edku, stavbu nov\u00e9ho automatick\u00e9ho z\u00e1vlahov\u00e9ho syst\u00e9mu, rekonstrukci zpevn\u011bn\u00fdch mlatov\u00fdch a&nbsp;asfaltov\u00fdch ploch a&nbsp;nov\u00e9 odvodn\u011bn\u00ed. Na parteru p\u0159ibyl nov\u00fd mobili\u00e1\u0159 a&nbsp;ve\u0159ejn\u00e9 osv\u011btlen\u00ed. [\/perex] \u201eOv\u00e1ln\u00fd kv\u011btinov\u00fd z\u00e1hon p\u0159ed pr\u016f\u010del\u00edm \u0160lechtovy restaurace [&hellip;]","protected":false},"author":97,"featured_media":39447,"comment_status":"closed","ping_status":"open","sticky":false,"template":"","format":"standard","meta":[],"categories":[34],"tags":[],"_links":{"self":[{"href":"https:\/\/www.praha7.cz\/api\/wp\/v2\/posts\/39446"}],"collection":[{"href":"https:\/\/www.praha7.cz\/api\/wp\/v2\/posts"}],"about":[{"href":"https:\/\/www.praha7.cz\/api\/wp\/v2\/types\/post"}],"author":[{"embeddable":true,"href":"https:\/\/www.praha7.cz\/api\/wp\/v2\/users\/97"}],"replies":[{"embeddable":true,"href":"https:\/\/www.praha7.cz\/api\/wp\/v2\/comments?post=39446"}],"version-history":[{"count":8,"href":"https:\/\/www.praha7.cz\/api\/wp\/v2\/posts\/39446\/revisions"}],"predecessor-version":[{"id":39709,"href":"https:\/\/www.praha7.cz\/api\/wp\/v2\/posts\/39446\/revisions\/39709"}],"wp:featuredmedia":[{"embeddable":true,"href":"https:\/\/www.praha7.cz\/api\/wp\/v2\/media\/39447"}],"wp:attachment":[{"href":"https:\/\/www.praha7.cz\/api\/wp\/v2\/media?parent=39446"}],"wp:term":[{"taxonomy":"category","embeddable":true,"href":"https:\/\/www.praha7.cz\/api\/wp\/v2\/categories?post=39446"},{"taxonomy":"post_tag","embeddable":true,"href":"https:\/\/www.praha7.cz\/api\/wp\/v2\/tags?post=39446"}],"curies":[{"name":"wp","href":"https:\/\/api.w.org\/{rel}","templated":true}]}}