    
{"id":39230,"date":"2020-06-30T14:15:55","date_gmt":"2020-06-30T12:15:55","guid":{"rendered":"https:\/\/www.praha7.cz\/?p=39230"},"modified":"2020-06-30T14:19:58","modified_gmt":"2020-06-30T12:19:58","slug":"prazsti-radni-se-vratili-do-kancelari-i-posledni-testy-na-covid-19-jsou-negativni","status":"publish","type":"post","link":"https:\/\/www.praha7.cz\/prazsti-radni-se-vratili-do-kancelari-i-posledni-testy-na-covid-19-jsou-negativni\/","title":{"rendered":"Pra\u017e\u0161t\u00ed radn\u00ed se vr\u00e1tili do kancel\u00e1\u0159\u00ed. I&nbsp;posledn\u00ed testy na covid-19 jsou negativn\u00ed"},"content":{"rendered":"<p>[perex]<\/p>\r\n<p>Pra\u017e\u0161t\u00ed radn\u00ed a&nbsp;celkov\u011b v\u0161echny osoby nav\u00e1zan\u00e9 na jedn\u00e1n\u00ed rady p\u0159ed dv\u011bma t\u00fddny se vracej\u00ed do sv\u00fdch kancel\u00e1\u0159\u00ed. \u010cek\u00e1 se pouze na vyhodnocen\u00ed posledn\u00edho testu n\u00e1m\u011bstka prim\u00e1tora hl. m. Prahy Petra Hlubu\u010dka. V\u00fdsledek by m\u011bl b\u00fdt zn\u00e1m v\u00a0nejbli\u017e\u0161\u00ed dob\u011b. V\u011bt\u0161ina \u00fa\u010dastn\u00edk\u016f jedn\u00e1n\u00ed v\u010detn\u011b radn\u00edch se do sv\u00fdch kancel\u00e1\u0159\u00ed vr\u00e1tila ji\u017e dnes. Zbyl\u00fdch deset lid\u00ed, p\u0159ev\u00e1\u017en\u011b \u00fa\u0159edn\u00edk\u016f, se vr\u00e1t\u00ed do b\u011b\u017en\u00e9ho \u017eivota ve st\u0159edu, i&nbsp;u&nbsp;nich byly testy na covid-19 negativn\u00ed.<\/p>\r\n<p>[\/perex]<\/p>\r\n<p><em>\u201eOsobn\u011b m\u00e1m velkou radost, \u017ee jsme na\u0159\u00edzenou karant\u00e9nu p\u0159e\u010dkali ve zdrav\u00ed a&nbsp;mohli pokra\u010dovat v&nbsp;pr\u00e1ci i&nbsp;v&nbsp;dom\u00e1c\u00edch podm\u00ednk\u00e1ch. V\u010derej\u0161\u00ed jedn\u00e1n\u00ed Rady hlavn\u00edho m\u011bsta Prahy se je\u0161t\u011b uskute\u010dnilo online. \u010ctvrte\u010dn\u00ed zastupitelstvo u\u017e bude prezen\u010dn\u00ed, ale navrhnu, aby se mohlo konat \u010d\u00e1ste\u010dn\u011b online. Budeme \u0159e\u0161it t\u0159eba sportovn\u00ed granty nebo podporu legalizace prostituce,\u201c<\/em> uvedl <strong><em>prim\u00e1tor hlavn\u00edho m\u011bsta Prahy Zden\u011bk H\u0159i<\/em><\/strong>b.<\/p>\r\n<p>V\u0161ech 50 osob se nechalo poprv\u00e9 testovat ji\u017e na za\u010d\u00e1tku karant\u00e9ny proto, aby se vylou\u010dila mo\u017enost p\u0159enosu n\u00e1kazy mezi nimi a&nbsp;lidmi, kter\u00e9 do t\u00e9 doby potkali. Stejn\u011b jako prvn\u00ed testy na onemocn\u011bn\u00ed covid-19 m\u011bli v\u0161ichni i&nbsp;testy p\u0159ed koncem karant\u00e9ny negativn\u00ed.<\/p>\r\n<p><em>\u201eM\u00e1m radost, \u017ee nikdo z&nbsp;veden\u00ed m\u011bsta nen\u00ed pozitivn\u00ed a&nbsp;\u017ee jsme tak nikoho nenakazili. Karant\u00e9na vedla k&nbsp;odlo\u017een\u00ed zastupitelstva, t\u00edm se n\u011bkter\u00e9 projekty zpomalily. Toto rozhodnut\u00ed ale bylo spr\u00e1vn\u00e9 a&nbsp;odpov\u011bdn\u00e9, nebo\u0165 se zamezilo dal\u0161\u00edmu \u0161\u00ed\u0159en\u00ed koronaviru na magistr\u00e1tu. Te\u010f je t\u0159eba v\u0161e dohnat a&nbsp;intenzivn\u011bji pracovat,\u201c<\/em> \u0159ekl <em><strong>p\u0159edseda zastupitelsk\u00e9ho klubu Spojen\u00e9 s\u00edly pro Prahu Ji\u0159\u00ed Posp\u00ed\u0161il<\/strong><\/em>.<\/p>\r\n<p>D\u00edky prvn\u00edm negativn\u00edm v\u00fdsledk\u016fm test\u016f nemusel magistr\u00e1t ani dal\u0161\u00ed instituce, kde se osoby vyskytly, p\u0159ij\u00edmat protiepidemick\u00e1 opat\u0159en\u00ed. V\u00fdsledky uk\u00e1zaly, \u017ee nikdo z&nbsp;testovan\u00fdch osob nemohl nakazit dal\u0161\u00ed kolegy, se kter\u00fdmi se p\u0159ed karant\u00e9nou setkal. Posledn\u00ed testy nyn\u00ed umo\u017en\u00ed v\u0161em testovan\u00fdm, aby se vr\u00e1tili k\u00a0b\u011b\u017en\u00e9mu \u017eivotu.<\/p>\r\n<p><em>\u201eAni na\u0159\u00edzen\u00e1 dvout\u00fddenn\u00ed karant\u00e9na n\u00e1m nezabr\u00e1nila, abychom pokra\u010dovali v&nbsp;na\u0161\u00ed pr\u00e1ci pro Pra\u017eany. Z&nbsp;domova se toho d\u00e1 za\u0159\u00eddit opravdu spousta, \u010dlov\u011bk t\u0159eba neztr\u00e1c\u00ed \u010das p\u0159esuny z&nbsp;jedn\u00e1n\u00ed na jedn\u00e1n\u00ed. U\u017e se ale v\u0161ichni t\u011b\u0161\u00edme do pr\u00e1ce a&nbsp;na lidsk\u00fd rozm\u011br osobn\u00edho setk\u00e1n\u00ed, to ani sebelep\u0161\u00ed technologie zprost\u0159edkovat neum\u00ed,\u201c<\/em> dodal <strong><em>p\u0159edseda zastupitelsk\u00e9ho klubu Praha sob\u011b Jan \u010ci\u017einsk\u00fd<\/em><\/strong>.<\/p>\r\n<p>Prvn\u00ed p\u0159\u00edznaky se u&nbsp;n\u00e1m\u011bstka prim\u00e1tora hl. m. Prahy Petra Hlubu\u010dka objevily v\u00a0pond\u011bl\u00ed 15.&nbsp;\u010dervna ve\u010der. Ten se z\u00fa\u010dastnil sedmihodinov\u00e9ho zased\u00e1n\u00ed m\u011bstsk\u00e9 rady, a&nbsp;proto v\u0161ichni jeho \u00fa\u010dastn\u00edci a&nbsp;dal\u0161\u00ed nav\u00e1zan\u00e9 osoby musely do preventivn\u00ed karant\u00e9ny. V\u00a0karant\u00e9n\u011b se v\u0161ichni ocitli od \u00fater\u00fd 16.&nbsp;\u010dervna a&nbsp;po dvou t\u00fddnech se od 30.&nbsp;\u010dervna vrac\u00ed do zam\u011bstn\u00e1n\u00ed.<\/p>","protected":false},"excerpt":{"rendered":"[perex] Pra\u017e\u0161t\u00ed radn\u00ed a&nbsp;celkov\u011b v\u0161echny osoby nav\u00e1zan\u00e9 na jedn\u00e1n\u00ed rady p\u0159ed dv\u011bma t\u00fddny se vracej\u00ed do sv\u00fdch kancel\u00e1\u0159\u00ed. \u010cek\u00e1 se pouze na vyhodnocen\u00ed posledn\u00edho testu n\u00e1m\u011bstka prim\u00e1tora hl. m. Prahy Petra Hlubu\u010dka. V\u00fdsledek by m\u011bl b\u00fdt zn\u00e1m v\u00a0nejbli\u017e\u0161\u00ed dob\u011b. V\u011bt\u0161ina \u00fa\u010dastn\u00edk\u016f jedn\u00e1n\u00ed v\u010detn\u011b radn\u00edch se do sv\u00fdch kancel\u00e1\u0159\u00ed vr\u00e1tila ji\u017e dnes. Zbyl\u00fdch deset lid\u00ed, p\u0159ev\u00e1\u017en\u011b [&hellip;]","protected":false},"author":5,"featured_media":39233,"comment_status":"closed","ping_status":"open","sticky":false,"template":"","format":"standard","meta":[],"categories":[34],"tags":[],"_links":{"self":[{"href":"https:\/\/www.praha7.cz\/api\/wp\/v2\/posts\/39230"}],"collection":[{"href":"https:\/\/www.praha7.cz\/api\/wp\/v2\/posts"}],"about":[{"href":"https:\/\/www.praha7.cz\/api\/wp\/v2\/types\/post"}],"author":[{"embeddable":true,"href":"https:\/\/www.praha7.cz\/api\/wp\/v2\/users\/5"}],"replies":[{"embeddable":true,"href":"https:\/\/www.praha7.cz\/api\/wp\/v2\/comments?post=39230"}],"version-history":[{"count":1,"href":"https:\/\/www.praha7.cz\/api\/wp\/v2\/posts\/39230\/revisions"}],"predecessor-version":[{"id":39232,"href":"https:\/\/www.praha7.cz\/api\/wp\/v2\/posts\/39230\/revisions\/39232"}],"wp:featuredmedia":[{"embeddable":true,"href":"https:\/\/www.praha7.cz\/api\/wp\/v2\/media\/39233"}],"wp:attachment":[{"href":"https:\/\/www.praha7.cz\/api\/wp\/v2\/media?parent=39230"}],"wp:term":[{"taxonomy":"category","embeddable":true,"href":"https:\/\/www.praha7.cz\/api\/wp\/v2\/categories?post=39230"},{"taxonomy":"post_tag","embeddable":true,"href":"https:\/\/www.praha7.cz\/api\/wp\/v2\/tags?post=39230"}],"curies":[{"name":"wp","href":"https:\/\/api.w.org\/{rel}","templated":true}]}}