    
{"id":38749,"date":"2020-06-17T13:03:21","date_gmt":"2020-06-17T11:03:21","guid":{"rendered":"https:\/\/www.praha7.cz\/?p=38749"},"modified":"2020-06-19T12:23:49","modified_gmt":"2020-06-19T10:23:49","slug":"sedmicka-vychazi-vstric-solidarite-od-sousedu-vyhlasila-verejnou-sbirku-na-pomoc-lidem-v-nouzi","status":"publish","type":"post","link":"https:\/\/www.praha7.cz\/sedmicka-vychazi-vstric-solidarite-od-sousedu-vyhlasila-verejnou-sbirku-na-pomoc-lidem-v-nouzi\/","title":{"rendered":"Sedmi\u010dka vych\u00e1z\u00ed vst\u0159\u00edc solidarit\u011b od soused\u016f, vyhl\u00e1sila ve\u0159ejnou sb\u00edrku na pomoc lidem v&nbsp;nouzi"},"content":{"rendered":"<p>[perex]<\/p>\r\n<p>Praha&nbsp;7 spou\u0161t\u00ed kampa\u0148 Solidarita od soused\u016f (SOS P7). V&nbsp;dob\u011b, kdy na ob\u010dany st\u00e1le dol\u00e9haj\u00ed dopady opat\u0159en\u00ed spojen\u00fdch s&nbsp;pandemi\u00ed COVID-19, vych\u00e1z\u00ed m\u011bstsk\u00e1 \u010d\u00e1st vst\u0159\u00edc \u010dast\u00fdm projev\u016fm solidarity a&nbsp;ochoty pom\u00e1hat. Praha&nbsp;7 vyhl\u00e1sila ve\u0159ejnou sb\u00edrku, jej\u00edm\u017e prost\u0159ednictv\u00edm m\u016f\u017ee ka\u017ed\u00fd p\u0159isp\u011bt na pomoc lidem, kte\u0159\u00ed se dostali do obt\u00ed\u017en\u00fdch \u017eivotn\u00edch situac\u00ed a&nbsp;pot\u0159ebuj\u00ed zajistit sv\u00e9 z\u00e1kladn\u00ed \u017eivotn\u00ed pot\u0159eby. P\u0159isp\u011bt do ve\u0159ejn\u00e9 sb\u00edrky lze prost\u0159ednictv\u00edm <a href=\"https:\/\/www.csas.cz\/cs\/transparentni-ucty#\/000123-2000870339\/Mestska-cast-Praha-7\" target=\"_blank\" rel=\"noopener\">transparentn\u00edho \u00fa\u010dtu<\/a> SOS P7: <strong>000123-2000870339\/0800<\/strong>.<\/p>\r\n<p>[\/perex]<\/p>\r\n<p><em>\u201eNejt\u011b\u017e\u0161\u00ed vlna pandemie je ji\u017e doufejme za n\u00e1mi, s\u00a0n\u00e1sledky vl\u00e1dn\u00edch omezen\u00ed se v\u0161ak budeme vyrovn\u00e1vat je\u0161t\u011b velmi dlouho. N\u011bkte\u0159\u00ed lid\u00e9 to bez na\u0161\u00ed pomoci nezvl\u00e1dnou. Pokud se d\u00e1 na cel\u00e9 krizi naj\u00edt n\u011bco pozitivn\u00edho, pak je to obrovsk\u00e1 vlna solidarity, kterou nejen u&nbsp;n\u00e1s na Sedmi\u010dce vyvolala. Na\u0161i soused\u00e9 dobrovoln\u011b \u0161ili rou\u0161ky, vyd\u00e1vali dezinfekci, rozn\u00e1\u0161eli ochrann\u00e9 prost\u0159edky, nakupovali senior\u016fm, pom\u00e1hali, kde se dalo. Nyn\u00ed se na n\u00e1s obracej\u00ed, \u017ee cht\u011bj\u00ed pom\u00e1hat d\u00e1l. Sna\u017e\u00edme se je propojovat s\u00a0t\u011bmi, kte\u0159\u00ed pomocnou ruku pot\u0159ebuj\u00ed. Po dohod\u011b s\u00a0opozic\u00ed jsme zalo\u017eili transparentn\u00ed \u00fa\u010det, abychom vy\u0161li solidarit\u011b od soused\u016f vst\u0159\u00edc a&nbsp;umo\u017enili ka\u017ed\u00e9mu p\u0159isp\u011bt dle jeho mo\u017enost\u00ed,\u201c<\/em> uvedl <em><strong>starosta Prahy&nbsp;7 Jan \u010ci\u017einsk\u00fd<\/strong><\/em>. \u00a0\u00a0\u00a0\u00a0\u00a0<\/p>\r\n<p><em>\u201eV\u00a0dob\u011b, kdy \u0159ada lid\u00ed nemohla chodit do pr\u00e1ce, jsme pos\u00edlili prost\u0159edky v&nbsp;na\u0161em Humanitn\u00edm fondu a&nbsp;upravili jsme tak\u00e9 jeho pravidla, abychom mohli rychle pom\u00e1hat t\u011bm, kter\u00fdm kv\u016fli v\u00fdpadku p\u0159\u00edjm\u016f hrozilo, \u017ee p\u0159ijdou o&nbsp;st\u0159echu nad hlavou. Lid\u00ed, kte\u0159\u00ed pot\u0159ebuj\u00ed na\u0161i st\u00e1lou \u010di n\u00e1razovou pomoc, je v\u0161ak st\u00e1le dost. V\u00edt\u00e1me proto nab\u00eddky, kter\u00e9 n\u00e1m p\u0159ich\u00e1zej\u00ed od jednotliv\u00fdch ob\u010dan\u016f, m\u00edstn\u00edch provozoven i&nbsp;v\u011bt\u0161\u00edch firem. Jejich pomoc v\u017edy zprost\u0159edkujeme d\u00e1le dle individu\u00e1ln\u00edch pot\u0159eb na\u0161ich klient\u016f. N\u011bkomu pomohou potravinov\u00e9 bal\u00ed\u010dky, n\u011bkomu zase vybaven\u00ed do dom\u00e1cnosti, dal\u0161\u00edm bez\u00faro\u010dn\u00e1 p\u016fj\u010dka na n\u00e1jem. Mo\u017enost p\u0159ipojit se k\u00a0solid\u00e1rn\u00ed pomoci soused\u016f z&nbsp;Prahy&nbsp;7 nyn\u00ed zjednodu\u0161\u00ed n\u00e1\u0161 transparentn\u00ed \u00fa\u010det,\u201c<\/em> \u0159ekl <em><strong>radn\u00ed Prahy&nbsp;7 pro soci\u00e1ln\u00ed a&nbsp;zdravotn\u00ed politiku Jakob Hurrle<\/strong><\/em>. \u00a0<\/p>\r\n<p><em>\u201eJsme moc r\u00e1di, \u017ee my\u0161lenka rychl\u00e9 podpory pot\u0159ebn\u00fdm spoluob\u010dan\u016fm, ale i&nbsp;garance sn\u00ed\u017een\u00ed n\u00e1jm\u016f pro podnikatele na\u0161la v&nbsp;na\u0161\u00ed m\u011bstsk\u00e9 \u010d\u00e1sti jednozna\u010dnou podporu v\u0161ech zastupitel\u016f bez ohledu na jejich politickou p\u0159\u00edslu\u0161nost. Sou\u010dasn\u011b jsme si v\u011bdomi, \u017ee tato opat\u0159en\u00ed vyvolaj\u00ed obrovsk\u00fd tlak na rozpo\u010det m\u011bstsk\u00e9 \u010d\u00e1sti. I&nbsp;proto jsme n\u00e1vrh na nav\u00fd\u0161en\u00ed financ\u00ed do Humanitn\u00edho fondu doplnili pozm\u011b\u0148uj\u00edc\u00edm n\u00e1vrhem na z\u0159\u00edzen\u00ed transparentn\u00edho \u00fa\u010dtu k\u00a0tomuto fondu, kam m\u016f\u017ee velmi snadno p\u0159isp\u011bt ka\u017ed\u00fd z\u00a0n\u00e1s. Pen\u00edze vybran\u00e9 mezi na\u0161imi \u010dleny b\u011bhem kv\u011btna jsme ji\u017e na \u00fa\u010det poslali a&nbsp;v\u011b\u0159\u00edme, \u017ee se p\u0159id\u00e1 cel\u00e1 \u0159ada dal\u0161\u00edch spoluob\u010dan\u016f. \u010c\u00edm v\u00edce n\u00e1s bude, t\u00edm m\u00e9n\u011b bude m\u011bstsk\u00e1 \u010d\u00e1st zat\u00ed\u017eena dluhy do budoucna,\u201c<\/em> dod\u00e1v\u00e1 <em><strong>zastupitel za TOP 09 Ji\u0159\u00ed Hejnic<\/strong><\/em>.<\/p>\r\n<p><em>\u201e\u010cesko za\u017e\u00edv\u00e1 nejv\u011bt\u0161\u00ed ekonomick\u00fd propad za posledn\u00edch t\u0159icet let. V\u00a0d\u016fsledku vl\u00e1dn\u00edch koronavirov\u00fdch restrikc\u00ed p\u0159i\u0161la \u0159ada ob\u010dan\u016f o&nbsp;podstatnou \u010d\u00e1st p\u0159\u00edjm\u016f \u010di dokonce ztratila zam\u011bstn\u00e1n\u00ed. V\u00a0t\u00e9to situaci je c\u00edlen\u00e1 podpora v\u00a0r\u00e1mci komunity mimo\u0159\u00e1dn\u011b d\u016fle\u017eit\u00e1. Zvl\u00e1\u0161\u0165 kdy\u017e na konkr\u00e9tn\u00edch p\u0159\u00edkladech vid\u00edme, \u017ee pomoc od vl\u00e1dy je pomal\u00e1 a&nbsp;m\u00e1lo \u00fa\u010dinn\u00e1. Cht\u011bl bych proto vyzvat ob\u010dany i&nbsp;firmy z\u00a0Prahy&nbsp;7, aby v\u00a0r\u00e1mci sv\u00fdch mo\u017enost\u00ed na konto SOS P7 p\u0159isp\u011bli. V\u00edc, ne\u017e kdy jindy te\u010f plat\u00ed, \u017ee kdo rychle d\u00e1v\u00e1, dvakr\u00e1t d\u00e1v\u00e1,\u201c<\/em> konstatoval <em><strong>p\u0159edseda zastupitelsk\u00e9ho klubu ODS Tom\u00e1\u0161 Bartovsk\u00fd<\/strong><\/em>.<\/p>\r\n<p>Ve\u0159ejn\u00e1 sb\u00edrka SOS P7 slou\u017e\u00ed k\u00a0poskytov\u00e1n\u00ed pomoci ob\u010dan\u016fm, kte\u0159\u00ed\u00a0pot\u0159ebuj\u00ed podporu p\u0159i zaji\u0161t\u011bn\u00ed z\u00e1kladn\u00edch \u017eivotn\u00edch pot\u0159eb. P\u0159isp\u011bn\u00edm na transparentn\u00ed \u00fa\u010det dojde k\u00a0pos\u00edlen\u00ed <a href=\"https:\/\/www.praha7.cz\/temata\/pomahame\/fondy-solidarity\/\">Humanitn\u00edho fondu M\u010c Praha&nbsp;7<\/a>, p\u0159\u00edsp\u011bvky budou vyu\u017eity na individu\u00e1ln\u00ed pomoc ob\u010dan\u016fm Prahy&nbsp;7 v&nbsp;souladu s\u00a0pravidly fondu.<\/p>\r\n<p>&nbsp;<\/p>\r\n<h3><a href=\"https:\/\/www.csas.cz\/cs\/transparentni-ucty#\/000123-2000870339\/Mestska-cast-Praha-7\">Transparentn\u00ed \u00fa\u010det \u2013 SOS P7<\/a>\u00a0\u00a0\u00a0\u00a0\u00a0\u00a0\u00a0<\/h3>\r\n<h3><span style=\"color: #ff0000;\">\u010c\u00edslo \u00fa\u010dtu: 000123-2000870339\/0800<\/span><\/h3>\r\n<p>&nbsp;<\/p>\r\n<p>D\u011bkujeme v\u00e1m! Ka\u017ed\u00fd p\u0159\u00edsp\u011bvek m\u016f\u017ee pomoci.<\/p>\r\n<p>Upozor\u0148ujeme d\u00e1rce, \u017ee \u00fa\u010det je transparentn\u00ed a\u00a0zasl\u00e1n\u00edm daru d\u00e1v\u00e1 z\u00e1rove\u0148 souhlas se zve\u0159ejn\u011bn\u00edm sv\u00fdch osobn\u00edch \u00fadaj\u016f.<\/p>\r\n<p>&nbsp;<\/p>\r\n<h3>Pr\u00e1v\u011b pom\u00e1h\u00e1me<\/h3>\r\n<p><strong>P\u0159in\u00e1\u0161\u00edme v\u00e1m p\u0159\u00edb\u011bhy pot\u0159ebn\u00fdch rodin z\u00a0Prahy&nbsp;7, kter\u00fdm i&nbsp;vy m\u016f\u017eete aktu\u00e1ln\u011b pomoci.<\/strong><\/p>\r\n<p>&nbsp;<\/p>\r\n<p><strong>Pan\u00ed Anna (32 let)<\/strong><\/p>\r\n<p>Pan\u00ed Anna je samo\u017eivitelka, kter\u00e1 se z\u00a0azylov\u00e9ho domu p\u0159est\u011bhovala do bytu podporovan\u00e9ho bydlen\u00ed Prahy&nbsp;7. Star\u00e1 se o&nbsp;t\u0159i d\u011bti ve v\u011bku 3, 5 a&nbsp;11 let. Nejstar\u0161\u00ed syn pan\u00ed Anny m\u00e1 vrozenou d\u011bdi\u010dnou vadu spojenou s&nbsp;p\u0159\u00edjmem potravy, kv\u016fli kter\u00e9 nep\u0159ib\u00edr\u00e1 na v\u00e1ze. Pan\u00ed Anna se sna\u017e\u00ed celou svou rodinu zabezpe\u010dit sama, p\u0159ed narozen\u00edm nejmlad\u0161\u00ed dcery byla zam\u011bstn\u00e1na jako pomocn\u00e1 s\u00edla v&nbsp;kuchyni. Nyn\u00ed je odk\u00e1z\u00e1na na soci\u00e1ln\u00ed d\u00e1vky a&nbsp;potravinovou pomoc.<\/p>\r\n<p>&nbsp;<\/p>\r\n<p><strong>Pan\u00ed Eva (54 let)<\/strong><\/p>\r\n<p>Pan\u00ed Eva je vdova, kter\u00e1 \u017eije ve spole\u010dn\u00e9 dom\u00e1cnosti se dv\u011bma dosp\u011bl\u00fdmi dcerami. Je po \u010dty\u0159ech mozkov\u00fdch p\u0159\u00edhod\u00e1ch, kdy m\u00e1 \u010d\u00e1ste\u010dn\u011b ochrnut\u00e9 ob\u011b poloviny t\u011bla. Byl j\u00ed uzn\u00e1n invalidn\u00ed d\u016fchod III. stupn\u011b a&nbsp;pr\u016fkaz ZTP. D\u00e1le j\u00ed bylo diagnostikov\u00e1no z\u00e1va\u017en\u00e9 onemocn\u011bn\u00ed za\u017e\u00edvac\u00edho traktu, stejn\u011b jako jej\u00edm dcer\u00e1m. V&nbsp;d\u016fsledku toho maj\u00ed v\u0161echny t\u0159i za\u017e\u00edvac\u00ed probl\u00e9my. Mlad\u0161\u00ed dcera nav\u00edc trp\u00ed svalovou hypotoni\u00ed a&nbsp;dal\u0161\u00edmi zdravotn\u00edmi komplikacemi. Od roku 2013 se p\u0159estala h\u00fdbat, celodenn\u011b je upout\u00e1na na l\u016f\u017eko, pohybuje pouze rukama. Star\u0161\u00ed dcera m\u00e1 psychiatrick\u00e9 onemocn\u011bn\u00ed, na sestru dohl\u00ed\u017e\u00ed a&nbsp;je s\u00a0n\u00ed doma po dobu, kdy je pan\u00ed Eva v\u00a0zam\u011bstn\u00e1n\u00ed. Pan\u00ed Eva je zam\u011bstnan\u00e1 v\u00a0neziskov\u00e9 organizaci s\u00a0flexibiln\u00ed pracovn\u00ed dobou. Celkov\u00e1 situace rodiny je po soci\u00e1ln\u00ed, zdravotn\u00ed i&nbsp;finan\u010dn\u00ed str\u00e1nce dlouhodob\u011b velice t\u00ed\u017eiv\u00e1.<\/p>\r\n<p>&nbsp;<\/p>\r\n<p><strong>Pan\u00ed Jarmila (62 let)<\/strong><\/p>\r\n<p>Pan\u00ed Jarmila \u017eije sama se sv\u00fdm dosp\u011bl\u00fdm synem, kter\u00fd onemocn\u011bl paranoidn\u00ed schizofreni\u00ed. Pracuje jako no\u010dn\u00ed dopl\u0148ova\u010dka zbo\u017e\u00ed, aby mohla b\u00fdt p\u0159es den se\u00a0synem. Spole\u010dn\u011b s\u00a0terapeutick\u00fdm psem \u017eila rodina v\u00a0garsonce, odkud se p\u0159est\u011bhovala do bytu podporovan\u00e9ho bydlen\u00ed Prahy&nbsp;7. Komplikovan\u00e1 situace p\u0159im\u011bla pan\u00ed Jarmilu, aby v&nbsp;minulosti vyu\u017eila nebankovn\u00edch p\u016fj\u010dek. Zadlu\u017eila se a&nbsp;sv\u00e9 dluhy se nyn\u00ed pokou\u0161\u00ed spl\u00e1cet. Pob\u00edr\u00e1 st\u00e1tn\u00ed p\u0159\u00edsp\u011bvek na bydlen\u00ed, jeho v\u00fdpo\u010det v\u0161ak nezohled\u0148uje spl\u00e1tky dluh\u016f, a&nbsp;tak se rodina pot\u00fdk\u00e1 s&nbsp;nedostatkem finan\u010dn\u00edch prost\u0159edk\u016f t\u00e9m\u011b\u0159 ka\u017ed\u00fd m\u011bs\u00edc.<\/p>\r\n<p>&nbsp;<\/p>\r\n<p><strong>Pan\u00ed Ivana (38 let)<\/strong><\/p>\r\n<p>Pan\u00ed Ivanu opustil man\u017eel, sama vychov\u00e1v\u00e1 t\u0159i d\u011bti. Je slabozrak\u00e1 a&nbsp;siln\u00e1 epilepti\u010dka (z\u00e1chvaty vedou a\u017e k\u00a0z\u00e1sah\u016fm z\u00e1chrann\u00e9 slu\u017eby). Tak\u00e9 kv\u016fli tomu, \u017ee man\u017eel na d\u011bti neplatil v\u00fd\u017eivn\u00e9, si s\u00a0sebou pan\u00ed Ivana nese z\u00a0minulosti n\u011bkolik exekuc\u00ed. Pravideln\u011b se dost\u00e1v\u00e1 do finan\u010dn\u00ed t\u00edsn\u011b, je p\u0159\u00edjemcem potravinov\u00e9 a&nbsp;materi\u00e1ln\u00ed pomoci Prahy&nbsp;7.<\/p>\r\n<hr \/>\r\n<p>Ob\u010dan\u00e9 Sedmi\u010dky, kte\u0159\u00ed se dostali do obt\u00ed\u017en\u00e9 \u017eivotn\u00ed situace, se mohou obracet na e-mail:\u00a0<a href=\"mailto:socialnipomoc@praha7.cz\">socialnipomoc@praha7.cz<\/a>\u00a0nebo na tel.: 220\u00a0144\u00a0097, 220\u00a0144\u00a0249.<\/p>\r\n<hr \/>\r\n<p><a href=\"https:\/\/www.praha7.cz\/praha-7-nabizi-pomocnou-ruku-rodicum-spousti-poradnu-pro-krizove-situace\/\" target=\"_blank\" rel=\"noopener\">Praha\u00a07 nab\u00edz\u00ed pomocnou ruku rodi\u010d\u016fm, spou\u0161t\u00ed poradnu pro krizov\u00e9 situace<\/a><\/p>","protected":false},"excerpt":{"rendered":"[perex] Praha&nbsp;7 spou\u0161t\u00ed kampa\u0148 Solidarita od soused\u016f (SOS P7). V&nbsp;dob\u011b, kdy na ob\u010dany st\u00e1le dol\u00e9haj\u00ed dopady opat\u0159en\u00ed spojen\u00fdch s&nbsp;pandemi\u00ed COVID-19, vych\u00e1z\u00ed m\u011bstsk\u00e1 \u010d\u00e1st vst\u0159\u00edc \u010dast\u00fdm projev\u016fm solidarity a&nbsp;ochoty pom\u00e1hat. Praha&nbsp;7 vyhl\u00e1sila ve\u0159ejnou sb\u00edrku, jej\u00edm\u017e prost\u0159ednictv\u00edm m\u016f\u017ee ka\u017ed\u00fd p\u0159isp\u011bt na pomoc lidem, kte\u0159\u00ed se dostali do obt\u00ed\u017en\u00fdch \u017eivotn\u00edch situac\u00ed a&nbsp;pot\u0159ebuj\u00ed zajistit sv\u00e9 z\u00e1kladn\u00ed \u017eivotn\u00ed pot\u0159eby. P\u0159isp\u011bt [&hellip;]","protected":false},"author":5,"featured_media":38759,"comment_status":"closed","ping_status":"open","sticky":false,"template":"","format":"standard","meta":[],"categories":[36,74],"tags":[],"_links":{"self":[{"href":"https:\/\/www.praha7.cz\/api\/wp\/v2\/posts\/38749"}],"collection":[{"href":"https:\/\/www.praha7.cz\/api\/wp\/v2\/posts"}],"about":[{"href":"https:\/\/www.praha7.cz\/api\/wp\/v2\/types\/post"}],"author":[{"embeddable":true,"href":"https:\/\/www.praha7.cz\/api\/wp\/v2\/users\/5"}],"replies":[{"embeddable":true,"href":"https:\/\/www.praha7.cz\/api\/wp\/v2\/comments?post=38749"}],"version-history":[{"count":7,"href":"https:\/\/www.praha7.cz\/api\/wp\/v2\/posts\/38749\/revisions"}],"predecessor-version":[{"id":38847,"href":"https:\/\/www.praha7.cz\/api\/wp\/v2\/posts\/38749\/revisions\/38847"}],"wp:featuredmedia":[{"embeddable":true,"href":"https:\/\/www.praha7.cz\/api\/wp\/v2\/media\/38759"}],"wp:attachment":[{"href":"https:\/\/www.praha7.cz\/api\/wp\/v2\/media?parent=38749"}],"wp:term":[{"taxonomy":"category","embeddable":true,"href":"https:\/\/www.praha7.cz\/api\/wp\/v2\/categories?post=38749"},{"taxonomy":"post_tag","embeddable":true,"href":"https:\/\/www.praha7.cz\/api\/wp\/v2\/tags?post=38749"}],"curies":[{"name":"wp","href":"https:\/\/api.w.org\/{rel}","templated":true}]}}