    
{"id":38650,"date":"2020-06-15T18:02:06","date_gmt":"2020-06-15T16:02:06","guid":{"rendered":"https:\/\/www.praha7.cz\/?p=38650"},"modified":"2020-06-15T18:02:06","modified_gmt":"2020-06-15T16:02:06","slug":"workshop-prace-s-osobami-ohrozenymi-domacim-nasilim","status":"publish","type":"post","link":"https:\/\/www.praha7.cz\/workshop-prace-s-osobami-ohrozenymi-domacim-nasilim\/","title":{"rendered":"Workshop: Pr\u00e1ce s&nbsp;osobami ohro\u017een\u00fdmi dom\u00e1c\u00edm n\u00e1sil\u00edm"},"content":{"rendered":"<p>[perex]<\/p>\r\n<p>M\u011bstsk\u00e1 \u010d\u00e1st Praha&nbsp;7 po\u0159\u00e1d\u00e1 ve spolupr\u00e1ci s&nbsp;organizac\u00ed\u00a0<a href=\"http:\/\/www.acorus.cz\/\">ACORUS z.s.<\/a> v&nbsp;\u00fater\u00fd 23.&nbsp;\u010dervna 2020 v&nbsp;s\u00e1le Vod\u00e1rensk\u00e9 v\u011b\u017ee workshop na t\u00e9ma pomoci\u00a0osob\u00e1m ohro\u017een\u00fdm dom\u00e1c\u00edm n\u00e1sil\u00edm. Akce je ur\u010dena partnersk\u00fdm organizac\u00edm a&nbsp;odborn\u00e9 ve\u0159ejnosti.\u00a0\u00da\u010dast je\u00a0zdarma, po\u010det m\u00edst je omezen &#8211; p\u0159ihla\u0161ovac\u00ed formul\u00e1\u0159 naleznete <a href=\"https:\/\/forms.gle\/YdbowCyXVXsQZPfq6\" target=\"_blank\" rel=\"noopener\">zde<\/a>.<\/p>\r\n<p>[\/perex]<\/p>\r\n<p><strong>Term\u00edn<\/strong>:\u00a023.&nbsp;6.&nbsp;2020 od 9 do 13 hodin<br \/>\r\n<strong>M\u00edsto kon\u00e1n\u00ed<\/strong>: s\u00e1l Letensk\u00e9 vod\u00e1rensk\u00e9 v\u011b\u017ee, Na V\u00fd\u0161in\u00e1ch 1000\/1, Praha&nbsp;7<br \/>\r\n<strong>Lektorky<\/strong>:\u00a0Jaroslava Chaloupkov\u00e1 a&nbsp;Jitka Libi\u0161ov\u00e1 z&nbsp;organizace ACORUS z.s., kter\u00e1 je zam\u011b\u0159en\u00e1 na pomoc osob\u00e1m ohro\u017een\u00fdm dom\u00e1c\u00edm n\u00e1sil\u00edm<br \/>\r\n<br \/>\r\n<strong>Anotace workshopu:<\/strong><br \/>\r\nWorkshop bude zam\u011b\u0159en na vymezen\u00ed pojmu \u201edom\u00e1c\u00ed n\u00e1sil\u00ed\u201c v\u010detn\u011b jeho projev\u016f, kl\u00ed\u010dov\u00fdch znak\u016f a&nbsp;rizikov\u00fdch faktor\u016f. Zahrnovat bude nejen jedn\u00e1n\u00ed s&nbsp;ob\u011bt\u00ed dom\u00e1c\u00edho n\u00e1sil\u00ed, ale tak\u00e9 s&nbsp;agresorem. Jeho prost\u0159ednictv\u00edm budou p\u0159ed\u00e1ny tak\u00e9 informace jak se zachovat p\u0159i podez\u0159en\u00ed na dom\u00e1c\u00ed n\u00e1sil\u00ed.<br \/>\r\n\u00a0<br \/>\r\nWorkshop je po\u0159\u00e1dan\u00fd m\u011bstskou \u010d\u00e1st\u00ed Praha&nbsp;7 k&nbsp;zaveden\u00ed princip\u016f case-managementu ve zdravotn\u011b-soci\u00e1ln\u00ed oblasti na Praze 7. Workshop je sou\u010d\u00e1st\u00ed projektu, jeho\u017e c\u00edlem je nastavit a&nbsp;implementovat procesy princip\u016f <a href=\"https:\/\/www.praha7.cz\/potrebuji-zaridit\/socialni-oblast\/case-management\/\" target=\"_blank\" rel=\"noopener\">case managementu<\/a> a&nbsp;vybudov\u00e1n\u00ed platformy pro bezpe\u010dn\u00e9 sd\u00edlen\u00ed dat na \u00farovni Prahy&nbsp;7.<\/p>","protected":false},"excerpt":{"rendered":"[perex] M\u011bstsk\u00e1 \u010d\u00e1st Praha&nbsp;7 po\u0159\u00e1d\u00e1 ve spolupr\u00e1ci s&nbsp;organizac\u00ed\u00a0ACORUS z.s. v&nbsp;\u00fater\u00fd 23.&nbsp;\u010dervna 2020 v&nbsp;s\u00e1le Vod\u00e1rensk\u00e9 v\u011b\u017ee workshop na t\u00e9ma pomoci\u00a0osob\u00e1m ohro\u017een\u00fdm dom\u00e1c\u00edm n\u00e1sil\u00edm. Akce je ur\u010dena partnersk\u00fdm organizac\u00edm a&nbsp;odborn\u00e9 ve\u0159ejnosti.\u00a0\u00da\u010dast je\u00a0zdarma, po\u010det m\u00edst je omezen &#8211; p\u0159ihla\u0161ovac\u00ed formul\u00e1\u0159 naleznete zde. [\/perex] Term\u00edn:\u00a023.&nbsp;6.&nbsp;2020 od 9 do 13 hodin M\u00edsto kon\u00e1n\u00ed: s\u00e1l Letensk\u00e9 vod\u00e1rensk\u00e9 v\u011b\u017ee, Na V\u00fd\u0161in\u00e1ch 1000\/1, [&hellip;]","protected":false},"author":97,"featured_media":36641,"comment_status":"closed","ping_status":"open","sticky":false,"template":"","format":"standard","meta":[],"categories":[34],"tags":[],"_links":{"self":[{"href":"https:\/\/www.praha7.cz\/api\/wp\/v2\/posts\/38650"}],"collection":[{"href":"https:\/\/www.praha7.cz\/api\/wp\/v2\/posts"}],"about":[{"href":"https:\/\/www.praha7.cz\/api\/wp\/v2\/types\/post"}],"author":[{"embeddable":true,"href":"https:\/\/www.praha7.cz\/api\/wp\/v2\/users\/97"}],"replies":[{"embeddable":true,"href":"https:\/\/www.praha7.cz\/api\/wp\/v2\/comments?post=38650"}],"version-history":[{"count":4,"href":"https:\/\/www.praha7.cz\/api\/wp\/v2\/posts\/38650\/revisions"}],"predecessor-version":[{"id":38654,"href":"https:\/\/www.praha7.cz\/api\/wp\/v2\/posts\/38650\/revisions\/38654"}],"wp:featuredmedia":[{"embeddable":true,"href":"https:\/\/www.praha7.cz\/api\/wp\/v2\/media\/36641"}],"wp:attachment":[{"href":"https:\/\/www.praha7.cz\/api\/wp\/v2\/media?parent=38650"}],"wp:term":[{"taxonomy":"category","embeddable":true,"href":"https:\/\/www.praha7.cz\/api\/wp\/v2\/categories?post=38650"},{"taxonomy":"post_tag","embeddable":true,"href":"https:\/\/www.praha7.cz\/api\/wp\/v2\/tags?post=38650"}],"curies":[{"name":"wp","href":"https:\/\/api.w.org\/{rel}","templated":true}]}}