    
{"id":38579,"date":"2020-06-11T14:53:10","date_gmt":"2020-06-11T12:53:10","guid":{"rendered":"https:\/\/www.praha7.cz\/?p=38579"},"modified":"2020-06-23T09:54:55","modified_gmt":"2020-06-23T07:54:55","slug":"pozvanka-na-4-radne-zasedani-zastupitelstva-mc-praha-7-3","status":"publish","type":"post","link":"https:\/\/www.praha7.cz\/pozvanka-na-4-radne-zasedani-zastupitelstva-mc-praha-7-3\/","title":{"rendered":"Pozv\u00e1nka na 4.&nbsp;\u0159\u00e1dn\u00e9 zased\u00e1n\u00ed Zastupitelstva M\u010c Praha&nbsp;7"},"content":{"rendered":"<p>[perex]<\/p>\r\n<p style=\"text-align: justify;\">4.&nbsp;\u0159\u00e1dn\u00e9 zased\u00e1n\u00ed Zastupitelstva M\u010c Praha&nbsp;7 se kon\u00e1 v&nbsp;pond\u011bl\u00ed dne 22.&nbsp;\u010dervna 2020 od 17:00 hodin.<\/p>\r\n<p style=\"text-align: justify;\">Online p\u0159enos naleznete <a href=\"https:\/\/youtu.be\/qSSc2CMU484\">zde<\/a>.<\/p>\r\n<p style=\"text-align: justify;\">Materi\u00e1ly ke sta\u017een\u00ed jsou k\u00a0dispozici pod eviden\u010dn\u00edmi \u010d\u00edsly u\u00a0n\u00e1zv\u016f jednotliv\u00fdch bod\u016f.\u00a0<\/p>\r\n<p>[\/perex]<\/p>\r\n<p><strong>Program 4.\u00a0\u0159\u00e1dn\u00e9ho zased\u00e1n\u00ed Zastupitelstva M\u010c Praha\u00a07<\/strong><\/p>\r\n<ul>\r\n\t<li>Pravideln\u00fd bod programu za\u0159azen\u00fd za bod \u010d. 2 \u2013 Dotazy a&nbsp;p\u0159ipom\u00ednky ob\u010dan\u016f 1<\/li>\r\n\t<li>Pravideln\u00fd bod programu za\u0159azen\u00fd pevn\u011b na 18 hodinu \u2013 Dotazy a&nbsp;p\u0159ipom\u00ednky ob\u010dan\u016f 2<\/li>\r\n<\/ul>\r\n<p style=\"text-align: justify;\"><strong>1.<\/strong>\u00a0 Zah\u00e1jen\u00ed &#8211; schv\u00e1len\u00ed programu<\/p>\r\n<p style=\"text-align: justify;\"><strong>2.<\/strong>\u00a0 Volba n\u00e1vrhov\u00e9ho v\u00fdboru<\/p>\r\n<p style=\"text-align: justify;\"><strong>3.<\/strong>\u00a0 N\u00c1VRH vyhodnocen\u00ed ak\u010dn\u00edho pl\u00e1nu pro rok 2019 &#8211; <a href=\"https:\/\/www.praha7.cz\/wp-content\/uploads\/2020\/06\/1579.zip\">\u010d. 1579<\/a><\/p>\r\n<p style=\"text-align: justify;\"><strong>4.\u00a0 <\/strong>N\u00c1VRH k&nbsp;z\u00e1v\u011bre\u010dn\u00e9mu \u00fa\u010dtu M\u010c Praha&nbsp;7 za rok 2019 &#8211; <a href=\"http:\/\/file.praha7.cz\/odbory\/kst\/1577.zip\">\u010d. 1577<\/a><\/p>\r\n<p style=\"text-align: justify;\"><strong>5.\u00a0 <\/strong>N\u00c1VRH rozpo\u010dtov\u00e9ho opat\u0159en\u00ed m\u011bs\u00edce \u010dervna 2020 (RO 69\/2020) v&nbsp;celkov\u00e9m objemu 475&nbsp;003,- K\u010d (rozpo\u010dtov\u011b 475,1 tis. K\u010d) &#8211; \u00faprava rozpo\u010dtu M\u010c Praha&nbsp;7, ORJ 0809 (OMA) &#8211; pos\u00edlen\u00ed rozpo\u010dtu investi\u010dn\u00edch v\u00fddaj\u016f &#8211; za \u00fa\u010delem \u00fahrady technick\u00e9ho zhodnocen\u00ed bytov\u00e9 jednotky 241\/17 b\u00fdval\u00e9mu n\u00e1jemci &#8211; <a href=\"https:\/\/www.praha7.cz\/wp-content\/uploads\/2020\/06\/1584.zip\">\u010d. 1584<\/a><\/p>\r\n<p style=\"text-align: justify;\"><strong>6.\u00a0 <\/strong>N\u00c1VRH ke zpr\u00e1v\u011b o&nbsp;v\u00fdsledc\u00edch hospoda\u0159en\u00ed M\u010c Praha&nbsp;7 za 1.&nbsp;\u010dtvrtlet\u00ed 2020 &#8211; hlavn\u00ed \u010dinnost &#8211; <a href=\"https:\/\/www.praha7.cz\/wp-content\/uploads\/2020\/06\/1585.zip\">\u010d. 1585<\/a><\/p>\r\n<p style=\"text-align: justify;\"><strong>7.\u00a0 <\/strong>N\u00c1VRH ke zpr\u00e1v\u011b o&nbsp;v\u00fdsledc\u00edch hospoda\u0159en\u00ed M\u010c Praha&nbsp;7 za 1.&nbsp;\u010dtvrtlet\u00ed\u00a0roku 2020 v&nbsp;r\u00e1mci hospod\u00e1\u0159sk\u00e9 \u010dinnosti &#8211; \u00faseku zda\u0148ovan\u00e9 \u010dinnosti &#8211; <a href=\"https:\/\/www.praha7.cz\/wp-content\/uploads\/2020\/06\/1588.zip\">\u010d. 1588<\/a><\/p>\r\n<p style=\"text-align: justify;\"><strong>8.\u00a0 <\/strong>N\u00c1VRH na p\u0159evod pozemku parc. \u010d. 768\/1, v&nbsp;k.\u00fa. Hole\u0161ovice, Spole\u010denstv\u00ed vlastn\u00edk\u016f jednotek domu Osadn\u00ed 1476\/43, Praha&nbsp;7, I\u010cO 241&nbsp;50&nbsp;797, kter\u00fd tvo\u0159\u00ed s&nbsp;domem funk\u010dn\u00ed celek &#8211; <a href=\"https:\/\/www.praha7.cz\/wp-content\/uploads\/2020\/06\/1583.zip\">\u010d. 1583<\/a><\/p>\r\n<p style=\"text-align: justify;\"><strong>9.<\/strong>\u00a0 N\u00c1VRH na p\u0159ed\u010dasn\u00e9 zru\u0161en\u00ed zapsan\u00e9ho p\u0159edkupn\u00edho pr\u00e1va na dobu ur\u010ditou ve prosp\u011bch M\u010c Praha&nbsp;7 u&nbsp;nemovit\u00fdch v\u011bc\u00ed, u&nbsp;kter\u00fdch v&nbsp;tomto roce dojde k&nbsp;p\u0159ed\u010dasn\u00e9 \u00fahrad\u011b zb\u00fdvaj\u00edc\u00ed \u010d\u00e1sti sjednan\u00e9 kupn\u00ed ceny, v&nbsp;souvislosti s&nbsp;ekonomickou situac\u00ed zp\u016fsobenou pandemi\u00ed COVID-19 &#8211; <a href=\"https:\/\/www.praha7.cz\/wp-content\/uploads\/2020\/06\/1582.zip\">\u010d. 1582<\/a><\/p>\r\n<p style=\"text-align: justify;\"><strong>10.<\/strong> N\u00c1VRH na op\u011btovn\u00e9 z\u0159\u00edzen\u00ed \u00faplatn\u00e9ho pr\u00e1va stavby ve prosp\u011bch Akademie v\u00fdtvarn\u00fdch um\u011bn\u00ed v&nbsp;Praze, I\u010cO: 60461446, k&nbsp;nemovit\u00fdm v\u011bcem na adrese Jana Zaj\u00edce 27a\/1110 (v\u00fdtvarn\u00e9 ateli\u00e9ry), Praha&nbsp;7, za \u00fa\u010delem proveden\u00ed celkov\u00e9 rekonstrukce a&nbsp;modernizace objektu, v&nbsp;souvislosti s&nbsp;kone\u010dn\u00fdm souhlasn\u00fdm stanoviskem Ministerstva \u0161kolstv\u00ed, ml\u00e1de\u017ee a&nbsp;t\u011blov\u00fdchovy &#8211; <a href=\"https:\/\/www.praha7.cz\/wp-content\/uploads\/2020\/06\/1581.zip\">\u010d. 1581<\/a><\/p>\r\n<p style=\"text-align: justify;\"><strong>11.<\/strong> N\u00c1VRH na poskytnut\u00ed dotac\u00ed v&nbsp;r\u00e1mci dota\u010dn\u00edho \u0159\u00edzen\u00ed M\u010c Praha&nbsp;7 v&nbsp;programu Podpora sportovn\u00ed \u010dinnosti pro rok 2020 &#8211; <a href=\"https:\/\/www.praha7.cz\/wp-content\/uploads\/2020\/06\/1549.zip\">\u010d. 1549<\/a><\/p>\r\n<p style=\"text-align: justify;\"><strong>12.<\/strong> INFORMACE o&nbsp;\u010dinnosti Rady M\u010c Praha&nbsp;7 a&nbsp;pln\u011bn\u00ed \u00fakol\u016f ulo\u017een\u00fdch Rad\u011b M\u010c Praha&nbsp;7 Zastupitelstvem\u00a0 M\u010c Praha&nbsp;7 v\u00a0obdob\u00ed mezi 3.&nbsp;a&nbsp;4.&nbsp;zased\u00e1n\u00edm Zastupitelstva M\u010c Praha&nbsp;7 v\u00a0roce 2020 &#8211;\u00a0<a href=\"https:\/\/www.praha7.cz\/wp-content\/uploads\/2020\/06\/1578.zip\">\u010d.\u00a01578<\/a><\/p>\r\n<p style=\"text-align: justify;\"><strong>13.<\/strong> INFORMACE o&nbsp;skon\u010den\u00ed likvidace Bytov\u00e9ho dru\u017estva v\u00a0Praze 7, st\u00e1tn\u00edho podniku v\u00a0likvidaci, I\u010c: 00063720 &#8211; <a href=\"https:\/\/www.praha7.cz\/wp-content\/uploads\/2020\/06\/1587.zip\">\u010d. 1587<\/a><\/p>\r\n<p style=\"text-align: justify;\"><strong>14.<\/strong> INFORMACE o&nbsp;p\u0159\u00edprav\u011b stavby l\u00e1vky na \u0160tvanici a&nbsp;o&nbsp;pr\u016fb\u011bhu stavby Trojsk\u00e9 l\u00e1vky &#8211; <a href=\"https:\/\/www.praha7.cz\/wp-content\/uploads\/2020\/06\/1591.zip\">\u010d. 1591<\/a><\/p>\r\n<p style=\"text-align: justify;\"><strong>15.<\/strong> INFORMACE o&nbsp;\u010dinnosti Kontroln\u00edho v\u00fdboru Zastupitelstva M\u010c Praha&nbsp;7 v\u00a0obdob\u00ed\u00a0 mezi a&nbsp;3.&nbsp;a&nbsp;4.&nbsp;zased\u00e1n\u00edm Zastupitelstva M\u010c Praha&nbsp;7 v\u00a0roce 2020 &#8211; <a href=\"https:\/\/www.praha7.cz\/wp-content\/uploads\/2020\/06\/1576.zip\">\u010d. 1576<\/a><\/p>\r\n<p style=\"text-align: justify;\"><strong>16.<\/strong> INFORMACE o&nbsp;\u010dinnosti Finan\u010dn\u00edho v\u00fdboru Zastupitelstva M\u010c Praha&nbsp;7 v\u00a0obdob\u00ed mezi v\u00a0obdob\u00ed mezi a&nbsp;3.&nbsp;a&nbsp;4.&nbsp;zased\u00e1n\u00edm Zastupitelstva M\u010c Praha&nbsp;7 v\u00a0roce 2020 &#8211; <a href=\"https:\/\/www.praha7.cz\/wp-content\/uploads\/2020\/06\/1586.zip\">\u010d. 1586<\/a><\/p>\r\n<p style=\"text-align: justify;\"><strong>17.<\/strong> INFORMACE o&nbsp;\u010dinnosti V\u00fdboru pro\u00a0vzd\u011bl\u00e1v\u00e1n\u00ed, soci\u00e1ln\u00ed politiku a&nbsp;zdravotnictv\u00ed Zastupitelstva M\u010c Praha&nbsp;7 v\u00a0obdob\u00ed mezi\u00a0 3.&nbsp;a&nbsp;4.&nbsp;zased\u00e1n\u00edm Zastupitelstva M\u010c Praha&nbsp;7 v\u00a0roce 2020 &#8211; <a href=\"https:\/\/www.praha7.cz\/wp-content\/uploads\/2020\/06\/1589.zip\">\u010d. 1589<\/a><\/p>\r\n<p style=\"text-align: justify;\"><strong>18.<\/strong>\u00a0N\u00e1vrh Jednac\u00edho \u0159\u00e1du Zastupitelstva M\u010c Praha&nbsp;7 s&nbsp;\u00fa\u010dinnost\u00ed od 22.06.2020 &#8211; <a href=\"https:\/\/www.praha7.cz\/wp-content\/uploads\/2020\/06\/1592.zip\">\u010d.\u00a01592<\/a><\/p>\r\n<p style=\"text-align: justify;\"><strong>19.\u00a0<\/strong>N\u00e1vrh Dodatku \u010d. 1 ke z\u0159izovac\u00ed listin\u011b Mate\u0159sk\u00e9 \u0161koly, Praha&nbsp;7, Nad \u0160tolou 6 &#8211; <a href=\"https:\/\/www.praha7.cz\/wp-content\/uploads\/2020\/06\/1593.zip\">\u010d.\u00a01593<\/a><\/p>\r\n<p style=\"text-align: justify;\"><strong>20.<\/strong> N\u00e1vrh k&nbsp;zaji\u0161t\u011bn\u00ed realizace rekonstrukc\u00ed pozemn\u00edch komunikac\u00ed a&nbsp;chodn\u00edk\u016f ve vlastnictv\u00ed hl. m. Prahy, prost\u0159ednictv\u00edm TSK, a.s. &#8211; na \u00fazem\u00ed M\u010c Praha&nbsp;7 &#8211; v\u010detn\u011b p\u0159evodu finan\u010dn\u00edch prost\u0159edk\u016f mezi M\u010c Praha&nbsp;7 a&nbsp;hl. m. Prahou a&nbsp;proveden\u00ed p\u0159\u00edslu\u0161n\u00e9ho rozpo\u010dtov\u00e9ho opat\u0159en\u00ed &#8211; <a href=\"https:\/\/www.praha7.cz\/wp-content\/uploads\/2020\/06\/1590.zip\">\u010d. 1590<\/a><\/p>\r\n<p style=\"text-align: justify;\"><strong>21.<\/strong> Dopisy, adresovan\u00e9 Z\u00a0M\u010c P7<\/p>\r\n<p style=\"text-align: justify;\"><strong>22.<\/strong> R\u016fzn\u00e9<\/p>\r\n<p style=\"text-align: justify;\"><strong>23.<\/strong> Z\u00e1v\u011br<\/p>\r\n<p>&nbsp;<\/p>\r\n<p>Mgr. Jan \u010ci\u017einsk\u00fd<br \/>\r\nstarosta m\u011bstsk\u00e9 \u010d\u00e1sti Praha&nbsp;7\u00a0\u00a0\u00a0\u00a0\u00a0<\/p>\r\n<p>&nbsp;<\/p>\r\n<p><a href=\"http:\/\/file.praha7.cz\/odbory\/kst\/4_2020.zip\">Materi\u00e1ly k&nbsp;4.\u00a0\u0159\u00e1dn\u00e9mu zased\u00e1n\u00ed Z\u00a0M\u010c Praha\u00a07<\/a><\/p>\r\n<p>&nbsp;<\/p>","protected":false},"excerpt":{"rendered":"[perex] 4.&nbsp;\u0159\u00e1dn\u00e9 zased\u00e1n\u00ed Zastupitelstva M\u010c Praha&nbsp;7 se kon\u00e1 v&nbsp;pond\u011bl\u00ed dne 22.&nbsp;\u010dervna 2020 od 17:00 hodin. Online p\u0159enos naleznete zde. Materi\u00e1ly ke sta\u017een\u00ed jsou k\u00a0dispozici pod eviden\u010dn\u00edmi \u010d\u00edsly u\u00a0n\u00e1zv\u016f jednotliv\u00fdch bod\u016f.\u00a0 [\/perex] Program 4.\u00a0\u0159\u00e1dn\u00e9ho zased\u00e1n\u00ed Zastupitelstva M\u010c Praha\u00a07 Pravideln\u00fd bod programu za\u0159azen\u00fd za bod \u010d. 2 \u2013 Dotazy a&nbsp;p\u0159ipom\u00ednky ob\u010dan\u016f 1 Pravideln\u00fd bod programu za\u0159azen\u00fd pevn\u011b [&hellip;]","protected":false},"author":14,"featured_media":33780,"comment_status":"closed","ping_status":"open","sticky":false,"template":"","format":"standard","meta":[],"categories":[34],"tags":[],"_links":{"self":[{"href":"https:\/\/www.praha7.cz\/api\/wp\/v2\/posts\/38579"}],"collection":[{"href":"https:\/\/www.praha7.cz\/api\/wp\/v2\/posts"}],"about":[{"href":"https:\/\/www.praha7.cz\/api\/wp\/v2\/types\/post"}],"author":[{"embeddable":true,"href":"https:\/\/www.praha7.cz\/api\/wp\/v2\/users\/14"}],"replies":[{"embeddable":true,"href":"https:\/\/www.praha7.cz\/api\/wp\/v2\/comments?post=38579"}],"version-history":[{"count":20,"href":"https:\/\/www.praha7.cz\/api\/wp\/v2\/posts\/38579\/revisions"}],"predecessor-version":[{"id":38928,"href":"https:\/\/www.praha7.cz\/api\/wp\/v2\/posts\/38579\/revisions\/38928"}],"wp:featuredmedia":[{"embeddable":true,"href":"https:\/\/www.praha7.cz\/api\/wp\/v2\/media\/33780"}],"wp:attachment":[{"href":"https:\/\/www.praha7.cz\/api\/wp\/v2\/media?parent=38579"}],"wp:term":[{"taxonomy":"category","embeddable":true,"href":"https:\/\/www.praha7.cz\/api\/wp\/v2\/categories?post=38579"},{"taxonomy":"post_tag","embeddable":true,"href":"https:\/\/www.praha7.cz\/api\/wp\/v2\/tags?post=38579"}],"curies":[{"name":"wp","href":"https:\/\/api.w.org\/{rel}","templated":true}]}}