    
{"id":38234,"date":"2020-06-02T17:17:20","date_gmt":"2020-06-02T15:17:20","guid":{"rendered":"https:\/\/www.praha7.cz\/?p=38234"},"modified":"2020-06-03T10:31:48","modified_gmt":"2020-06-03T08:31:48","slug":"kola-lze-na-sedmicce-parkovat-jiz-u-tri-stovek-stojanu","status":"publish","type":"post","link":"https:\/\/www.praha7.cz\/kola-lze-na-sedmicce-parkovat-jiz-u-tri-stovek-stojanu\/","title":{"rendered":"Kola lze na Sedmi\u010dce parkovat ji\u017e u&nbsp;t\u0159\u00ed stovek stojan\u016f"},"content":{"rendered":"<p>[perex]<\/p>\r\n<p>M\u011bstsk\u00e1 \u010d\u00e1st dlouhodob\u011b usiluje o&nbsp;navy\u0161ov\u00e1n\u00ed po\u010dtu cyklostojan\u016f na sv\u00e9m \u00fazem\u00ed. Vytipov\u00e1n\u00edm vhodn\u00fdch lokalit pro jejich um\u00edst\u011bn\u00ed reaguje Praha&nbsp;7 tak\u00e9 na rozr\u016fstaj\u00edc\u00ed se nab\u00eddku slu\u017eeb <a href=\"https:\/\/www.praha7.cz\/temata\/doprava-v-praze-7\/individualni-sdilena-doprava\/\">individu\u00e1ln\u00ed sd\u00edlen\u00e9 dopravy<\/a> &#8211; s&nbsp;c\u00edlem, aby kola a&nbsp;kolob\u011b\u017eky na chodn\u00edc\u00edch,\u00a0u\u00a0dopravn\u00edch zna\u010dek, z\u00e1bradl\u00ed \u010di sloup\u016f pouli\u010dn\u00edho osv\u011btlen\u00ed nep\u0159ek\u00e1\u017eely chodc\u016fm. V\u00a0sou\u010dasn\u00e9 dob\u011b m\u00e1 Sedmi\u010dka 291 pevn\u00fdch cyklostojan\u016f na 72 stanovi\u0161t\u00edch, kter\u00e1 si mohou cyklist\u00e9 jednodu\u0161e vyhledat prost\u0159ednictv\u00edm\u00a0<a href=\"https:\/\/www.google.com\/maps\/d\/u\/0\/viewer?ll=50.10342072565584%2C14.432946035307154&amp;hl=cs&amp;z=15&amp;mid=1Qdx4tXFZ1HsGCRPNsjVIj1IWVMs\" target=\"_blank\" rel=\"noopener\">online mapy<\/a>.<\/p>\r\n<p>[\/perex]<\/p>\r\n<p><iframe loading=\"lazy\" width=\"640\" height=\"480\" src=\"https:\/\/www.google.com\/maps\/d\/embed?mid=1Qdx4tXFZ1HsGCRPNsjVIj1IWVMs&amp;hl=cs\"><\/iframe><\/p>\r\n<p><em>Nov\u00e9 stojany v&nbsp;ulici Tusarova<\/em><\/p>\r\n<p><img loading=\"lazy\" src=\"https:\/\/www.praha7.cz\/wp-content\/uploads\/2020\/06\/cyklostojany_tusarova.jpg\" alt=\"\" width=\"960\" height=\"1280\" class=\"alignnone wp-image-38236 size-full\" srcset=\"https:\/\/www.praha7.cz\/wp-content\/uploads\/2020\/06\/cyklostojany_tusarova.jpg 960w, https:\/\/www.praha7.cz\/wp-content\/uploads\/2020\/06\/cyklostojany_tusarova-300x400.jpg 300w, https:\/\/www.praha7.cz\/wp-content\/uploads\/2020\/06\/cyklostojany_tusarova-768x1024.jpg 768w, https:\/\/www.praha7.cz\/wp-content\/uploads\/2020\/06\/cyklostojany_tusarova-750x1000.jpg 750w\" sizes=\"(max-width: 960px) 100vw, 960px\" \/><\/p>","protected":false},"excerpt":{"rendered":"[perex] M\u011bstsk\u00e1 \u010d\u00e1st dlouhodob\u011b usiluje o&nbsp;navy\u0161ov\u00e1n\u00ed po\u010dtu cyklostojan\u016f na sv\u00e9m \u00fazem\u00ed. Vytipov\u00e1n\u00edm vhodn\u00fdch lokalit pro jejich um\u00edst\u011bn\u00ed reaguje Praha&nbsp;7 tak\u00e9 na rozr\u016fstaj\u00edc\u00ed se nab\u00eddku slu\u017eeb individu\u00e1ln\u00ed sd\u00edlen\u00e9 dopravy &#8211; s&nbsp;c\u00edlem, aby kola a&nbsp;kolob\u011b\u017eky na chodn\u00edc\u00edch,\u00a0u\u00a0dopravn\u00edch zna\u010dek, z\u00e1bradl\u00ed \u010di sloup\u016f pouli\u010dn\u00edho osv\u011btlen\u00ed nep\u0159ek\u00e1\u017eely chodc\u016fm. V\u00a0sou\u010dasn\u00e9 dob\u011b m\u00e1 Sedmi\u010dka 291 pevn\u00fdch cyklostojan\u016f na 72 stanovi\u0161t\u00edch, kter\u00e1 si [&hellip;]","protected":false},"author":97,"featured_media":38235,"comment_status":"closed","ping_status":"open","sticky":false,"template":"","format":"standard","meta":[],"categories":[34],"tags":[],"_links":{"self":[{"href":"https:\/\/www.praha7.cz\/api\/wp\/v2\/posts\/38234"}],"collection":[{"href":"https:\/\/www.praha7.cz\/api\/wp\/v2\/posts"}],"about":[{"href":"https:\/\/www.praha7.cz\/api\/wp\/v2\/types\/post"}],"author":[{"embeddable":true,"href":"https:\/\/www.praha7.cz\/api\/wp\/v2\/users\/97"}],"replies":[{"embeddable":true,"href":"https:\/\/www.praha7.cz\/api\/wp\/v2\/comments?post=38234"}],"version-history":[{"count":5,"href":"https:\/\/www.praha7.cz\/api\/wp\/v2\/posts\/38234\/revisions"}],"predecessor-version":[{"id":38241,"href":"https:\/\/www.praha7.cz\/api\/wp\/v2\/posts\/38234\/revisions\/38241"}],"wp:featuredmedia":[{"embeddable":true,"href":"https:\/\/www.praha7.cz\/api\/wp\/v2\/media\/38235"}],"wp:attachment":[{"href":"https:\/\/www.praha7.cz\/api\/wp\/v2\/media?parent=38234"}],"wp:term":[{"taxonomy":"category","embeddable":true,"href":"https:\/\/www.praha7.cz\/api\/wp\/v2\/categories?post=38234"},{"taxonomy":"post_tag","embeddable":true,"href":"https:\/\/www.praha7.cz\/api\/wp\/v2\/tags?post=38234"}],"curies":[{"name":"wp","href":"https:\/\/api.w.org\/{rel}","templated":true}]}}