    
{"id":38166,"date":"2020-06-01T11:47:36","date_gmt":"2020-06-01T09:47:36","guid":{"rendered":"https:\/\/www.praha7.cz\/?p=38166"},"modified":"2020-06-01T11:47:36","modified_gmt":"2020-06-01T09:47:36","slug":"vyhlaseni-konkurzniho-rizeni-na-misto-reditele-reditelky-materske-skoly-parlerova-praha-6-hradcany","status":"publish","type":"post","link":"https:\/\/www.praha7.cz\/vyhlaseni-konkurzniho-rizeni-na-misto-reditele-reditelky-materske-skoly-parlerova-praha-6-hradcany\/","title":{"rendered":"Vyhl\u00e1\u0161en\u00ed konkurzn\u00edho \u0159\u00edzen\u00ed na m\u00edsto \u0159editele\/\u0159editelky Mate\u0159sk\u00e9 \u0161koly Parl\u00e9\u0159ova, Praha 6 \u2013 Hrad\u010dany"},"content":{"rendered":"<p>[perex]<\/p>\r\n<p>V\u00edce informac\u00ed <a href=\"https:\/\/www.praha7.cz\/wp-content\/uploads\/2020\/06\/1-vyhlaseni_konkurzu_M\u0160-Parl\u00e9\u0159ova-2020.pdf\">zde<\/a>.\u00a0<\/p>\r\n<p>[\/perex]<\/p>","protected":false},"excerpt":{"rendered":"[perex] V\u00edce informac\u00ed zde.\u00a0 [\/perex]","protected":false},"author":76,"featured_media":32838,"comment_status":"closed","ping_status":"open","sticky":false,"template":"","format":"standard","meta":[],"categories":[1],"tags":[],"_links":{"self":[{"href":"https:\/\/www.praha7.cz\/api\/wp\/v2\/posts\/38166"}],"collection":[{"href":"https:\/\/www.praha7.cz\/api\/wp\/v2\/posts"}],"about":[{"href":"https:\/\/www.praha7.cz\/api\/wp\/v2\/types\/post"}],"author":[{"embeddable":true,"href":"https:\/\/www.praha7.cz\/api\/wp\/v2\/users\/76"}],"replies":[{"embeddable":true,"href":"https:\/\/www.praha7.cz\/api\/wp\/v2\/comments?post=38166"}],"version-history":[{"count":1,"href":"https:\/\/www.praha7.cz\/api\/wp\/v2\/posts\/38166\/revisions"}],"predecessor-version":[{"id":38168,"href":"https:\/\/www.praha7.cz\/api\/wp\/v2\/posts\/38166\/revisions\/38168"}],"wp:featuredmedia":[{"embeddable":true,"href":"https:\/\/www.praha7.cz\/api\/wp\/v2\/media\/32838"}],"wp:attachment":[{"href":"https:\/\/www.praha7.cz\/api\/wp\/v2\/media?parent=38166"}],"wp:term":[{"taxonomy":"category","embeddable":true,"href":"https:\/\/www.praha7.cz\/api\/wp\/v2\/categories?post=38166"},{"taxonomy":"post_tag","embeddable":true,"href":"https:\/\/www.praha7.cz\/api\/wp\/v2\/tags?post=38166"}],"curies":[{"name":"wp","href":"https:\/\/api.w.org\/{rel}","templated":true}]}}