    
{"id":37096,"date":"2020-05-11T14:22:57","date_gmt":"2020-05-11T12:22:57","guid":{"rendered":"https:\/\/www.praha7.cz\/?p=37096"},"modified":"2020-05-18T22:32:06","modified_gmt":"2020-05-18T20:32:06","slug":"pozvanka-na-3-radne-zasedani-zastupitelstva-mc-praha-7-2","status":"publish","type":"post","link":"https:\/\/www.praha7.cz\/pozvanka-na-3-radne-zasedani-zastupitelstva-mc-praha-7-2\/","title":{"rendered":"Pozv\u00e1nka na 3.&nbsp;\u0159\u00e1dn\u00e9 zased\u00e1n\u00ed Zastupitelstva M\u010c Praha&nbsp;7"},"content":{"rendered":"<p style=\"text-align: left;\">[perex]<\/p>\r\n<p style=\"text-align: left;\">3.&nbsp;\u0159\u00e1dn\u00e9 zased\u00e1n\u00ed <a href=\"https:\/\/www.praha7.cz\/radnice\/voleni-zastupci-mistni-samospravy\/zastupitelstvo\/\" target=\"_blank\" rel=\"noopener\">Zastupitelstva M\u010c Praha&nbsp;7<\/a> se kon\u00e1 v&nbsp;pond\u011bl\u00ed dne 18.&nbsp;kv\u011btna 2020 od 17:00 hodin. Toto Zastupitelstvo M\u010c Praha&nbsp;7 prob\u011bhne mimo\u0159\u00e1dn\u011b prost\u0159ednictv\u00edm vzd\u00e1len\u00e9ho p\u0159\u00edstupu.\u00a0<\/p>\r\n<p style=\"text-align: left;\"><strong>Zased\u00e1n\u00ed se kon\u00e1 bez p\u0159\u00edtomnosti ve\u0159ejnosti, bude p\u0159en\u00e1\u0161eno on-line a&nbsp;k&nbsp;dispozici bude p\u0159enos na kan\u00e1le YouTube <a href=\"https:\/\/youtu.be\/w9hVQGhnYGk\" target=\"_blank\" rel=\"noopener\">ZDE<\/a>. V&nbsp;pr\u016fb\u011bhu zased\u00e1n\u00ed Zastupitelstva M\u010c Praha&nbsp;7 se mohou ob\u010dan\u00e9 z\u00fa\u010dastnit diskuse k&nbsp;projedn\u00e1van\u00fdm bod\u016fm zasl\u00e1n\u00edm SMS zpr\u00e1vy na telefonn\u00ed \u010d\u00edslo: 770&nbsp;101&nbsp;951. Pros\u00edme o&nbsp;zas\u00edl\u00e1n\u00ed p\u0159\u00edsp\u011bvku do diskuze v\u017edy v&nbsp;\u010dase projedn\u00e1v\u00e1n\u00ed konkr\u00e9tn\u00edho bodu, k&nbsp;n\u011bmu\u017e se chcete vyj\u00e1d\u0159it.<\/strong><\/p>\r\n<p style=\"text-align: left;\">Materi\u00e1ly ke sta\u017een\u00ed jsou k&nbsp;dispozici pod eviden\u010dn\u00edmi \u010d\u00edsly u&nbsp;n\u00e1zv\u016f jednotliv\u00fdch bod\u016f.\u00a0<\/p>\r\n<p style=\"text-align: left;\">[\/perex]<\/p>\r\n<p style=\"text-align: left;\"><strong>Program 3.&nbsp;\u0159\u00e1dn\u00e9ho zased\u00e1n\u00ed Zastupitelstva M\u010c Praha&nbsp;7<\/strong><\/p>\r\n<p style=\"text-align: left;\"><strong>1.<\/strong>\u00a0 Zah\u00e1jen\u00ed &#8211; schv\u00e1len\u00ed programu\u00a0<\/p>\r\n<p style=\"text-align: left;\"><strong>2.<\/strong>\u00a0 Volba n\u00e1vrhov\u00e9ho v\u00fdboru<\/p>\r\n<p style=\"text-align: left;\"><strong>3.\u00a0<\/strong> N\u00c1VRH na volbu p\u0159\u00edsed\u00edc\u00edch Obvodn\u00edho soudu pro Prahu 7 &#8211; <a href=\"https:\/\/www.praha7.cz\/wp-content\/uploads\/2020\/05\/1552.zip\">\u010d. 1552<\/a><\/p>\r\n<p style=\"text-align: left;\"><strong>4.\u00a0 <\/strong>N\u00c1VRH ke zpr\u00e1v\u011b o&nbsp;v\u00fdsledc\u00edch hospoda\u0159en\u00ed M\u010c Praha&nbsp;7 ke 4.&nbsp;\u010dtvrtlet\u00ed 2019 &#8211; hlavn\u00ed \u010dinnost &#8211; <a href=\"https:\/\/www.praha7.cz\/wp-content\/uploads\/2020\/05\/1546.zip\">\u010d. 1546<\/a><\/p>\r\n<p style=\"text-align: left;\"><strong>5.\u00a0<\/strong> N\u00c1VRH na stanoven\u00ed v\u00fd\u0161e m\u011bs\u00ed\u010dn\u00edch odm\u011bn neuvoln\u011bn\u00fdm \u010dlen\u016fm Zastupitelstva M\u010c Praha&nbsp;7 pro volebn\u00ed obdob\u00ed 2018 &#8211; 2022\u00a0s \u00fa\u010dinnost\u00ed od 01.&nbsp;06.&nbsp;2020 &#8211; <a href=\"https:\/\/www.praha7.cz\/wp-content\/uploads\/2020\/05\/1533.zip\">\u010d. 1533<\/a><\/p>\r\n<p style=\"text-align: left;\"><strong>6.\u00a0 <\/strong>N\u00c1VRH ke zpr\u00e1v\u011b o&nbsp;v\u00fdsledc\u00edch hospoda\u0159en\u00ed M\u010c Praha&nbsp;7 za\u00a0 rok 2019 v&nbsp;r\u00e1mci hospod\u00e1\u0159sk\u00e9 \u010dinnosti &#8211; \u00faseku zda\u0148ovan\u00e9 \u010dinnosti &#8211; <a href=\"https:\/\/www.praha7.cz\/wp-content\/uploads\/2020\/05\/1532-2.zip\">\u010d. 1532<\/a><\/p>\r\n<p style=\"text-align: left;\"><strong>7.<\/strong>\u00a0 N\u00c1VRH na sv\u011b\u0159en\u00ed pozemku parc. \u010d.2236\/6, v&nbsp;k.\u00fa. Hole\u0161ovice \u2013 ve\u0159ejn\u00e9 prostranstv\u00ed mezi ulicemi Veletr\u017en\u00ed, Strojnick\u00e1, Um\u011bleck\u00e1 a&nbsp;U&nbsp;Stud\u00e1nky &#8211; do spr\u00e1vy nemovitost\u00ed M\u010c Praha&nbsp;7 &#8211; <a href=\"https:\/\/www.praha7.cz\/wp-content\/uploads\/2020\/05\/1548.zip\">\u010d. 1548<\/a><\/p>\r\n<p style=\"text-align: left;\"><strong>8.<\/strong>\u00a0 N\u00c1VRH na nov\u00e9 uspo\u0159\u00e1d\u00e1n\u00ed pozemk\u016f p\u0159i ulici Nad kr\u00e1lovskou oborou v&nbsp;oblasti v\u00fdduchu z&nbsp;tunelu Blanka dle geometrick\u00e9ho pl\u00e1nu \u010d. 1870-2166\/2020, v&nbsp;n\u00e1vaznosti na realizovanou stavebn\u00ed \u00fapravu dan\u00e9ho \u00fazem\u00ed, v\u010detn\u011b n\u00e1vrhu na odejmut\u00ed a&nbsp;sv\u011b\u0159en\u00ed n\u011bkter\u00fdch nov\u011b vznikl\u00fdch parcel ze (do) spr\u00e1vy nemovitost\u00ed M\u010c Praha&nbsp;7 &#8211; <a href=\"http:\/\/file.praha7.cz\/odbory\/kst\/1551.zip\">\u010d. 1551<\/a><\/p>\r\n<p style=\"text-align: left;\"><strong>9.\u00a0<\/strong> N\u00c1VRH deklarace M\u010c Praha&nbsp;7 na mo\u017en\u00e9 odpu\u0161t\u011bn\u00ed n\u00e1jemn\u00e9ho u&nbsp;n\u00e1jemc\u016f nemovit\u00fdch v\u011bc\u00ed vyu\u017e\u00edvan\u00fdch k&nbsp;podnikatelsk\u00e9, um\u011bleck\u00e9 a&nbsp;ve\u0159ejn\u00e9 neziskov\u00e9 \u010dinnosti, sv\u011b\u0159en\u00fdch M\u010c Praha&nbsp;7, kter\u00fdm byl v&nbsp;souvislosti s&nbsp;vyhl\u00e1\u0161en\u00fdm nouzov\u00fdm stavem z&nbsp;d\u016fvodu pandemie koronaviru COVID-19 omezen v\u00fdkon jejich \u010dinnosti, v&nbsp;p\u0159\u00edpad\u011b, \u017ee kompenzaci neposkytne \u010cesk\u00e1 republika (tento materi\u00e1l m\u016f\u017ee b\u00fdt sta\u017een v\u00a0z\u00e1vislosti na stavu projedn\u00e1n\u00ed v&nbsp;legislativn\u00edm procesu) &#8211; <a href=\"https:\/\/www.praha7.cz\/wp-content\/uploads\/2020\/05\/1558-3.zip\">\u010d. 1558<\/a><\/p>\r\n<p style=\"text-align: left;\"><strong>10.<\/strong> N\u00c1VRH na uzav\u0159en\u00ed Smlouvy o&nbsp;zaplacen\u00ed uznan\u00e9ho dluhu ve spl\u00e1tk\u00e1ch s&nbsp;n\u00e1jemcem nebytov\u00fdch prostor &#8211; <a href=\"https:\/\/www.praha7.cz\/wp-content\/uploads\/2020\/05\/1554.zip\">\u010d. 1554<\/a><\/p>\r\n<p style=\"text-align: left;\"><strong>11.<\/strong> N\u00c1VRH na sn\u00ed\u017een\u00ed m\u011bs\u00ed\u010dn\u00ed spl\u00e1tky kupn\u00ed ceny z&nbsp;prodan\u00fdch byt\u016f v&nbsp;dom\u011b U&nbsp;Smaltovny 20,22\/1335,1334, Praha&nbsp;7, pro osoby samostatn\u011b v\u00fdd\u011ble\u010dn\u011b \u010dinn\u00e9 (v\u010detn\u011b statut\u00e1rn\u00ed z\u00e1stupce pr\u00e1vnick\u00e9 osoby), v&nbsp;souvislosti s&nbsp;aktu\u00e1ln\u00ed ekonomickou situac\u00ed zp\u016fsobenou pandemi\u00ed koronaviru COVID-19 &#8211; <a href=\"https:\/\/www.praha7.cz\/wp-content\/uploads\/2020\/05\/1555-2.zip\">\u010d. 1555<\/a><\/p>\r\n<p style=\"text-align: left;\"><strong>12.<\/strong> N\u00c1VRH na uzav\u0159en\u00ed darovac\u00ed smlouvy mezi M\u010c Praha&nbsp;7 a&nbsp;Katolickou mate\u0159skou \u0161kolou sv. Klimenta\u00a0I\u010cO: 49625063, na finan\u010dn\u00ed dar ve v\u00fd\u0161i 152&nbsp;000,- K\u010d na zabezpe\u010den\u00ed p\u0159ed\u0161koln\u00edho vzd\u011bl\u00e1v\u00e1n\u00ed pro 38 d\u011bt\u00ed s&nbsp;trval\u00fdm pobytem v&nbsp;Praze 7 ve \u0161koln\u00edm roce 2019\/2020 &#8211; <a href=\"https:\/\/www.praha7.cz\/wp-content\/uploads\/2020\/05\/1550.zip\">\u010d. 1550<\/a> \u00a0<\/p>\r\n<p style=\"text-align: left;\"><strong>13.<\/strong> INFORMACE o&nbsp;\u010dinnosti Rady M\u010c Praha&nbsp;7 a&nbsp;pln\u011bn\u00ed \u00fakol\u016f ulo\u017een\u00fdch Rad\u011b M\u010c Praha&nbsp;7 Zastupitelstvem\u00a0 M\u010c Praha&nbsp;7 v\u00a0obdob\u00ed mezi 1.&nbsp;a&nbsp;3.&nbsp;zased\u00e1n\u00edm Zastupitelstva M\u010c Praha&nbsp;7 v\u00a0roce 2020 &#8211; <a href=\"https:\/\/www.praha7.cz\/wp-content\/uploads\/2020\/05\/1531.zip\">\u010d. 1531<\/a><\/p>\r\n<p style=\"text-align: left;\"><strong>14.<\/strong> INFORMACE o&nbsp;mostech a&nbsp;l\u00e1vk\u00e1ch na \u00fazem\u00ed Prahy&nbsp;7 (pl\u00e1ny\u00a0 rekonstrukc\u00ed a&nbsp;staveb) &#8211; <a href=\"https:\/\/www.praha7.cz\/wp-content\/uploads\/2020\/05\/1560.zip\">\u010d. 1560<\/a><\/p>\r\n<p style=\"text-align: left;\"><strong>15.<\/strong> INFORMACE o&nbsp;\u010dinnosti Kontroln\u00edho v\u00fdboru Zastupitelstva M\u010c Praha&nbsp;7 v\u00a0obdob\u00ed\u00a0 mezi a&nbsp;1.&nbsp;a&nbsp;3.&nbsp;zased\u00e1n\u00edm Zastupitelstva M\u010c Praha&nbsp;7 v\u00a0roce 2020 &#8211; <a href=\"https:\/\/www.praha7.cz\/wp-content\/uploads\/2020\/05\/1534.zip\">\u010d. 1534<\/a><\/p>\r\n<p style=\"text-align: left;\"><strong>16.<\/strong> INFORMACE o&nbsp;\u010dinnosti Finan\u010dn\u00edho v\u00fdboru Zastupitelstva M\u010c Praha&nbsp;7 v\u00a0obdob\u00ed mezi v\u00a0obdob\u00ed mezi a&nbsp;1.&nbsp;a&nbsp;3.&nbsp;zased\u00e1n\u00edm Zastupitelstva M\u010c Praha&nbsp;7 v\u00a0roce 2020 &#8211; <a href=\"https:\/\/www.praha7.cz\/wp-content\/uploads\/2020\/05\/1556.zip\">\u010d. 1556<\/a><\/p>\r\n<p style=\"text-align: left;\"><strong>17.<\/strong> INFORMACE o&nbsp;\u010dinnosti V\u00fdboru pro\u00a0vzd\u011bl\u00e1v\u00e1n\u00ed, soci\u00e1ln\u00ed politiku a&nbsp;zdravotnictv\u00ed Zastupitelstva M\u010c Praha&nbsp;7 v\u00a0obdob\u00ed mezi\u00a0 1.&nbsp;a&nbsp;3.&nbsp;zased\u00e1n\u00edm Zastupitelstva M\u010c Praha&nbsp;7 v\u00a0roce 2020 &#8211; <a href=\"https:\/\/www.praha7.cz\/wp-content\/uploads\/2020\/05\/1559.zip\">\u010d. 1559<\/a><\/p>\r\n<p style=\"text-align: left;\"><strong>18.<\/strong> Dopisy, adresovan\u00e9 Z\u00a0M\u010c P7<\/p>\r\n<p style=\"text-align: left;\"><strong>19.<\/strong> R\u016fzn\u00e9<\/p>\r\n<p style=\"text-align: left;\"><strong>20.<\/strong> Z\u00e1v\u011br \u00a0 \u00a0 \u00a0 \u00a0 \u00a0 \u00a0 \u00a0 \u00a0<\/p>\r\n<p style=\"text-align: left;\">Mgr. Jan \u010ci\u017einsk\u00fd<br \/>\r\nstarosta m\u011bstsk\u00e9 \u010d\u00e1sti Praha&nbsp;7\u00a0\u00a0\u00a0\u00a0\u00a0<\/p>\r\n<p style=\"text-align: left;\"><a href=\"http:\/\/file.praha7.cz\/odbory\/kst\/3_2020.zip\">Materi\u00e1ly k&nbsp;3.\u00a0\u0159\u00e1dn\u00e9mu zased\u00e1n\u00ed Z\u00a0M\u010c Praha\u00a07<\/a><\/p>\r\n<hr \/>\r\n<p style=\"text-align: left;\">Organizace zased\u00e1n\u00ed Zastupitelstva M\u010c Praha&nbsp;7 prob\u011bhne v&nbsp;m\u00edstnosti 7.09 v&nbsp;budov\u011b \u00da\u0159adu M\u010c Praha&nbsp;7.<\/p>","protected":false},"excerpt":{"rendered":"[perex] 3.&nbsp;\u0159\u00e1dn\u00e9 zased\u00e1n\u00ed Zastupitelstva M\u010c Praha&nbsp;7 se kon\u00e1 v&nbsp;pond\u011bl\u00ed dne 18.&nbsp;kv\u011btna 2020 od 17:00 hodin. Toto Zastupitelstvo M\u010c Praha&nbsp;7 prob\u011bhne mimo\u0159\u00e1dn\u011b prost\u0159ednictv\u00edm vzd\u00e1len\u00e9ho p\u0159\u00edstupu.\u00a0 Zased\u00e1n\u00ed se kon\u00e1 bez p\u0159\u00edtomnosti ve\u0159ejnosti, bude p\u0159en\u00e1\u0161eno on-line a&nbsp;k&nbsp;dispozici bude p\u0159enos na kan\u00e1le YouTube ZDE. V&nbsp;pr\u016fb\u011bhu zased\u00e1n\u00ed Zastupitelstva M\u010c Praha&nbsp;7 se mohou ob\u010dan\u00e9 z\u00fa\u010dastnit diskuse k&nbsp;projedn\u00e1van\u00fdm bod\u016fm zasl\u00e1n\u00edm SMS zpr\u00e1vy [&hellip;]","protected":false},"author":14,"featured_media":33780,"comment_status":"closed","ping_status":"open","sticky":false,"template":"","format":"standard","meta":[],"categories":[34],"tags":[],"_links":{"self":[{"href":"https:\/\/www.praha7.cz\/api\/wp\/v2\/posts\/37096"}],"collection":[{"href":"https:\/\/www.praha7.cz\/api\/wp\/v2\/posts"}],"about":[{"href":"https:\/\/www.praha7.cz\/api\/wp\/v2\/types\/post"}],"author":[{"embeddable":true,"href":"https:\/\/www.praha7.cz\/api\/wp\/v2\/users\/14"}],"replies":[{"embeddable":true,"href":"https:\/\/www.praha7.cz\/api\/wp\/v2\/comments?post=37096"}],"version-history":[{"count":17,"href":"https:\/\/www.praha7.cz\/api\/wp\/v2\/posts\/37096\/revisions"}],"predecessor-version":[{"id":37751,"href":"https:\/\/www.praha7.cz\/api\/wp\/v2\/posts\/37096\/revisions\/37751"}],"wp:featuredmedia":[{"embeddable":true,"href":"https:\/\/www.praha7.cz\/api\/wp\/v2\/media\/33780"}],"wp:attachment":[{"href":"https:\/\/www.praha7.cz\/api\/wp\/v2\/media?parent=37096"}],"wp:term":[{"taxonomy":"category","embeddable":true,"href":"https:\/\/www.praha7.cz\/api\/wp\/v2\/categories?post=37096"},{"taxonomy":"post_tag","embeddable":true,"href":"https:\/\/www.praha7.cz\/api\/wp\/v2\/tags?post=37096"}],"curies":[{"name":"wp","href":"https:\/\/api.w.org\/{rel}","templated":true}]}}