    
{"id":36868,"date":"2020-05-04T09:20:08","date_gmt":"2020-05-04T07:20:08","guid":{"rendered":"https:\/\/www.praha7.cz\/?p=36868"},"modified":"2020-05-04T09:33:54","modified_gmt":"2020-05-04T07:33:54","slug":"informace-pro-obcany-s-trvalym-bydlistem-na-adrese-uradu-mc-praha-7","status":"publish","type":"post","link":"https:\/\/www.praha7.cz\/informace-pro-obcany-s-trvalym-bydlistem-na-adrese-uradu-mc-praha-7\/","title":{"rendered":"Informace pro ob\u010dany s\u00a0trval\u00fdm bydli\u0161t\u011bm na adrese \u00da\u0159adu M\u010c Praha&nbsp;7"},"content":{"rendered":"<p>[perex]<\/p>\r\n<p><a href=\"https:\/\/www.praha7.cz\/radnice\/organizacni-struktura\/odbor-spravnich-agend\/oddeleni-dokladu-a-evidence-obyvatel\/\" target=\"_blank\" rel=\"noopener\">Odd\u011blen\u00ed doklad\u016f a&nbsp;evidence obyvatel<\/a> informuje ob\u010dany, kte\u0159\u00ed maj\u00ed v\u00a0ob\u010dansk\u00e9m pr\u016fkazu uveden trval\u00fd pobyt na b\u00fdval\u00e9 adrese \u00da\u0159adu m\u011bstsk\u00e9 \u010d\u00e1sti Praha&nbsp;7 (n\u00e1b\u0159.\u00a0Kpt.\u00a0Jaro\u0161e\u00a01000), \u017ee sou\u010dasn\u011b s\u00a0p\u0159est\u011bhov\u00e1n\u00edm radnice do\u0161lo i&nbsp;ke zm\u011bn\u011b s\u00eddla \u00da\u0159adu na adresu Praha&nbsp;7, U&nbsp;Pr\u016fhonu 1338\/38.<\/p>\r\n<p>Doporu\u010dujeme t\u011bmto ob\u010dan\u016fm, aby ve vlastn\u00edm z\u00e1jmu po\u017e\u00e1dali z\u00a0d\u016fvodu zm\u011bny o&nbsp;nov\u00fd ob\u010dansk\u00fd pr\u016fkaz, a&nbsp;to osobn\u011b na odd\u011blen\u00ed doklad\u016f a&nbsp;evidence obyvatel, v\u00a01.&nbsp;pat\u0159e budovy radnice v\u00a0Praze 7, U&nbsp;Pr\u016fhonu 38 (aktu\u00e1ln\u00ed <a href=\"https:\/\/www.praha7.cz\/aktualni-rezim-umoznujici-chod-uradu-mc-praha-7\/\" target=\"_blank\" rel=\"noopener\">\u00fa\u0159edn\u00ed hodiny<\/a>), doporu\u010dujeme vyu\u017e\u00edt mo\u017enosti <a href=\"https:\/\/www.praha7.cz\/objednat-online\/\" target=\"_blank\" rel=\"noopener\">online objedn\u00e1n\u00ed<\/a>.<\/p>\r\n<p>Lh\u016fta pro v\u00fdm\u011bnu ob\u010dansk\u00e9ho pr\u016fkazu je <strong>do 31.&nbsp;srpna 2020<\/strong>. Pot\u00e9 budou nevym\u011bn\u011bn\u00e9 ob\u010dansk\u00e9 pr\u016fkazy z\u00a0d\u016fvodu nespr\u00e1vn\u00fdch \u00fadaj\u016f (trval\u00e9ho bydli\u0161t\u011b) zneplatn\u011bny.<\/p>\r\n<p>[\/perex]<\/p>","protected":false},"excerpt":{"rendered":"[perex] Odd\u011blen\u00ed doklad\u016f a&nbsp;evidence obyvatel informuje ob\u010dany, kte\u0159\u00ed maj\u00ed v\u00a0ob\u010dansk\u00e9m pr\u016fkazu uveden trval\u00fd pobyt na b\u00fdval\u00e9 adrese \u00da\u0159adu m\u011bstsk\u00e9 \u010d\u00e1sti Praha&nbsp;7 (n\u00e1b\u0159.\u00a0Kpt.\u00a0Jaro\u0161e\u00a01000), \u017ee sou\u010dasn\u011b s\u00a0p\u0159est\u011bhov\u00e1n\u00edm radnice do\u0161lo i&nbsp;ke zm\u011bn\u011b s\u00eddla \u00da\u0159adu na adresu Praha&nbsp;7, U&nbsp;Pr\u016fhonu 1338\/38. Doporu\u010dujeme t\u011bmto ob\u010dan\u016fm, aby ve vlastn\u00edm z\u00e1jmu po\u017e\u00e1dali z\u00a0d\u016fvodu zm\u011bny o&nbsp;nov\u00fd ob\u010dansk\u00fd pr\u016fkaz, a&nbsp;to osobn\u011b na odd\u011blen\u00ed doklad\u016f a&nbsp;evidence [&hellip;]","protected":false},"author":97,"featured_media":35309,"comment_status":"closed","ping_status":"open","sticky":false,"template":"","format":"standard","meta":[],"categories":[34],"tags":[],"_links":{"self":[{"href":"https:\/\/www.praha7.cz\/api\/wp\/v2\/posts\/36868"}],"collection":[{"href":"https:\/\/www.praha7.cz\/api\/wp\/v2\/posts"}],"about":[{"href":"https:\/\/www.praha7.cz\/api\/wp\/v2\/types\/post"}],"author":[{"embeddable":true,"href":"https:\/\/www.praha7.cz\/api\/wp\/v2\/users\/97"}],"replies":[{"embeddable":true,"href":"https:\/\/www.praha7.cz\/api\/wp\/v2\/comments?post=36868"}],"version-history":[{"count":3,"href":"https:\/\/www.praha7.cz\/api\/wp\/v2\/posts\/36868\/revisions"}],"predecessor-version":[{"id":36876,"href":"https:\/\/www.praha7.cz\/api\/wp\/v2\/posts\/36868\/revisions\/36876"}],"wp:featuredmedia":[{"embeddable":true,"href":"https:\/\/www.praha7.cz\/api\/wp\/v2\/media\/35309"}],"wp:attachment":[{"href":"https:\/\/www.praha7.cz\/api\/wp\/v2\/media?parent=36868"}],"wp:term":[{"taxonomy":"category","embeddable":true,"href":"https:\/\/www.praha7.cz\/api\/wp\/v2\/categories?post=36868"},{"taxonomy":"post_tag","embeddable":true,"href":"https:\/\/www.praha7.cz\/api\/wp\/v2\/tags?post=36868"}],"curies":[{"name":"wp","href":"https:\/\/api.w.org\/{rel}","templated":true}]}}