    
{"id":35646,"date":"2020-03-30T19:57:46","date_gmt":"2020-03-30T17:57:46","guid":{"rendered":"https:\/\/www.praha7.cz\/?p=35646"},"modified":"2020-04-07T10:40:46","modified_gmt":"2020-04-07T08:40:46","slug":"pozvanka-na-2-radne-zasedani-zastupitelstva-mc-praha-7-2","status":"publish","type":"post","link":"https:\/\/www.praha7.cz\/pozvanka-na-2-radne-zasedani-zastupitelstva-mc-praha-7-2\/","title":{"rendered":"Pozv\u00e1nka na 2.&nbsp;\u0159\u00e1dn\u00e9 zased\u00e1n\u00ed Zastupitelstva M\u010c Praha&nbsp;7"},"content":{"rendered":"<p>[perex]<\/p>\r\n<p style=\"text-align: justify;\">2.&nbsp;\u0159\u00e1dn\u00e9 zased\u00e1n\u00ed Zastupitelstva M\u010c Praha&nbsp;7 se kon\u00e1 v&nbsp;pond\u011bl\u00ed dne 6.&nbsp;dubna 2020 od 17:00 hodin.<\/p>\r\n<p style=\"text-align: justify;\">Toto zastupitelstvo prob\u011bhne mimo\u0159\u00e1dn\u011b prost\u0159ednictv\u00edm vzd\u00e1len\u00e9ho p\u0159\u00edstupu v\u00a0souladu s\u00a0opat\u0159en\u00edmi Vl\u00e1dy \u010cR v\u00a0dob\u011b stavu nouze a&nbsp;stanoviskem MV \u010cR ke kon\u00e1n\u00ed zastupitelstev obc\u00ed. Organizace jedn\u00e1n\u00ed ZM\u010c prob\u011bhne v\u00a0m\u00edstnosti 7.09 v\u00a0budov\u011b \u00da\u0159adu M\u010c Praha&nbsp;7.<\/p>\r\n<p style=\"text-align: justify;\"><strong>P\u0159\u00edtomnost ve\u0159ejnosti nen\u00ed na z\u00e1klad\u011b na\u0159\u00edzen\u00ed Vl\u00e1dy \u010cR mo\u017en\u00e1. Zased\u00e1n\u00ed zastupitelstva bude p\u0159en\u00e1\u0161eno on-line a&nbsp;<span style=\"color: #ff0000;\">pro ve\u0159ejnost bude k\u00a0dispozici p\u0159enos na kan\u00e1le YouTube <span style=\"color: #000080;\"><a href=\"https:\/\/youtu.be\/F4wkGgfUhTw\" style=\"color: #000080;\">ZDE<\/a><\/span><\/span><span style=\"color: #000080;\">.<\/span> V&nbsp;pr\u016fb\u011bhu jedn\u00e1n\u00ed Zastupitelstva M\u010c Praha&nbsp;7 se mohou ob\u010dan\u00e9 z\u00fa\u010dastnit diskuse k&nbsp;projedn\u00e1van\u00fdm bod\u016fm zasl\u00e1n\u00edm SMS zpr\u00e1vy na telefonn\u00ed \u010d\u00edslo:\u00a0770\u00a0101&nbsp;951. Pros\u00edme o&nbsp;zas\u00edl\u00e1n\u00ed p\u0159\u00edsp\u011bvku do diskuze v\u017edy v&nbsp;\u010dase projedn\u00e1v\u00e1n\u00ed konkr\u00e9tn\u00edho bodu, k&nbsp;n\u011bmu\u017e se chcete vyj\u00e1d\u0159it.\u00a0<\/strong><\/p>\r\n<p style=\"text-align: justify;\">Materi\u00e1ly ke sta\u017een\u00ed jsou k&nbsp;dispozici pod eviden\u010dn\u00edmi \u010d\u00edsly u&nbsp;n\u00e1zv\u016f jednotliv\u00fdch bod\u016f.\u00a0<\/p>\r\n<p>[\/perex]<\/p>\r\n<p><strong>Program 2.&nbsp;\u0159\u00e1dn\u00e9ho zased\u00e1n\u00ed Zastupitelstva M\u010c Praha&nbsp;7<\/strong><\/p>\r\n<p style=\"text-align: justify;\"><strong>1.\u00a0<\/strong> Zah\u00e1jen\u00ed &#8211; schv\u00e1len\u00ed programu<\/p>\r\n<p style=\"text-align: justify;\"><strong>2.<\/strong>\u00a0 Volba n\u00e1vrhov\u00e9ho v\u00fdboru<\/p>\r\n<p style=\"text-align: justify;\"><del><strong>3.\u00a0<\/strong> N\u00c1VRH na proveden\u00ed rozpo\u010dtov\u00e9ho opat\u0159en\u00ed &#8211; pos\u00edlen\u00ed Humanitn\u00edho fondu v\u00a0souvislosti s\u00a0COVID-19 (nap\u0159. p\u0159\u00edm\u00e1 podpora ob\u010dan\u016fm)<\/del><em>Tento bod bude v&nbsp;upraven\u00e9m programu na zased\u00e1n\u00ed\u00a0\u00a0ZM\u010c P7 nahrazen body 6 a&nbsp;7<\/em><\/p>\r\n<p style=\"text-align: justify;\"><strong>4.<\/strong>\u00a0 N\u00c1VRH na poskytnut\u00ed individu\u00e1ln\u00edch dotac\u00ed v&nbsp;oblasti kultury dle \u017e\u00e1dost\u00ed podan\u00fdch v\u00a0b\u0159eznu 2020 &#8211;<a href=\"https:\/\/www.praha7.cz\/wp-content\/uploads\/2020\/03\/1530.zip\"> \u010d. 1530<\/a><\/p>\r\n<p style=\"text-align: justify;\"><strong>5.<\/strong>\u00a0 INFORMACE o&nbsp;stanovisku M\u010c Praha&nbsp;7 k&nbsp;realizaci akc\u00ed\/projekt\u016f\/\u010dinnost\u00ed podpo\u0159en\u00fdch v&nbsp;r\u00e1mci programov\u00e9ho dota\u010dn\u00edho \u0159\u00edzen\u00ed M\u010c Praha&nbsp;7 v&nbsp;oblastech bezpe\u010dnost a&nbsp;protidrogov\u00e1 prevence, kultura, soci\u00e1ln\u00ed a&nbsp;zdravotn\u00ed, sport, \u0161kolstv\u00ed, \u017eivotn\u00ed prost\u0159ed\u00ed a&nbsp;p\u00e9\u010de o&nbsp;ve\u0159ejn\u00fd prostor pro rok 2020 a&nbsp;\u010derp\u00e1n\u00ed poskytnut\u00fdch dotac\u00ed &#8211; <a href=\"https:\/\/www.praha7.cz\/wp-content\/uploads\/2020\/03\/1535.zip\">\u010d.\u00a01535<\/a><\/p>\r\n<p><strong>6.<\/strong> N\u00c1VRH na zmocn\u011bn\u00ed Rady m\u011bstsk\u00e9 \u010d\u00e1sti Praha&nbsp;7 ke schvalov\u00e1n\u00ed mimo\u0159\u00e1dn\u00fdch p\u0159\u00edd\u011bl\u016f do Humanitn\u00edho fondu M\u010c Praha&nbsp;7 v&nbsp;rozpo\u010dtov\u00e9m roce 2020 a&nbsp;to do maxim\u00e1ln\u00edho objemu finan\u010dn\u00edch prost\u0159edk\u016f 5&nbsp;000&nbsp;000,- K\u010d (rozpo\u010dtov\u011b 5&nbsp;000,0 tis. K\u010d) &#8211; <a href=\"https:\/\/www.praha7.cz\/wp-content\/uploads\/2020\/03\/1536.zip\">\u010d. 1536<\/a><\/p>\r\n<p><strong>7.<\/strong> N\u00c1VRH Pravidel hospoda\u0159en\u00ed s&nbsp;\u00fa\u010delov\u00fdmi fondy &#8211; Pravidel hospoda\u0159en\u00ed Humanitn\u00edho fondu &#8211; <a href=\"https:\/\/www.praha7.cz\/wp-content\/uploads\/2020\/03\/1537.zip\">\u010d. 1537<\/a><\/p>\r\n<p><strong>8.<\/strong> N\u00c1VRH na pod\u00e1n\u00ed \u00fastavn\u00ed st\u00ed\u017enosti proti usnesen\u00ed vl\u00e1dy \u010cesk\u00e9 republiky \u010d. 122\/2020 Sb. ze dne 23.03.2020, o&nbsp;p\u0159ijet\u00ed krizov\u00e9ho opat\u0159en\u00ed, a&nbsp;ud\u011blen\u00ed pln\u00e9 moci Mgr. Ludv\u00edku Novotn\u00e9mu, advok\u00e1tovi \u010cAK \u010d. 14775 &#8211; <a href=\"https:\/\/www.praha7.cz\/wp-content\/uploads\/2020\/03\/1538.zip\">\u010d. 1538<\/a><\/p>\r\n<p style=\"text-align: justify;\"><b>9.<\/b>\u00a0 Z\u00e1v\u011br\u00a0<\/p>\r\n<p>&nbsp;<\/p>\r\n<p>Mgr. Jan \u010ci\u017einsk\u00fd<br \/>\r\nstarosta m\u011bstsk\u00e9 \u010d\u00e1sti Praha&nbsp;7<\/p>\r\n<p>&nbsp;<\/p>\r\n<p><a href=\"http:\/\/file.praha7.cz\/odbory\/kst\/2_2020.zip\">Materi\u00e1ly k&nbsp;2.\u00a0\u0159\u00e1dn\u00e9mu zased\u00e1n\u00ed Z\u00a0M\u010c Praha\u00a07<\/a><\/p>","protected":false},"excerpt":{"rendered":"[perex] 2.&nbsp;\u0159\u00e1dn\u00e9 zased\u00e1n\u00ed Zastupitelstva M\u010c Praha&nbsp;7 se kon\u00e1 v&nbsp;pond\u011bl\u00ed dne 6.&nbsp;dubna 2020 od 17:00 hodin. Toto zastupitelstvo prob\u011bhne mimo\u0159\u00e1dn\u011b prost\u0159ednictv\u00edm vzd\u00e1len\u00e9ho p\u0159\u00edstupu v\u00a0souladu s\u00a0opat\u0159en\u00edmi Vl\u00e1dy \u010cR v\u00a0dob\u011b stavu nouze a&nbsp;stanoviskem MV \u010cR ke kon\u00e1n\u00ed zastupitelstev obc\u00ed. Organizace jedn\u00e1n\u00ed ZM\u010c prob\u011bhne v\u00a0m\u00edstnosti 7.09 v\u00a0budov\u011b \u00da\u0159adu M\u010c Praha&nbsp;7. P\u0159\u00edtomnost ve\u0159ejnosti nen\u00ed na z\u00e1klad\u011b na\u0159\u00edzen\u00ed Vl\u00e1dy \u010cR mo\u017en\u00e1. [&hellip;]","protected":false},"author":14,"featured_media":33780,"comment_status":"closed","ping_status":"open","sticky":false,"template":"","format":"standard","meta":[],"categories":[34],"tags":[],"_links":{"self":[{"href":"https:\/\/www.praha7.cz\/api\/wp\/v2\/posts\/35646"}],"collection":[{"href":"https:\/\/www.praha7.cz\/api\/wp\/v2\/posts"}],"about":[{"href":"https:\/\/www.praha7.cz\/api\/wp\/v2\/types\/post"}],"author":[{"embeddable":true,"href":"https:\/\/www.praha7.cz\/api\/wp\/v2\/users\/14"}],"replies":[{"embeddable":true,"href":"https:\/\/www.praha7.cz\/api\/wp\/v2\/comments?post=35646"}],"version-history":[{"count":17,"href":"https:\/\/www.praha7.cz\/api\/wp\/v2\/posts\/35646\/revisions"}],"predecessor-version":[{"id":35908,"href":"https:\/\/www.praha7.cz\/api\/wp\/v2\/posts\/35646\/revisions\/35908"}],"wp:featuredmedia":[{"embeddable":true,"href":"https:\/\/www.praha7.cz\/api\/wp\/v2\/media\/33780"}],"wp:attachment":[{"href":"https:\/\/www.praha7.cz\/api\/wp\/v2\/media?parent=35646"}],"wp:term":[{"taxonomy":"category","embeddable":true,"href":"https:\/\/www.praha7.cz\/api\/wp\/v2\/categories?post=35646"},{"taxonomy":"post_tag","embeddable":true,"href":"https:\/\/www.praha7.cz\/api\/wp\/v2\/tags?post=35646"}],"curies":[{"name":"wp","href":"https:\/\/api.w.org\/{rel}","templated":true}]}}