    
{"id":35277,"date":"2020-03-25T11:48:33","date_gmt":"2020-03-25T10:48:33","guid":{"rendered":"https:\/\/www.praha7.cz\/?p=35277"},"modified":"2020-04-26T17:38:53","modified_gmt":"2020-04-26T15:38:53","slug":"s-livanecnikem-na-broskve-vzpominka-na-danu-zatopkovou","status":"publish","type":"post","link":"https:\/\/www.praha7.cz\/s-livanecnikem-na-broskve-vzpominka-na-danu-zatopkovou\/","title":{"rendered":"S l\u00edvane\u010dn\u00edkem na broskve \u2013 vzpom\u00ednka na Danu Z\u00e1topkovou"},"content":{"rendered":"<p>[perex]<\/p>\r\n<p>Se sv\u00fdm man\u017eelem sd\u00edlela nejen v\u00e1\u0161e\u0148 pro sport a\u00a0olympijsk\u00e9 hodnoty, ale i\u00a0horoskop\u00a0\u2013 narodili se ve stejn\u00fd den, m\u011bs\u00edc i\u00a0rok. Kdy\u017e si na olympi\u00e1d\u011b v\u00a0Helsink\u00e1ch v\u00a0roce 1952 Emil dob\u011bhl pro prvn\u00ed zlatou medaili, pr\u00fd ji Dana pro \u0161t\u011bst\u00ed pol\u00edbila. Spole\u010dn\u011b\u00a0pak Z\u00e1topkovi dom\u016f p\u0159ivezli \u010dty\u0159i zlat\u00e9. Dal\u0161\u00ed \u00fasp\u011bch \u010dekal Danu\u00a0Z\u00e1topkovou v\u00a0roce 1958, kdy p\u0159ekonala sv\u011btov\u00fd rekord v\u00a0hodu o\u0161t\u011bpem, kter\u00fd pak platil neuv\u011b\u0159iteln\u00fdch 17 let. Po skon\u010den\u00ed sportovn\u00ed kari\u00e9ry tr\u00e9novala a\u00a0anga\u017eovala se i\u00a0v\u00a0\u010desk\u00e9m a\u00a0tak\u00e9 mezin\u00e1rodn\u00edm olympijsk\u00e9m hnut\u00ed. V\u00a0p\u00e1tek 13.\u00a0b\u0159ezna n\u00e1s Dana Z\u00e1topkov\u00e1 opustila. Na Sedmi\u010dce \u017eila p\u0159es 40 let. V\u00a0l\u00e9t\u011b\u00a02016 s\u00a0n\u00ed v\u00a0jej\u00edm trojsk\u00e9m byt\u011b rozmlouval tehdej\u0161\u00ed redaktor Hobuletu\u00a0Pavel Vokat\u00fd. Rozhovor v\u00e1m te\u010f znovu p\u0159in\u00e1\u0161\u00edme jako malou vzpom\u00ednku na tuto v\u00fdjime\u010dnou \u017eenu.<\/p>\r\n<p>[\/perex]<\/p>\r\n<p><strong>Kdy\u017e jsme u\u00a0t\u011bch historek, co je pravdy na\u00a0tom, \u017ee v\u00e1s Emil Z\u00e1topek nosil b\u011bhem tr\u00e9nink\u016f na\u00a0z\u00e1dech nebo \u017ee b\u011bhal ve \u00a0vojensk\u00fdch bagan\u010datech?<br \/>\r\n<\/strong>To jsou \u00fapln\u00e9 hlouposti, proto\u017ee s\u00a0\u010dlov\u011bkem na\u00a0z\u00e1dech se ned\u00e1 b\u011b\u017eet ani posilovat. To se \u010dlov\u011bk jenom vrt\u00ed zprava doleva a\u00a0nen\u00ed to k\u00a0ni\u010demu. Kdy\u017e u\u017e, tak se kotn\u00edky posiluj\u00ed s\u00a0\u010dlov\u011bkem na\u00a0ramenou. Dneska u\u017e jsou ale jin\u00e9 modern\u00ed prost\u0159edky \u2013 t\u0159eba \u010dinky nebo v\u0161elijak\u00e9 posilovac\u00ed stroje. Proto jsem se nechala p\u0159esv\u011bd\u010dit k\u00a0tomu, \u017ee nap\u00ed\u0161u pravdivou kn\u00ed\u017eku o\u00a0n\u00e1s dvou, proto\u017ee takov\u00fdch \u2013 s\u00a0prominut\u00edm \u2013 volovin se vyskytlo hodn\u011b. Hlavn\u011b v\u00a0zahrani\u010d\u00ed, ale bohu\u017eel tak\u00e9 u\u00a0n\u00e1s.<strong><br \/>\r\n<\/strong><\/p>\r\n<p><strong>Kde na\u00a0n\u011b novin\u00e1\u0159i p\u0159i\u0161li?<br \/>\r\n<\/strong>To bylo tak. Jednou jsme byli s\u00a0\u0164opkem v\u00a0Kamenn\u00e9m P\u0159\u00edvoze, \u017ee si p\u016fjdeme do\u00a0lesa zab\u011bhat. Bylo ned\u011bln\u00ed r\u00e1no, b\u011b\u017e\u00edme kolem rybn\u00edka a\u00a0najednou vid\u00edme na\u00a0jeho b\u0159ehu sed\u011bt p\u00e1na a\u00a0\u010d\u00edst si noviny. A\u00a0m\u011b napadne: \u201ePoj\u010fme se vykoupat.\u201c Zam\u00ed\u0159ili jsme k\u00a0vod\u011b, kde Emil p\u0159inutil sed\u00edc\u00edho p\u00e1na, aby m\u011b vzali za\u00a0ruce a\u00a0nohy a\u00a0hodili do\u00a0vody. A\u00a0co se nestalo \u2013 zlomila jsem si p\u0159itom nohu zrovna t\u00fdden po\u00a0m\u00e9m \u010deskoslovensk\u00e9m rekordu. P\u00e1n m\u011b pak pomohl vysadit Emilovi na\u00a0ramena a\u00a0ten m\u011b nesl p\u0159es dva kilometry dom\u016f na\u00a0chatu, proto\u017ee bych to nebyla do\u0161la. Tohle se pak objevilo v\u00a0jednom propaga\u010dn\u00edm filmu a\u00a0bylo.<strong><br \/>\r\n<\/strong><\/p>\r\n<p><strong>A\u00a0co ty kanady?<br \/>\r\n<\/strong>To vzniklo v\u00a0osma\u010dty\u0159ic\u00e1t\u00e9m roce, kdy\u017e se Emil p\u0159ipravoval na\u00a0olympi\u00e1du v\u00a0Lond\u00fdn\u011b. Slou\u017eil v\u00a0t\u00e9 dob\u011b na\u00a0vojn\u011b, kde nem\u011bl k\u00a0dispozici b\u011b\u017eeckou dr\u00e1hu. A\u00a0nem\u011bl ani \u010das na\u00a0b\u011bh\u00e1n\u00ed, tak chodil tr\u00e9novat v\u00a0noci do\u00a0lesa. A\u00a0aby si neud\u011blal v\u00fdron v\u00a0kotn\u00edku, ob\u010das b\u011bhal ve\u00a0vojensk\u00fdch bot\u00e1ch, proto\u017ee maj\u00ed \u0161n\u011brov\u00e1n\u00ed a\u00a0dob\u0159e dr\u017e\u00ed kotn\u00edky. Z\u00a0toho potom vzniklo, \u017ee tr\u00e9nuje jenom ve\u00a0vojensk\u00fdch \u0161krp\u00e1lech. Nesmysl. B\u011bhal p\u0159eci v\u00a0tretr\u00e1ch, maratonk\u00e1ch nebo v\u00a0trampk\u00e1ch. Ale tahle historka se ujala, proto\u017ee se zal\u00edbila n\u011bjak\u00e9mu redaktorovi a\u00a0ten ji \u0161\u00ed\u0159il d\u00e1l. Postupn\u011b narostla do\u00a0rozm\u011br\u016f, kter\u00e9 jsou sice atraktivn\u00ed, ale z\u00a0gruntu nepravdiv\u00e9.<strong><br \/>\r\n<\/strong><\/p>\r\n<p><a href=\"https:\/\/www.praha7.cz\/s-livanecnikem-na-broskve-vzpominka-na-danu-zatopkovou\/strizkova-4990\/\" rel=\"attachment wp-att-35279\"><img loading=\"lazy\" src=\"https:\/\/www.praha7.cz\/wp-content\/uploads\/2020\/03\/strizkova-4990.jpg\" alt=\"\" width=\"900\" height=\"600\" class=\"alignnone size-full wp-image-35279\" srcset=\"https:\/\/www.praha7.cz\/wp-content\/uploads\/2020\/03\/strizkova-4990.jpg 900w, https:\/\/www.praha7.cz\/wp-content\/uploads\/2020\/03\/strizkova-4990-600x400.jpg 600w, https:\/\/www.praha7.cz\/wp-content\/uploads\/2020\/03\/strizkova-4990-768x512.jpg 768w\" sizes=\"(max-width: 900px) 100vw, 900px\" \/><\/a><\/p>\r\n<p><strong>Existuje n\u011bjak\u00e1 podobn\u00e1 historka i\u00a0o\u00a0va\u0161em \u017eivot\u011b v\u00a0Troji? Pr\u00fd byl Z\u00e1topek koum\u00e1k a\u00a0p\u0159i stavb\u011b domu pou\u017e\u00edval sklen\u011bn\u00e9 lahve m\u00edsto izolace.<br \/>\r\n<\/strong>Ano, to jsme d\u011blali. Nem\u011bli jsme tolik pen\u011bz, abychom si mohli nechat bar\u00e1\u010dek postavit, a\u00a0taky n\u00e1s stava\u0159ina hrozn\u011b bavila. A\u00a0Emil, proto\u017ee byl b\u011b\u017eec a\u00a0m\u011bl r\u00e1d teplo, vymyslel, \u017ee na\u00a0cementov\u00e9 stropnice d\u00e1me vrstvu netypizovan\u00fdch fla\u0161ek a\u00a0teprve na\u00a0to p\u0159ijde \u0161kv\u00e1robeton. Bylo to pro n\u00e1s hrozn\u011b z\u00e1bavn\u00e9, proto\u017ee jsme nevratn\u00e9 lahve sh\u00e1n\u011bli, kde se dalo po\u00a0zn\u00e1m\u00fdch. Ka\u017edou chv\u00edli n\u00e1m pak n\u011bkdo volal: \u201eA\u00a0kdy si pro ty fla\u0161ky p\u0159ijedete? My u\u017e si nem\u00e1me kam stoupnout.\u201c<strong><br \/>\r\n<\/strong><\/p>\r\n<p><strong>\u00dadajn\u011b v\u00e1m tak\u00e9 na\u00a0konci va\u0161\u00ed kari\u00e9ry p\u0159ed\u011blal o\u0161t\u011bpy na\u00a0n\u00e1sady na\u00a0ko\u0161\u0165ata.<br \/>\r\n<\/strong>To je pravda, proto\u017ee jsem shodou okolnost\u00ed za\u017eila obdob\u00ed, kdy se atletika stala nar\u00e1z velice popul\u00e1rn\u00ed, a\u00a0sportovn\u00ed n\u00e1\u010din\u00ed tak \u010dekal prudk\u00fd v\u00fdvoj a\u00a0r\u016fzn\u00e9 zlep\u0161ov\u00e1ky. T\u0159eba o\u0161t\u011bpy byly\u00a0p\u016fvodn\u011b d\u0159ev\u011bn\u00e9 \u2013 ne kovov\u00e9 jako dnes \u2013 a\u00a0tvarovan\u00e9\u2026 No norm\u00e1ln\u011b, aby l\u00edtaly tam, kam maj\u00ed, a\u00a0hlavn\u011b o\u00a0kousek d\u00e1l. Teprve potom se za\u010dal m\u011bnit materi\u00e1l i\u00a0tvar a\u00a0zkracovat \u0161pi\u010dky. Pravidla v\u00a0t\u00e9 dob\u011b nebyla tak p\u0159esn\u00e1. D\u0159ev\u011bn\u00e9 o\u0161t\u011bpy se naposledy objevily na\u00a0olympi\u00e1d\u011b v\u00a0\u0158\u00edm\u011b v\u00a0roce 1960, kde jsem byla je\u0161t\u011b druh\u00e1. V\u00a0roce 1964 na\u00a0olympijsk\u00fdch hr\u00e1ch v\u00a0Tokiu\u00a0se u\u017e h\u00e1zelo jen kovov\u00fdmi.<strong><br \/>\r\n<\/strong><\/p>\r\n<p><strong>A\u00a0pro\u010d se vlastn\u011b v\u00e1\u0161 d\u016fm jmenoval Kr\u010dma Santa Puelo?<br \/>\r\n<\/strong>To je zase dal\u0161\u00ed b\u00e1chorka z\u00a0doby, kdy jsme je\u0161t\u011b bydleli v\u00a0centru Prahy. Jednou jsme \u0161li ze zoologick\u00e9 zahrady, bylo jaro, kvetl zlat\u00fd d\u00e9\u0161\u0165 a\u00a0n\u00e1m se v\u00a0Troji l\u00edbilo. V\u00a0t\u00e9 dob\u011b ale Troja nebyla je\u0161t\u011b skoro v\u016fbec zastav\u011bn\u00e1. Zkusili jsme se zeptat na\u00a0n\u00e1rodn\u00edm v\u00fdboru Prahy&nbsp;7, jestli tu n\u011bkdo neprod\u00e1v\u00e1 volnou zahradu. A\u00a0m\u011bli jsme \u0161t\u011bst\u00ed. K\u00a0m\u00e1n\u00ed byl pozemek zanesen\u00fd v\u00a0katastru jako pastvina. Ve\u00a0skute\u010dnosti to byla zarostl\u00e1 d\u017eungle pln\u00e1 \u010dern\u00e9ho bezu, ostru\u017ein, ak\u00e1t\u016f a\u00a0divok\u00fdch r\u016f\u017e\u00ed. Kdysi to bylo zahradnictv\u00ed, ze kter\u00e9ho uprost\u0159ed hou\u0161tin zbyla mal\u00e1 zahradnick\u00e1 bouda. Kdy\u017e jsme se k\u00a0n\u00ed probojovali, pod\u00edvali jsme se na\u00a0sebe: \u201eCo to je za\u00a0kr\u010dmu Santa Puelo?\u201c A\u00a0to se n\u00e1m tak zal\u00edbilo, \u017ee jsme hned vyrobili ceduli a\u00a0pov\u011bsili ji nad dve\u0159e. Chatku jsme pak dali trochu do\u00a0po\u0159\u00e1dku, co\u017e bylo prima, proto\u017ee jsme si do\u00a0Troje mohli zajet t\u0159eba i\u00a0ve\u00a0v\u0161edn\u00ed den a\u00a0s\u00a0kamar\u00e1dy p\u00e9ct bu\u0159ty. Byla v\u00a0dosahu, proto\u017ee Emil byl z\u00e1sadn\u011b proti tomu sh\u00e1n\u011bt chatu n\u011bkde za\u00a0Prahou, jak m\u011bl tenkr\u00e1t ka\u017ed\u00fd ve\u00a0zvyku. Byla tam takov\u00e1 d\u017eungle, \u017ee n\u00e1s nikdo nena\u0161el. Byla to skoro trampsk\u00e1 z\u00e1le\u017eitost.<strong><br \/>\r\n<\/strong><\/p>\r\n<p><strong>A\u00a0co bylo se Santa Puelem d\u00e1l?<br \/>\r\n<\/strong>Asi za\u00a0p\u011bt let jsme dostali z\u00a0n\u00e1rodn\u00edho v\u00fdboru dopis, \u017ee prohla\u0161uj\u00ed na\u0161i pastvinu za\u00a0stavebn\u00ed parcelu, a\u00a0jestli neza\u010dneme do\u00a0p\u011bti let stav\u011bt, budeme ji muset prodat n\u011bkomu dal\u0161\u00edmu. Zahradu jsme u\u017e ale mezit\u00edm vyklu\u010dili, zasadili na\u00a0n\u00ed dv\u011b meru\u0148ky a\u00a0byli jsme na\u00a0ni zvykl\u00ed. M\u011bli jsme tak\u00e9 u\u0161et\u0159en\u00fd n\u011bjak\u00fd gro\u0161, tak jsme si \u0159ekli, \u017ee si na\u00a0n\u00ed zkus\u00edme postavit bar\u00e1\u010dek. Kdy\u017e u\u017e n\u011bkde n\u011bco zasad\u00edte, ono to roste, kvete a\u00a0skoro k\u00a0v\u00e1m mluv\u00ed, tak v\u00e1m to samoz\u0159ejm\u011b p\u0159iroste trochu i\u00a0k\u00a0srdci. Rostliny jsou \u017eivouc\u00ed tvorov\u00e9.<strong><br \/>\r\n<\/strong><\/p>\r\n<p><strong>To zn\u00e1m. Bydl\u00edm v\u00a0rodinn\u00e9m dom\u011b, kde m\u00e1me u\u017e l\u00e9ta tr\u00e1pen\u00ed s\u00a0meru\u0148kou. V\u017edycky vyroste, za\u010dne plodit, ale pak najednou dostane p\u0159es zimu mrtvici a\u00a0uschne. A\u00a0tak je to po\u0159\u00e1d dokola.<br \/>\r\n<\/strong>Asi ji m\u00e1te zasazenou na\u00a0\u0161patn\u00e9m m\u00edst\u011b. To v\u00e1s donut\u00ed k\u00a0tomu, abyste se za\u010dal v\u00edc zaj\u00edmat nejen o\u00a0rostliny, ale i\u00a0o\u00a0r\u016fzn\u00e9 zahradnick\u00e9 tajnosti. J\u00e1 jsem taky na\u00a0za\u010d\u00e1tku nebyla \u017e\u00e1dn\u00fd odborn\u00edk, ale za\u010dalo m\u011b to zaj\u00edmat, a\u00a0proto jsem si sehnala r\u016fzn\u00e9 star\u00e9 zahradnick\u00e9 kn\u00ed\u017eky. Jednou za\u00a0mnou p\u0159i\u0161la n\u011bjak\u00e1 star\u00e1 pan\u00ed a\u00a0p\u0159inesla dv\u011b pecky: \u201ePros\u00edm v\u00e1s, zasa\u010fte si to. Vyroste v\u00e1m broskev.\u201c Tak jsem je opravdu zasadila a\u00a0vyrostl strom, kde byla na\u00a0jedn\u00e9 v\u011btvi jedna odr\u016fda a\u00a0na\u00a0druh\u00e9 zase jin\u00e1. Za\u010dalo m\u011b to zaj\u00edmat, tak jsem si sehnala dal\u0161\u00ed knihy jen o\u00a0broskv\u00edch a\u00a0zjistila, \u017ee maj\u00ed r\u00e1dy \u017eelezo v\u00a0p\u016fd\u011b. Tak jsme k\u00a0n\u00ed zakop\u00e1vali v\u0161echny zbytky ze stavby, okapy i\u00a0star\u00fd l\u00edvane\u010dn\u00edk po\u00a0mamce. Na\u00a0jedn\u00e9 v\u011btvi pak rostly skute\u010dn\u011b velik\u00e1nsk\u00e9 broskve, kter\u00fdm jsme \u0159\u00edkali brambora\u010dky a\u00a0v\u0161ichni na\u00a0n\u011b dlouho vzpom\u00ednali. Pak ale bohu\u017eel tak\u00e9 jednou zmrzla. I\u00a0u\u00a0broskve mus\u00edte v\u011bd\u011bt, co r\u00e1da j\u00ed, a\u00a0co naopak r\u00e1da nem\u00e1.<strong><br \/>\r\n<\/strong><\/p>\r\n<p><strong>Ota Pavel v\u00e1s zm\u00ednil v\u00a0kn\u00ed\u017ek\u00e1ch Pln\u00e1 bedna \u0161ampa\u0148sk\u00e9ho a\u00a0Dukla mezi mrakodrapy. Chodili k\u00a0v\u00e1m na\u00a0zahradu i\u00a0jin\u00ed spisovatel\u00e9?<br \/>\r\n<\/strong>Ze spisovatel\u016f to byl jenom Ota Pavel, byl to n\u00e1\u0161 p\u0159\u00edtel. Pak bohu\u017eel onemocn\u011bl a\u00a0zem\u0159el. O\u00a0sezn\u00e1men\u00ed s\u00a0n\u00edm ve\u00a0Vr\u00e1tn\u00e9 dolin\u011b v\u00a0Tatr\u00e1ch p\u00ed\u0161u tak\u00e9 ve\u00a0sv\u00e9 knize.<strong><br \/>\r\n<\/strong><\/p>\r\n<p><strong>\u0158\u00edk\u00e1 se o&nbsp;v\u00e1s, \u017ee jste byli s&nbsp;Emilem hodn\u011b spole\u010densk\u00fd p\u00e1r.<br \/>\r\n<\/strong>Kdy\u017e jste slavn\u00ed \u2013 a\u00a0my jsme byli, proto\u017ee jsme na\u00a0olympi\u00e1d\u011b v\u00a0Helsink\u00e1ch vyhr\u00e1li dohromady \u010dty\u0159i zlat\u00e9 medaile, mus\u00edte b\u00fdt na\u00a0pozornost p\u0159ipraven\u00ed. Popul\u00e1rn\u00ed jsme byli a\u017e do\u00a0osma\u0161edes\u00e1t\u00e9ho roku, kdy jsme se zamotali do\u00a0tehdej\u0161\u00edch ud\u00e1lost\u00ed. Potom spadla klec a\u00a0dvacet let jsme byli v\u00a0klatb\u011b.<strong><br \/>\r\n<\/strong><\/p>\r\n<p><strong>V\u00e1\u0161 mu\u017e pak nastoupil ke\u00a0stavebn\u00ed geologii a\u00a0tr\u00e1vil \u017eivot na\u00a0cest\u00e1ch v\u00a0maringotce, zat\u00edmco vy jste z\u016fstala v\u00a0Troji.<br \/>\r\n<\/strong>Ano, v\u00a0t\u00e9 dob\u011b byl u\u017e n\u00e1\u0161 d\u016fm hotov\u00fd. Do\u00a0Troji jsme se nast\u011bhovali v\u00a0roce 1970 z\u00a0centra Prahy z\u00a0Jind\u0159i\u0161sk\u00e9, kde jsme m\u011bli dvoupokojov\u00fd byt.<strong><br \/>\r\n<\/strong><\/p>\r\n<p><strong>Nest\u00fdskalo se v\u00e1m po\u00a0velk\u00e9m sv\u011bt\u011b sportu?<br \/>\r\n<\/strong>Emil byl sice u\u00a0lopaty, ale j\u00e1 jsem je\u0161t\u011b v\u00a0roce 1960 startovala na\u00a0olympi\u00e1d\u011b v\u00a0\u0158\u00edm\u011b a\u00a0pak jsem pracovala jako \u00fast\u0159edn\u00ed tren\u00e9rka na\u0161ich vrha\u010d\u016f. Tak\u017ee ani ne.<strong><br \/>\r\n<\/strong><\/p>\r\n<p><a href=\"https:\/\/www.praha7.cz\/s-livanecnikem-na-broskve-vzpominka-na-danu-zatopkovou\/strizkova-4995\/\" rel=\"attachment wp-att-35280\"><img loading=\"lazy\" src=\"https:\/\/www.praha7.cz\/wp-content\/uploads\/2020\/03\/strizkova-4995-666x1000.jpg\" alt=\"\" width=\"640\" height=\"961\" class=\"alignnone size-large wp-image-35280\" srcset=\"https:\/\/www.praha7.cz\/wp-content\/uploads\/2020\/03\/strizkova-4995-666x1000.jpg 666w, https:\/\/www.praha7.cz\/wp-content\/uploads\/2020\/03\/strizkova-4995-267x400.jpg 267w, https:\/\/www.praha7.cz\/wp-content\/uploads\/2020\/03\/strizkova-4995.jpg 761w\" sizes=\"(max-width: 640px) 100vw, 640px\" \/><\/a><\/p>\r\n<p><strong>S\u00a0Emilem Z\u00e1topkem jste se narodili ve\u00a0stejn\u00fd den, m\u011bs\u00edc i\u00a0rok. Nep\u0159ipadali jste si jako postavy z&nbsp;\u010derven\u00e9 knihovny?<br \/>\r\n<\/strong>Tak\u00e9 jsme to pokl\u00e1dali za\u00a0osudov\u00e9 znamen\u00ed. Akor\u00e1t Emilova maminka to nevid\u011bla r\u00e1da, a\u00a0proto se b\u011bhem svatby sna\u017eila Emila postar\u0161it. Je\u0161t\u011b p\u0159ed ob\u0159adem se obr\u00e1tila na\u00a0moji matku a\u00a0hlasit\u011b se p\u0159ed v\u0161emi hosty zeptala: \u201eA\u00a0v\u00a0kolik hodin se vlastn\u011b Danu\u0161ka narodila?\u201c A\u00a0mamka odpov\u011bd\u011bla: \u201eTo si pamatuju p\u0159esn\u011b, v\u00a0sedm hodin r\u00e1no.\u201c A\u00a0star\u00e1 pan\u00ed Z\u00e1topkov\u00e1 m\u00e1vla rukou a\u00a0vala\u0161sky spustila: \u201eJ\u00e1, to\u017e to je Emilek star\u0161\u00ed, ten se narodil brze po\u00a0p\u016flnoci.\u201c T\u00edm mu v\u00a0na\u0161em p\u00e1ru zajistila do\u017eivotn\u00ed pozici star\u0161\u00edho.<strong><br \/>\r\n<\/strong><\/p>\r\n<p><strong>Kdybyste m\u011bla mo\u017enost, je n\u011bco, co byste cht\u011bla v\u00a0Troji zm\u011bnit?<br \/>\r\n<\/strong>Pot\u00e9, co Emil um\u0159el, jsem prodala d\u016fm a\u00a0za\u010dala tu sh\u00e1n\u011bt byt, kde bych mohla \u017e\u00edt. Mn\u011b se v\u00a0Troji l\u00edb\u00ed \u2013 je to takov\u00e9 zahradn\u00ed m\u011bsto s\u00a0kope\u010dky. Tak\u00e9 je tu spousta mo\u017enost\u00ed, kam se vydat na\u00a0proch\u00e1zku. Nap\u0159\u00edklad sm\u011brem na\u00a0\u0158e\u017e jsou je\u0161t\u011b okolo Vltavy kr\u00e1sn\u00e1 m\u00edsta. K\u00e9\u017e by se Troja u\u017e v\u00edc nezastav\u011bla a\u00a0z\u016fstala co nejv\u00edc p\u0159irozen\u00e1.<strong><br \/>\r\n<\/strong><\/p>\r\n<p><strong>A\u00a0co plot okolo botanick\u00e9 zahrady, na\u00a0kter\u00fd si m\u00edstn\u00ed st\u011b\u017euj\u00ed?<br \/>\r\n<\/strong>V\u00edm, \u017ee tu prob\u00edhaly t\u011b\u017ek\u00e9 boje u\u017e v\u00a0dob\u011b, kdy se pl\u00e1novala jej\u00ed v\u00fdstavba. Ale mysl\u00edm si, \u017ee botanickou zahradu vy\u0159e\u0161ili kr\u00e1sn\u011b a\u00a0pr\u00e1vem tu m\u00e1 dostatek m\u00edsta. A\u00a0\u017ee je lidem a\u00a0Praze skute\u010dn\u011b ku prosp\u011bchu.<strong><\/strong><\/p>\r\n<hr \/>\r\n<p><em>Atletka\u00a0Dana Z\u00e1topkov\u00e1\u00a0se narodila 19.\u00a0z\u00e1\u0159\u00ed\u00a01922. Mezi jej\u00ed nejv\u011bt\u0161\u00ed \u00fasp\u011bchy pat\u0159ilo v\u00edt\u011bzstv\u00ed v\u00a0hodu o\u0161t\u011bpem na olympijsk\u00fdch hr\u00e1ch v\u00a0roce 1952 v\u00a0Helsink\u00e1ch, o\u00a0osm let pozd\u011bji z\u00edskala st\u0159\u00edbrnou medaili na olympi\u00e1d\u011b v\u00a0\u0158\u00edm\u011b. V\u00a0roce 1958 p\u0159ekonala ve sv\u00e9 discipl\u00edn\u011b sv\u011btov\u00fd rekord (56,67 metru), kter\u00fd pak platil 17 let. Po skon\u010den\u00ed sportovn\u00ed kari\u00e9ry se v\u011bnovala tr\u00e9nov\u00e1n\u00ed a\u00a0aktivn\u00ed byla tak\u00e9 v\u00a0\u010desk\u00e9m i\u00a0mezin\u00e1rodn\u00edm olympijsk\u00e9m hnut\u00ed. Po roce 1968 byli s\u00a0man\u017eelem Emilem ostrakizov\u00e1ni kv\u016fli nesouhlasu s\u00a0okupac\u00ed sov\u011btsk\u00fdmi vojsky. Za sv\u016fj \u017eivot z\u00edskala Dana Z\u00e1topkov\u00e1 \u0159adu ocen\u011bn\u00ed, mj. Olympijsk\u00fd \u0159\u00e1d, nejvy\u0161\u0161\u00ed ocen\u011bn\u00ed mezin\u00e1rodn\u00ed atletick\u00e9 federace IAAF nebo medaili Za z\u00e1sluhy. Byla \u010destnou ob\u010dankou hlavn\u00edho m\u011bsta Prahy, v\u00a0roce 2014 obdr\u017eela i\u00a0zvl\u00e1\u0161tn\u00ed ocen\u011bn\u00ed starosty M\u010c Praha&nbsp;7. Sv\u016fj \u017eivot se slavn\u00fdm b\u011b\u017ecem vyl\u00ed\u010dila v\u00a0knize N\u00e1\u0161 \u017eivot pod p\u011bti kruhy, kterou v\u00a0roce 2016 vydalo nakladatelstv\u00ed Academia. V\u00a0p\u00e1tek 13.\u00a0b\u0159ezna 2020 n\u00e1s Dana Z\u00e1topkov\u00e1 opustila. Na Sedmi\u010dce \u017eila p\u0159es 40 let.<\/em><\/p>\r\n<p><a href=\"https:\/\/www.praha7.cz\/s-livanecnikem-na-broskve-vzpominka-na-danu-zatopkovou\/strizkova-4917\/\" rel=\"attachment wp-att-35278\"><img loading=\"lazy\" src=\"https:\/\/www.praha7.cz\/wp-content\/uploads\/2020\/03\/strizkova-4917.jpg\" alt=\"\" width=\"908\" height=\"605\" class=\"alignnone size-full wp-image-35278\" srcset=\"https:\/\/www.praha7.cz\/wp-content\/uploads\/2020\/03\/strizkova-4917.jpg 908w, https:\/\/www.praha7.cz\/wp-content\/uploads\/2020\/03\/strizkova-4917-600x400.jpg 600w, https:\/\/www.praha7.cz\/wp-content\/uploads\/2020\/03\/strizkova-4917-768x512.jpg 768w\" sizes=\"(max-width: 908px) 100vw, 908px\" \/><\/a><\/p>","protected":false},"excerpt":{"rendered":"[perex] Se sv\u00fdm man\u017eelem sd\u00edlela nejen v\u00e1\u0161e\u0148 pro sport a\u00a0olympijsk\u00e9 hodnoty, ale i\u00a0horoskop\u00a0\u2013 narodili se ve stejn\u00fd den, m\u011bs\u00edc i\u00a0rok. Kdy\u017e si na olympi\u00e1d\u011b v\u00a0Helsink\u00e1ch v\u00a0roce 1952 Emil dob\u011bhl pro prvn\u00ed zlatou medaili, pr\u00fd ji Dana pro \u0161t\u011bst\u00ed pol\u00edbila. Spole\u010dn\u011b\u00a0pak Z\u00e1topkovi dom\u016f p\u0159ivezli \u010dty\u0159i zlat\u00e9. Dal\u0161\u00ed \u00fasp\u011bch \u010dekal Danu\u00a0Z\u00e1topkovou v\u00a0roce 1958, kdy p\u0159ekonala sv\u011btov\u00fd rekord [&hellip;]","protected":false},"author":76,"featured_media":35274,"comment_status":"closed","ping_status":"open","sticky":false,"template":"","format":"standard","meta":[],"categories":[37],"tags":[],"_links":{"self":[{"href":"https:\/\/www.praha7.cz\/api\/wp\/v2\/posts\/35277"}],"collection":[{"href":"https:\/\/www.praha7.cz\/api\/wp\/v2\/posts"}],"about":[{"href":"https:\/\/www.praha7.cz\/api\/wp\/v2\/types\/post"}],"author":[{"embeddable":true,"href":"https:\/\/www.praha7.cz\/api\/wp\/v2\/users\/76"}],"replies":[{"embeddable":true,"href":"https:\/\/www.praha7.cz\/api\/wp\/v2\/comments?post=35277"}],"version-history":[{"count":4,"href":"https:\/\/www.praha7.cz\/api\/wp\/v2\/posts\/35277\/revisions"}],"predecessor-version":[{"id":36573,"href":"https:\/\/www.praha7.cz\/api\/wp\/v2\/posts\/35277\/revisions\/36573"}],"wp:featuredmedia":[{"embeddable":true,"href":"https:\/\/www.praha7.cz\/api\/wp\/v2\/media\/35274"}],"wp:attachment":[{"href":"https:\/\/www.praha7.cz\/api\/wp\/v2\/media?parent=35277"}],"wp:term":[{"taxonomy":"category","embeddable":true,"href":"https:\/\/www.praha7.cz\/api\/wp\/v2\/categories?post=35277"},{"taxonomy":"post_tag","embeddable":true,"href":"https:\/\/www.praha7.cz\/api\/wp\/v2\/tags?post=35277"}],"curies":[{"name":"wp","href":"https:\/\/api.w.org\/{rel}","templated":true}]}}