    
{"id":35248,"date":"2020-03-25T10:48:00","date_gmt":"2020-03-25T09:48:00","guid":{"rendered":"https:\/\/www.praha7.cz\/?p=35248"},"modified":"2020-04-17T14:13:59","modified_gmt":"2020-04-17T12:13:59","slug":"papirky-vidim-i-na-300-metru","status":"publish","type":"post","link":"https:\/\/www.praha7.cz\/papirky-vidim-i-na-300-metru\/","title":{"rendered":"Pap\u00edrky vid\u00edm i&nbsp;na 300 metr\u016f"},"content":{"rendered":"<p>[perex]<\/p>\r\n<p>Bydl\u00ed v\u00a0mal\u00e9m dome\u010dku p\u0159\u00edmo v\u00a0parku, kde zn\u00e1 ka\u017ed\u00e9 z\u00e1kout\u00ed. Kdy\u017e mluv\u00ed o\u00a0stromech, z\u00e1sadn\u011b pou\u017e\u00edv\u00e1 latinsk\u00e9 n\u00e1zvy a\u00a0jako ka\u017ed\u00e1 spr\u00e1vn\u00e1 zahradnice je nejrad\u0161i s\u00e1z\u00ed. Ve Stromovce, kde B\u00e1ra Berecov\u00e1 pracuje u\u017e dvan\u00e1ct\u00fdm rokem, je pom\u00e1hala vysazovat prim\u00e1tor\u016fm B\u00e9movi, Krn\u00e1\u010dov\u00e9 i\u00a0H\u0159ibovi. Miluje ko\u010dky, vad\u00ed j\u00ed bezohledn\u00ed pejska\u0159i a\u00a0v\u0161ichni n\u00e1v\u0161t\u011bvn\u00edci, kte\u0159\u00ed nerespektuj\u00ed pravidla.<\/p>\r\n<p>[\/perex]<\/p>\r\n<p><strong>Moment\u00e1ln\u011b je cel\u00fd sv\u011bt de facto ve v\u00e1lce s\u00a0koronavirem, poznamenalo to n\u011bjak i\u00a0Stromovku?<\/strong><br \/>\r\nVlastn\u011b nijak z\u00e1sadn\u011b. Moment\u00e1ln\u011b se sna\u017e\u00edm zajistit ochrann\u00e9 pom\u016fcky pro sv\u00e9 zam\u011bstnance. Poprv\u00e9 v\u00a0\u017eivot\u011b jsem tak byla v\u00a0galanterii, nakoupila l\u00e1tky a\u00a0m\u016fj kamar\u00e1d, kter\u00fd si ned\u00e1vno koupil \u0161ic\u00ed stroj, by m\u011bl ka\u017ed\u00fdm dnem u\u0161\u00edt rou\u0161ky pro m\u00e9 zam\u011bstnance. Zat\u00edm b\u011bhem komunikace s\u00a0n\u00e1v\u0161t\u011bvn\u00edky pou\u017e\u00edvaj\u00ed \u0161\u00e1tek.<\/p>\r\n<p><br \/>\r\n<strong>Je\u0161t\u011b p\u0159ed koronavirem se \u010ceskem prohnal ork\u00e1n Sabine, jak\u00fd to m\u011blo dopad na provoz v\u00a0parku?<\/strong><br \/>\r\nV\u00edtr byl opravdu siln\u00fd a\u00a0pohyb pod korunami strom\u016f ne zrovna bezpe\u010dn\u00fd, vydali jsme proto na na\u0161em webu i\u00a0FB preventivn\u00ed upozorn\u011bn\u00ed pro n\u00e1v\u0161t\u011bvn\u00edky. Bohu\u017eel to ale nem\u011blo p\u0159\u00edli\u0161 velk\u00fd informa\u010dn\u00ed dosah a\u00a0Stromovka byla i\u00a0tak pln\u00e1 lid\u00ed.<\/p>\r\n<p><br \/>\r\n<strong>V\u00a0minulosti, kdy\u017e byl t\u0159eba Kyril, se to \u0159e\u0161ilo jinak?<br \/>\r\n<\/strong>Tehdy jsem tu je\u0161t\u011b nepracovala. Zav\u0159enou Stromovku jsem ale za\u017eila jedinkr\u00e1t, a\u00a0to po povodn\u00edch 2013, kdy byly p\u0159\u00edvalov\u00e9 de\u0161t\u011b, p\u016fda byla podm\u00e1\u010den\u00e1 a\u00a0spadlo tady v\u00edce strom\u016f. Z\u00e1kaz tehdy platil 14&nbsp;dn\u00ed. \u00dapln\u00fd z\u00e1kaz vstupu do parku vyhla\u0161uje vlastn\u00edk, tedy Magistr\u00e1t hlavn\u00edho m\u011bsta Prahy. Ale ani ten nezaru\u010d\u00ed, \u017ee ho lidi budou respektovat. Vzpom\u00edn\u00e1m si na p\u0159\u00edpad v\u00a0Pr\u016fhonick\u00e9m parku z\u00a0roku 2013.<\/p>\r\n<p><br \/>\r\n<strong>Co se tehdy stalo?<br \/>\r\n<\/strong>Tam si bohu\u017eel i\u00a0p\u0159es z\u00e1kaz vstupu \u0161la pan\u00ed zab\u011bhat se psem, samoz\u0159ejm\u011b se sluch\u00e1tky,\u00a0a\u00a0tak nesly\u0161ela padaj\u00edc\u00ed strom. Od t\u00e9 doby se poz\u016fstal\u00ed se spr\u00e1vou parku soud\u00ed.<\/p>\r\n<p><strong>Kolik v\u00e1m toho te\u010f b\u011bhem Sabine spadlo?<\/strong><br \/>\r\nJenom t\u0159i stromy a\u00a0samoz\u0159ejm\u011b spousta drobn\u00fdch i\u00a0v\u011bt\u0161\u00edch v\u011btv\u00ed, kter\u00e9 byly v\u0161ude po cest\u00e1ch. Odkl\u00edzen\u00ed je n\u00e1ro\u010dn\u00e9, proto\u017ee se to mus\u00ed nalo\u017eit ru\u010dn\u011b.<\/p>\r\n<p><strong>Co s\u00a0t\u00edm d\u0159evem pak d\u011bl\u00e1te?<\/strong><br \/>\r\nV\u0161echno to se\u0161t\u011bpkujeme a\u00a0pou\u017eijeme zase ve Stromovce, jinak ale Lesy hl. m. Prahy vhodn\u00e9 d\u0159evo zpracov\u00e1vaj\u00ed v\u00a0truhl\u00e1rn\u011b v\u00a0Hloub\u011bt\u00edn\u011b a\u00a0p\u0159ebytky\u00a0i\u00a0prod\u00e1vaj\u00ed.<\/p>\r\n<p><strong>O\u010dek\u00e1vala jste, \u017ee zrovna tyhle t\u0159i stromy spadnou?<\/strong><br \/>\r\nStromy ve Stromovce sice pr\u016fb\u011b\u017en\u011b kontrolujeme a\u00a0sna\u017e\u00edme se m\u00edt co nejlep\u0161\u00ed p\u0159ehled o\u00a0jejich zdravotn\u00edm stavu, ale v\u0161e se ned\u00e1<br \/>\r\nodhalit, n\u011bkdy se je\u0161t\u011b mohou projevit n\u00e1sledky povodn\u00ed. O\u00a0jednom z\u00a0trojice strom\u016f se to dalo p\u0159edpokl\u00e1dat, proto\u017ee byl u\u017e nahnil\u00fd, to byla Tsuga canadiensis (jedlovec kanadsk\u00fd) u\u00a0podmokelsk\u00e9 dr\u00e1hy, kter\u00e1 byla navr\u017eena ke k\u00e1cen\u00ed a\u00a0\u010dekali jsme u\u017e jen na povolen\u00ed. Pak spadl ale i\u00a0Acer campestre (javor babyka) nedaleko d\u011btsk\u00e9ho h\u0159i\u0161t\u011b s\u00a0lanov\u00fdm pavoukem, to byl jeden\u00a0z\u00a0t\u011bch strom\u016f, kde\u00a0 to nem\u016f\u017eete p\u0159edem odhadnout.<\/p>\r\n<p><strong>Jak to?<\/strong><br \/>\r\nTen strom m\u011bl toti\u017e ko\u0159eny napaden\u00e9 hnilobou, co\u017e se bez viditeln\u00fdch plodnic hub t\u011b\u017eko pozn\u00e1. I\u00a0kdybychom jej pok\u00e1celi, tak na pa\u0159ezu vypad\u00e1 zdrav\u011b. N\u011bkdy ale spadne strom d\u0159\u00edv, ne\u017e plodnice vyrostou, proto m\u00e1me ve Stromovce fytopatologa, kter\u00fd tu b\u011bhem roku v\u0161echno kontroluje. Pak tu m\u00e1me tak\u00e9 dendrologa a\u00a0partu arborist\u016f, kte\u0159\u00ed stromy neust\u00e1le sleduj\u00ed. Ka\u017ed\u00fd strom m\u00e1 svoji zdravotn\u00ed kartu, kam se zapisuje jeho stav. V\u0161echny z\u00e1kroky jsou napl\u00e1novan\u00e9. Tak\u017ee: sna\u017e\u00edme se co nejv\u00edce \u0161kod\u00e1m p\u0159edch\u00e1zet a\u00a0nebezpe\u010d\u00ed odhalit p\u0159edem, ale nikdo to neum\u00ed stoprocentn\u011b. Po povodn\u00edch v\u00a0roce 2013 jsme nap\u0159\u00edklad ozna\u010dovali stromy, kter\u00e9 bude nutn\u00e9 z\u00a0d\u016fvodu podm\u00e1\u010den\u00ed a\u00a0po\u0161kozen\u00ed pok\u00e1cet. Pak ale p\u0159i\u0161la velk\u00e1 bou\u0159ka a\u00a0popadaly stromy p\u0159esn\u011b vedle t\u011bch, kter\u00e9 jsme m\u011bli ozna\u010den\u00e9. Samoz\u0159ejm\u011b mus\u00edte tak\u00e9 br\u00e1t v\u00a0potaz, kde se ten strom nach\u00e1z\u00ed, zda by v\u011btev p\u0159\u00edpadn\u011b dopadla na cestu nebo na d\u011btsk\u00e9 h\u0159i\u0161t\u011b \u010di kolik lid\u00ed pod n\u00edm projde. Pokud odstran\u00edte stromy okolo, najednou se tento nov\u00fd solit\u00e9r st\u00e1v\u00e1 nebezpe\u010dn\u011bj\u0161\u00ed\u2026<br \/>\r\nFaktor\u016f je cel\u00e1 \u0159ada.<\/p>\r\n<p><strong>P\u0159edpokl\u00e1d\u00e1m ale, \u017ee pro k\u00e1cen\u00ed jak\u00e9hokoliv stromu pot\u0159ebujete \u0159adu raz\u00edtek.<\/strong><br \/>\r\nAno, ale nap\u0159\u00edklad te\u010f v\u00a0lednu jsme pok\u00e1celi sedm smrk\u016f kv\u016fli k\u016frovci, kter\u00fd tr\u00e1p\u00ed i\u00a0Stromovku, a\u00a0ty jsou v\u00a0re\u017eimu tzv. havarijn\u00edho k\u00e1cen\u00ed. Jinak ale ve\u0161ker\u00e9 \u017e\u00e1dosti mus\u00ed proj\u00edt ornitologem, entomologem, netop\u00fdrk\u00e1\u0159em, tedy chiropterologem, odborem \u017eivotn\u00edho prost\u0159ed\u00ed. Nav\u00edc se k\u00a0tomu vyjad\u0159uj\u00ed i\u00a0r\u016fzn\u00e9 spolky a\u00a0samoz\u0159ejm\u011b to jde v\u0161echno tak\u00e9 na pam\u00e1tk\u00e1\u0159e, proto\u017ee Stromovka je p\u0159\u00edrodn\u00ed pam\u00e1tka. To taky moc lid\u00ed nev\u00ed, kdy\u017e si tady rozd\u011bl\u00e1vaj\u00ed oh\u00fdnek, co\u017e je asi jako kdybyste si ho cht\u011bli rozd\u011blat v\u00a0Krnapu nebo na Hrad\u010danech. (sm\u00edch) To povolovac\u00ed kole\u010dko trv\u00e1 rok, n\u011bkdy\u00a0i\u00a0rok a\u00a0p\u016fl.<\/p>\r\n<p><strong>Velk\u00e9 v\u00e1\u0161n\u011b \u010dasto bud\u00ed k\u00e1cen\u00ed alej\u00ed\u2026<\/strong><br \/>\r\nS\u00a0alejemi je to obecn\u011b hodn\u011b t\u011b\u017ek\u00e9, osmdes\u00e1t procent lid\u00ed si toti\u017e nechce p\u0159ipustit to, \u017ee aleje s\u00e1zeli na\u0161i p\u0159edci pro n\u00e1s a\u00a0my m\u00e1me povinnost s\u00e1zet zase pro budouc\u00ed generace. Alej nav\u00edc bohu\u017eel funguje jako celek, ne jako ka\u017ed\u00fd jednotliv\u00fd strom. Tak\u017ee nem\u016f\u017eete pok\u00e1cet ka\u017ed\u00fd t\u0159et\u00ed strom a\u00a0\u010dekat, \u017ee to takto postupn\u011b obnov\u00edte. Je to vid\u011bt i\u00a0tady ve Stromovce na b\u011b\u017eeck\u00e9m okruhu kolem dna rybn\u00edka, kde je lipovo-ka\u0161tanov\u00e1 alej. Stromy, kter\u00e9 se tu vysazovaly jednotliv\u011b, vypadaj\u00ed po\u0159\u00e1d stejn\u011b\u00a0\u2013 nemaj\u00ed toti\u017e vodu, sv\u011btlo ani prostor. Kdy\u017e chcete obnovit alej, mus\u00edte ji vyk\u00e1cet komplet celou nebo jednu p\u016flku a\u00a0pak druhou. Cik cak to nejde a\u00a0fungovat to nikdy nebude, tohle ale lid\u00e9 \u010dasto nev\u011bd\u00ed.<\/p>\r\n<p><strong>Ned\u00e1vno se \u0159e\u0161ila i\u00a0platanov\u00e1 alej v\u00a0Letensk\u00fdch sadech.<br \/>\r\n<\/strong>Ano, na facebookov\u00e9 skupin\u011b Letensk\u00e1 parta tehdy \u0159valy des\u00edtky lid\u00ed, na sch\u016fzku jich ale p\u0159i\u0161el jen zlomek a\u00a0mezi nimi nejv\u011bt\u0161\u00ed zast\u00e1nci zachov\u00e1n\u00ed aleje, kte\u0159\u00ed bre\u010deli a\u00a0vzpom\u00ednali, \u017ee je tam rodi\u010de vozili ko\u010d\u00e1rkem. Nikdo z\u00a0nich ale nev\u00ed, \u017ee kdy\u017e tam pan Thomayer tu alej s\u00e1zel, po\u010d\u00edtal s\u00a0t\u00edm, \u017ee ka\u017ed\u00fd druh\u00fd strom se pak vyk\u00e1c\u00ed. K\u00a0tomu ale nikdy nedo\u0161lo, tak\u017ee ta alej je od za\u010d\u00e1tku p\u0159ehu\u0161t\u011bn\u00e1 a\u00a0stromy nemaj\u00ed dostatek prostoru.<\/p>\r\n<p><strong>Pro\u010d to takhle s\u00e1zel, to \u010dekal, kter\u00fd strom se ujme?<\/strong><br \/>\r\nNe, sp\u00ed\u0161 jde o\u00a0to, \u017ee n\u011bjak\u00fd efekt chcete hned, ale za cca 20 let by se to m\u011blo pok\u00e1cet. Bohu\u017eel se ale nena\u0161el nikdo, kdo by se k\u00a0tomu odhodlal. Jedna \u010d\u00e1st nov\u00fdch platan\u016f je proto vyklon\u011bn\u00e1, proto\u017ee nemaj\u00ed dostatek prostoru, a\u00a0u\u017e te\u010f je jasn\u00e9, \u017ee s\u00a0nimi bude probl\u00e9m, ale to u\u017e zase nikoho nezaj\u00edm\u00e1\u00a0\u2013 proto\u017ee \u017eijeme tady a\u00a0te\u010f. Bohu\u017eel zahradni\u010dina je o\u00a0tom, \u017ee ukl\u00edz\u00edte pro lidi te\u010f, ale s\u00e1z\u00edte pro vnou\u010data a\u00a0pravnou\u010data lid\u00ed, co sem dneska chod\u00ed. Za to v\u00e1s ale nikdo neocen\u00ed.<\/p>\r\n<p><strong>Jak\u00e1 je tedy bilance k\u00e1cen\u00ed versus nov\u00e1 v\u00fdsadba ve Stromovce?<\/strong><br \/>\r\nPark m\u00e1 svoji koncepci a\u00a0nem\u016f\u017eeme s\u00e1zet, kde\u00a0si kdo z\u00a0n\u00e1s zamane. Do svahu pod letohr\u00e1dkem n\u00e1m n\u011bkdo u\u017e pop\u00e1t\u00e9 na stejn\u00e9 m\u00edsto zasadil l\u00edpu. Na tom m\u00edst\u011b ale ta l\u00edpa opravdu nem\u00e1 co d\u011blat. Tak\u017ee vzkazuji, klidn\u011b to tam vys\u00e1zejte po\u0161est\u00e9, ta l\u00edpa p\u016fjde zase pry\u010d. Tady guerilla gardening skute\u010dn\u011b nefunguje. (sm\u00edch) Na v\u0161echno jsou samoz\u0159ejm\u011b komplexn\u00ed projekty, kter\u00e9 op\u011bt pro\u0161ly schvalovac\u00edm procesem v\u010detn\u011b pam\u00e1tk\u00e1\u0159\u016f\u00a0\u2013 tak\u017ee ne\u017e my kopneme do zem\u011b, trv\u00e1 to klidn\u011b 3 a\u017e 5 let. Nejv\u011bt\u0161\u00ed kus t\u00e9to pr\u00e1ce le\u017e\u00ed na magistr\u00e1tu, konkr\u00e9tn\u011b Odboru ochrany prost\u0159ed\u00ed, kter\u00fd p\u0159ipravuje celkovou koncepci parku a\u00a0zad\u00e1v\u00e1 projektov\u00e9 dokumentace a\u00a0realizace. My u\u017e jen vys\u00e1z\u00edme to, co je na pap\u00ed\u0159e.<\/p>\r\n<p><strong>To d\u011bl\u00e1te asi nejrad\u0161i, ne?<\/strong><br \/>\r\nNo tak samoz\u0159ejm\u011b, jako ka\u017ed\u00fd zahradn\u00edk. (sm\u00edch) Ale bez toho k\u00e1cen\u00ed se ned\u00e1 s\u00e1zet, m\u00edst ub\u00fdv\u00e1, ka\u017ed\u00fd strom toti\u017e pot\u0159ebuje sv\u016fj prostor, ne ka\u017ed\u00fd v\u00e1m vyroste pod korunami jin\u00fdch strom\u016f. Nav\u00edc nem\u016f\u017eeme a\u00a0ani nechceme zas\u00e1zet zdej\u0161\u00ed louky, kter\u00e9 jsou kr\u00e1sn\u00e9 ve sv\u00e9 velikosti a\u00a0umo\u017e\u0148uj\u00ed kr\u00e1sn\u00e9 pr\u016fhledy, t\u0159eba od bu\u0161t\u011bhradsk\u00e9 dr\u00e1hy a\u017e dol\u016f k\u00a0V\u00fdstavi\u0161ti.<\/p>\r\n<p><strong>Jedna v\u011bc je strom vysadit a\u00a0druh\u00e1 a\u00a0asi i\u00a0mnohem slo\u017eit\u011bj\u0161\u00ed je udr\u017eet jej na\u017eivu, obzvl\u00e1\u0161\u0165 v\u00a0posledn\u00edch letech, kdy je velk\u00e9 sucho\u2026<\/strong><br \/>\r\nTo m\u00e1te pravdu. Loni n\u00e1m hodn\u011b strom\u016f uschlo p\u0159es zimu, p\u0159itom to byly stromy, kter\u00e9 rostly 4\u20135 let, co\u017e u\u017e je v\u011bk, kdy si mysl\u00edte, \u017ee se chytl, a\u00a0radujete se. A\u00a0i\u00a0p\u0159esto\u017ee pou\u017e\u00edv\u00e1me p\u016fdn\u00ed kondicion\u00e9r a\u00a0z\u00e1livky a\u00a0cisterny se od dubna do \u0159\u00edjna nezastav\u00ed, stejn\u011b to ty stromy nedaly. Samoz\u0159ejm\u011b budeme ta m\u00edsta znovu dosazovat.<\/p>\r\n<p><strong>To u\u017e nemus\u00ed j\u00edt znovu t\u00edm povolovac\u00edm kole\u010dkem?<\/strong><br \/>\r\nNe, to ne. Letos tak budeme s\u00e1zet okolo 200 nov\u00fdch strom\u016f, v\u010detn\u011b n\u00e1hrad za uhynul\u00e9 v\u00fdsadby. \u010c\u00e1st strom\u016f by ale m\u011bla dorazit ze severn\u00ed It\u00e1lie, kde jsou nejv\u011bt\u0161\u00ed \u0161kolky, a\u00a0tak je ot\u00e1zkou, jak to s\u00a0ohledem na aktu\u00e1ln\u00ed situaci dopadne.<\/p>\r\n<p><strong>Je\u0161t\u011b k\u00a0tomu suchu, nepomohla by celoro\u010dn\u00ed z\u00e1livka?<\/strong><br \/>\r\nTo by mo\u017en\u00e1 pomohlo, ale nen\u00ed to bohu\u017eel technicky mo\u017en\u00e9. Dnes tak modern\u00ed vaky na vodu by byly brzy roze\u017eran\u00e9 od ps\u00ed mo\u010di a\u00a0pot\u0159ebovali bychom jich p\u0159es dva tis\u00edce. P\u0159es zimu nav\u00edc sta\u010d\u00ed p\u0159\u00edzemn\u00ed mraz\u00edk a\u00a0voda v\u00e1m v\u00a0tom vaku zmrzne. Stejn\u00e9 je to s\u00a0cisternou, kde v\u00e1m mr\u00e1z cel\u00fd syst\u00e9m zni\u010d\u00ed. Vodu p\u0159es zimu prost\u011b nem\u00e1me v\u00a0takov\u00e9m mno\u017estv\u00ed\u00a0k\u00a0dispozici. To je i\u00a0d\u016fvod, pro\u010d n\u00e1m p\u0159es zimu nefunguj\u00ed p\u00edtka, p\u0159\u00edvod je v\u00a0z\u00e1mrzn\u00e9 hloubce a\u00a0samoz\u0159ejm\u011b nejsou mrazuvzdorn\u00e1.<\/p>\r\n<p><strong>Jak by se lid\u00e9 m\u011bli k\u00a0mlad\u00e9mu stromu chovat?<\/strong><br \/>\r\nIde\u00e1ln\u011b si ho nev\u0161\u00edmat, d\u011blat, \u017ee tam nen\u00ed. (sm\u00edch) Sna\u017e\u00edme se d\u011blat v\u011bci tzv. blbuvzdorn\u011b. Zavedli jsme nap\u0159\u00edklad k\u016flov\u00e1n\u00ed se t\u0159emi p\u0159\u00ed\u010dkami kolem stromu, kter\u00e9 se b\u011b\u017en\u011b d\u011bl\u00e1 v\u00a0komun\u00e1ln\u00ed zeleni t\u0159eba na s\u00eddli\u0161t\u00edch. C\u00edlem je samoz\u0159ejm\u011b ochr\u00e1nit kmen mlad\u00e9ho stromu od ps\u00ed mo\u010di, ale i\u00a0v\u011bt\u0161\u00ed stabilita cel\u00e9ho k\u016flov\u00e1n\u00ed, kter\u00e9 lidi bohu\u017eel pou\u017e\u00edvaj\u00ed jako sed\u00e1tko, prol\u00e9za\u010dku pro d\u011bti \u010di stojan na kola. Stejn\u00fd c\u00edl m\u00e1 i\u00a0z\u00e1vlahov\u00e1 m\u00edsa ze \u0161t\u011bpky, kam se mo\u010d vs\u00e1kne, nebo n\u00e1t\u011br kmenu arboflexem, po kter\u00e9m ta mo\u010d ste\u010de\u00a0a\u00a0kter\u00fd z\u00e1rove\u0148 mlad\u00fd strom chr\u00e1n\u00ed proti sp\u00e1lenin\u00e1m od slunce, takzvan\u00e9 korn\u00ed sp\u00e1le.<\/p>\r\n<p><a href=\"https:\/\/www.praha7.cz\/papirky-vidim-i-na-300-metru\/1f2a3729\/\" rel=\"attachment wp-att-35250\"><img loading=\"lazy\" src=\"https:\/\/www.praha7.cz\/wp-content\/uploads\/2020\/03\/1F2A3729-666x1000.jpg\" alt=\"\" width=\"640\" height=\"961\" class=\"alignnone size-large wp-image-35250\" srcset=\"https:\/\/www.praha7.cz\/wp-content\/uploads\/2020\/03\/1F2A3729-666x1000.jpg 666w, https:\/\/www.praha7.cz\/wp-content\/uploads\/2020\/03\/1F2A3729-267x400.jpg 267w, https:\/\/www.praha7.cz\/wp-content\/uploads\/2020\/03\/1F2A3729-768x1152.jpg 768w, https:\/\/www.praha7.cz\/wp-content\/uploads\/2020\/03\/1F2A3729.jpg 893w\" sizes=\"(max-width: 640px) 100vw, 640px\" \/><\/a><\/p>\r\n<p><strong>To jsou v\u0161echno asi i\u00a0finan\u010dn\u011b n\u00e1ro\u010dn\u00e9 v\u011bci.<\/strong><br \/>\r\nV\u00edte, pen\u00edze jsou vlastn\u011b a\u017e na druh\u00e9m m\u00edst\u011b, v\u011bt\u0161\u00ed probl\u00e9m je, kdy\u017e p\u0159ijde vnive\u010d pr\u00e1ce lid\u00ed, kte\u0159\u00ed tady pracuj\u00ed. To je asi nejt\u011b\u017e\u0161\u00ed \u010d\u00e1st m\u00e9 pr\u00e1ce. Je opravdu n\u00e1ro\u010dn\u00e9 na\u0161e zam\u011bstnance namotivovat, kdy\u017e vid\u00ed, \u017ee lidi si jejich pr\u00e1ce nev\u00e1\u017e\u00ed. N\u011bkdy u\u017e ztr\u00e1c\u00edme v\u00edru.<\/p>\r\n<p><strong>Jak\u00fdch dal\u0161\u00edch ne\u0161var\u016f se n\u00e1v\u0161t\u011bvn\u00edci Stromovky dopou\u0161t\u011bj\u00ed?<\/strong><br \/>\r\nPro m\u011b jsou asi nejhor\u0161\u00ed ty otev\u0159en\u00e9 ohn\u011b. Pracuji tady dvan\u00e1ct let a\u00a0za ty roky n\u00e1v\u0161t\u011bvnost stoup\u00e1, co\u017e m\u011b samoz\u0159ejm\u011b moc t\u011b\u0161\u00ed. Je fajn, \u017ee lid\u00e9 maj\u00ed st\u00e1le chu\u0165 j\u00edt sp\u00ed\u0161 do parku ne\u017e do n\u011bjak\u00e9ho obchodn\u00edho centra. Bohu\u017eel ale mus\u00ed br\u00e1t na v\u011bdom\u00ed, \u017ee tu nejsou sami. Ve Stromovce se v\u00e1m st\u0159et\u00e1vaj\u00ed pejska\u0159i, rodiny s\u00a0d\u011btmi, b\u011b\u017eci, inlajn\u00e1\u0159i, grilovac\u00ed parti\u010dky a\u00a0v\u0161ichni cht\u011bj\u00ed to svoje. Kdy\u017e pak n\u011bjak\u00fd pes obt\u011b\u017euje t\u0159eba lidi s\u00a0grilem a\u00a0ti pak jdou mimo vyhrazen\u00e1 m\u00edsta pr\u00e1v\u011b s\u00a0argumentem, \u017ee tam nechod\u00ed psi, je to t\u011b\u017ek\u00e9\u2026<\/p>\r\n<p><strong>To je dva roky zp\u00e1tky, co tu chytl strom?<br \/>\r\n<\/strong>To se stalo v\u00a0l\u00e9t\u011b 2016, bylo to ve star\u00e9m parku, kde je zak\u00e1z\u00e1no grilovat. Ve star\u00e9m kmenu se schovali p\u0159ed de\u0161t\u011bm a\u00a0nechali tam \u017ehav\u00e9 uhl\u00edky. P\u0159itom tam m\u00e1me plechov\u00e9 odpadkov\u00e9 ko\u0161e, tak\u017ee se nic nem\u016f\u017ee st\u00e1t. V\u00edte, j\u00e1 jsem dcera tramp\u016f. Odmali\u010dka jsem jezdila do lesa a\u00a0v\u00edm, \u017ee co si do lesa p\u0159inesu, to si z\u00a0n\u011bj odnesu. \u017de nikdy nesypu \u017ehav\u00e9 uhl\u00edky k\u00a0pat\u011b stromu, a\u00a0pokud opou\u0161t\u00edm ohni\u0161t\u011b, je zalit\u00e9 a\u00a0nic nekou\u0159\u00ed\u00a0\u2013 to jsou z\u00e1kladn\u00ed v\u011bci, kter\u00e9 by lidi m\u011bli v\u011bd\u011bt z\u00a0rodiny nebo ze \u0161koly. Sta\u010d\u00ed jen p\u0159em\u00fd\u0161let. Bohu\u017eel mi p\u0159ipad\u00e1, \u017ee tato schopnost se ze spole\u010dnosti pomalu vytr\u00e1c\u00ed. V\u00edme p\u0159itom, jak vznikaj\u00ed lesn\u00ed po\u017e\u00e1ry: ho\u0159\u00ed to spodem.<\/p>\r\n<p><strong>Zvl\u00e1\u0161tn\u00ed kapitolou jsou asi odpadky\u2026<\/strong><br \/>\r\nSamoz\u0159ejm\u011b, loni jsme ke grilovac\u00edm m\u00edst\u016fm p\u0159idali dva velk\u00e9 kontejnery na sm\u011bsn\u00fd odpad p\u0159\u00edmo u\u00a0parkovi\u0161t\u011b, ale st\u00e1le se st\u00e1v\u00e1, \u017ee m\u00e1me odpadky \u00fahledn\u011b slo\u017een\u00e9 v\u00a0igelitov\u00e9m pytli op\u0159en\u00e9m o\u00a0ko\u0161. Lidem u\u017e nedojde, \u017ee se sice ko\u0161e vyv\u00e1\u017eej\u00ed v\u00a0sezon\u011b i\u00a0t\u0159ikr\u00e1t denn\u011b\u00a0\u2013\u00a0a\u00a0jsme jedin\u00fd park v\u00a0Praze, kter\u00fd tohle m\u00e1. Lidi ale odejdou t\u0159eba v\u00a0osm ve\u010der a\u00a0svoz je a\u017e r\u00e1no, b\u011bhem noci tam nab\u011bhnou straky, kter\u00e9 to komplet rozvrtaj\u00ed, pak sta\u010d\u00ed jeden pejsek nebo aby p\u00e1rkr\u00e1t fouklo a\u00a0cel\u00fd pytel m\u00e1te roztahan\u00fd na t\u0159iceti metrech \u010dtvere\u010dn\u00edch. P\u0159itom z\u00e1kladem by m\u011blo b\u00fdt ten odpad v\u016fbec nevytv\u00e1\u0159et, co\u017e je t\u00e9ma, o\u00a0kter\u00e9m se u\u017e mnoho let mluv\u00ed, ale m\u00e1lokdo to dodr\u017euje.<\/p>\r\n<p><strong>Chyst\u00e1 se pro leto\u0161ek ve Stromovce n\u011bco nov\u00e9ho?<\/strong><br \/>\r\nAno, na ja\u0159e chyst\u00e1 magistr\u00e1t pilotn\u00ed projekt nov\u00e9ho piknikov\u00e9ho m\u00edsta pro grilov\u00e1n\u00ed v\u00a0\u010d\u00e1sti parku Za drahou. Pak by se mo\u017en\u00e1 m\u011bla \u010d\u00e1ste\u010dn\u011b otev\u0159\u00edt i\u00a0\u0160lechtovka. V\u00a0jej\u00edm p\u0159edprostoru vznikne nov\u00fd ov\u00e1ln\u00fd z\u00e1hon\u00a0s\u00a0ornament\u00e1ln\u00ed v\u00fdsadbou letni\u010dek. Zalo\u017een\u00ed a\u00a0\u00fadr\u017eba ro\u010dn\u011b vyjde na skoro milion korun, chceme ale, aby to bylo reprezentativn\u00ed a\u00a0korespondovalo to s\u00a0historickou budovou. Budeme v\u00a0n\u011bm le\u017eet cel\u00e9 l\u00e9to, tak n\u00e1m dr\u017ete palce.<\/p>\r\n<p><strong>Kolik lid\u00ed vlastn\u011b ve Stromovce pracuje?<\/strong><br \/>\r\nMoment\u00e1ln\u011b je jich tu dvan\u00e1ct na pln\u00fd \u00favazek, plus dva lidi se st\u0159\u00eddaj\u00ed na h\u0159i\u0161ti Ka\u0161t\u00e1nek, kde se star\u00e1me i\u00a0o\u00a0ve\u0159ejn\u00fd z\u00e1chod. M\u00e1m tu pevn\u00e9 j\u00e1dro lid\u00ed, kte\u0159\u00ed tu pr\u00e1ci opravdu miluj\u00ed, ostatn\u00ed to bu\u010f nevydr\u017e\u00ed psychicky, pr\u00e1v\u011b kv\u016fli neust\u00e1l\u00e9 konfrontaci s\u00a0n\u00e1v\u0161t\u011bvn\u00edky, nebo fyzicky. A\u00a0lidi nejsou. Kdy\u017e pak sly\u0161\u00edte, \u017ee bychom m\u011bli p\u0159estat pou\u017e\u00edvat fukary, kter\u00e9 d\u011blaj\u00ed velk\u00fd hluk\u2026 Lidem nedojde, \u017ee fukar ud\u011bl\u00e1 mnohem v\u00edc pr\u00e1ce a\u00a0nav\u00edc naj\u00edt \u010dlov\u011bka k\u00a0hr\u00e1b\u00edm je dnes de facto nemo\u017en\u00e9. Proto p\u0159irozen\u011b hled\u00e1me technologie, kter\u00e9 n\u00e1m tu pr\u00e1ci u\u0161et\u0159\u00ed. M\u011b ten hluk taky \u0161tve a\u00a0ty kluky taky.<\/p>\r\n<p><strong>Neexistuj\u00ed u\u017e m\u00e9n\u011b hlu\u010dn\u00e9 elektrick\u00e9 varianty?<\/strong><br \/>\r\nAno, ale ty jsou na trhu jen p\u00e1r let, baterie stoj\u00ed 23 tis\u00edc, fukar stoj\u00ed 11 tis\u00edc, jeden v\u00e1s tak v\u010detn\u011b nab\u00edje\u010dky vyjde na 40 tis\u00edc korun, co\u017e je obrovsk\u00e1 investice. Nikdo v\u00e1m nav\u00edc nezaru\u010d\u00ed, jak dlouho baterie vydr\u017e\u00ed, a\u00a0pak je taky ot\u00e1zka, jak takovou baterii ekologicky zlikvidovat. Ty klasick\u00e9 motorov\u00e9 fukary zat\u00edm pou\u017e\u00edv\u00e1me pouze 8 let a\u00a0vydr\u017e\u00ed a\u017e 15 let. To je m\u00e1m te\u010f zni\u010dehonic zlikvidovat? Takhle se nechov\u00e1 dobr\u00fd hospod\u00e1\u0159. Nav\u00edc jak je vlastn\u011b ekologicky zlikvidovat? Je to zkr\u00e1tka b\u011bh na dlouhou tra\u0165. Jeden elektrick\u00fd fukar m\u00e1m zku\u0161ebn\u011b v\u00a0investic\u00edch, tak to samoz\u0159ejm\u011b vyzkou\u0161\u00edme. Ale znovu \u0159\u00edk\u00e1m, ten \u010dlov\u011bk, co z\u00a0okna \u0159ve, vypn\u011bte fukary, k\u00a0hr\u00e1b\u00edm nep\u016fjde. Vydr\u017eel by to t\u0159i dny, ka\u017ed\u00fd den by odch\u00e1zel s\u00a0botami obalen\u00fdmi ps\u00edmi exkrementy a\u00a0hodn\u011b rychle by ho p\u0159e\u0161la idylka, jak je to n\u00e1dhern\u00e1 pr\u00e1ce.<\/p>\r\n<p><strong>To ve Stromovce neplat\u00ed, co se ps\u016f t\u00fd\u010de, \u017e\u00e1dn\u00e1 regulace?<\/strong><br \/>\r\nAle samoz\u0159ejm\u011b, na ka\u017ed\u00e9 infoceduli u\u00a0hlavn\u00edch vstup\u016f do parku m\u00e1te napsan\u00e9, kde m\u016f\u017ee b\u00fdt pes na volno. Stromovka m\u00e1 jednu t\u0159etinu parku vyhrazenou pro voln\u00fd pohyb ps\u016f, co\u017e je ze v\u0161ech park\u016f v\u00a0Praze nejv\u00edce, ale nerespektuje to bohu\u017eel v\u016fbec nikdo. V\u00edte, j\u00e1 jsem objela \u0159adu evropsk\u00fdch metropol\u00ed a\u00a0v\u00a0Praze je ps\u016f opravdu nejv\u00edc. Ve Stockholmu jsem vid\u011bla jednoho psa za \u010dty\u0159i dny, tam pes nesm\u00ed ani do MHD. U\u00a0n\u00e1s je pejska\u0159sk\u00e1 lobby podle m\u011b nejv\u011bt\u0161\u00ed lobby v\u016fbec. Tak\u00e9 jsou tady vyzna\u010den\u00e9 cyklostezky, kde dle vyhl\u00e1\u0161ky mus\u00ed b\u00fdt pes na vod\u00edtku\u00a0\u2013 mysl\u00edte si, \u017ee se n\u011bjak\u00fd pejska\u0159 pod\u00edv\u00e1 na tu mapu, aby si to zjistil? Nikdy.<\/p>\r\n<p><strong>Nen\u00ed ten syst\u00e9m zbyte\u010dn\u011b slo\u017eit\u00fd?<\/strong><br \/>\r\nNen\u00ed to slo\u017eit\u00e9. Ve Stromovce prost\u011b plat\u00ed, \u017ee mimo vyzna\u010den\u00e1 m\u00edsta, kde mohou b\u00fdt psi na volno, mus\u00ed b\u00fdt na vod\u00edtku. Vyhl\u00e1\u0161ka v\u00a0podobn\u00e9m duchu plat\u00ed nap\u0159\u00edklad v\u00a0Olomouci. Tam nevid\u00edte psa na volno mimo vymezen\u00e9 plochy, proto\u017ee je tam tak t\u011b\u017ek\u00e1 represe, \u017ee to funguje. M\u016fj bratr p\u016fvodem z\u00a0Prahy byl \u00fapln\u011b vztekl\u00fd, dost\u00e1val pokuty tak dlouho, dokud se to nenau\u010dil. Tady se lidi po\u0159\u00e1d div\u00ed,\u00a0s\u00a0m\u011bstskou polici\u00ed vedou diskuze, p\u0159itom pokuta je stovka, maxim\u00e1ln\u011b dv\u011b. J\u00e1 opravdu nem\u00e1m nic proti ps\u016fm, v\u0161echno je to o\u00a0lidech. Dokud si toho neza\u010dneme v\u00e1\u017eit a\u00a0p\u0159estaneme park br\u00e1t jako samoz\u0159ejmost, tak se nic nezm\u011bn\u00ed. P\u0159itom by sta\u010dilo, kdyby lidi dodr\u017eovali pravidla.<\/p>\r\n<p><strong>Mo\u017en\u00e1 se z\u00a0na\u0161eho rozhovoru m\u016f\u017ee zd\u00e1t, \u017ee se t\u011b\u0161\u00edte, a\u017e ve\u010der v\u0161ichni n\u00e1v\u0161t\u011bvn\u00edci Stromovku opust\u00ed\u2026<\/strong><br \/>\r\n(sm\u00edch) No, m\u016fj kamar\u00e1d si ze m\u011b ob\u010das utahuje a\u00a0\u0159\u00edk\u00e1 mi, \u017ee bych byla nejrad\u0161i, kdyby byla Stromovka obehnan\u00e1 ostnat\u00fdm dr\u00e1tem a\u00a0platilo se sem vstupn\u00e9. Tak to nen\u00ed, ale byla bych r\u00e1da, aby si lidi toho parku i\u00a0na\u0161\u00ed pr\u00e1ce v\u00edc v\u00e1\u017eili. V\u00edte, od mnoha n\u00e1v\u0161t\u011bvn\u00edk\u016f sl\u00fdch\u00e1me mantru, vy ten park m\u00e1te na starosti, jste za to placen\u00ed, jde to z\u00a0na\u0161ich dan\u00ed\u2026 Ale v\u00a0tom se opravdu \u0161patn\u011b d\u011bl\u00e1. Kdyby n\u00e1m lidi pom\u00e1hali\u00a0a\u00a0my nemuseli neust\u00e1le sb\u00edrat odpadky, o\u00a0to v\u00edc \u010dasu by n\u00e1m zbylo t\u0159eba na trvalkov\u00e9 z\u00e1hony \u010di po\u0159\u00e1dnou z\u00e1livku a\u00a0dal\u0161\u00ed v\u011bci.<\/p>\r\n<p><strong>Ur\u010dit\u011b ale m\u00e1te i\u00a0n\u011bjak\u00e9 pozitivn\u00ed zku\u0161enosti s\u00a0n\u00e1v\u0161t\u011bvn\u00edky\u2026<\/strong><br \/>\r\nSamoz\u0159ejm\u011b. P\u0159ed p\u011bti lety m\u011b oslovila novin\u00e1\u0159ka Petra Posp\u011bchov\u00e1, kter\u00e1 r\u00e1da kos\u00ed, a\u00a0od t\u00e9 doby po\u0159\u00e1d\u00e1me ka\u017edoro\u010dn\u011b kosen\u00ed zdej\u0161\u00edch luk pro ve\u0159ejnost. V\u00a0r\u00e1mci rekonstrukce dna b\u00fdval\u00e9ho rybn\u00edka pak magistr\u00e1t pro tyhle \u00fa\u010dely navrhl kv\u011btnatou louku, pro kterou vznikla i\u00a0speci\u00e1ln\u00ed sm\u011bs osiva nazvan\u00e1 Stromovka. Je to opravdu pestr\u00e1 sm\u011bs asi t\u0159iceti druh\u016f kr\u00e1sn\u00fdch bylin.<\/p>\r\n<p><strong>A\u00a0co zv\u00ed\u0159ec\u00ed obyvatel\u00e9 Stromovky? T\u011bch asi tak\u00e9 nen\u00ed m\u00e1lo.<br \/>\r\n<\/strong>Tak m\u00e1me tu samoz\u0159ejm\u011b veverky, asi deset druh\u016f netop\u00fdr\u016f, ob\u010das m\u016f\u017eete potkat je\u017eka, zaj\u00edc\u016f dost ub\u00fdv\u00e1, proto\u017ee pot\u0159ebuj\u00ed klid\u00a0\u2013 kdy\u017e je vypla\u0161\u00edte, nep\u0159e\u017eij\u00ed. Pak je tu cel\u00e1 \u0159ada pt\u00e1k\u016f, jako nap\u0159\u00edklad strakapoudi, s\u00fdkorky, \u017eluny, na Mal\u00e9 \u0159\u00ed\u010dce a\u00a0u\u017e i\u00a0v\u00a0b\u00fdval\u00e9m dn\u011b rybn\u00edka m\u00e1me dokonce led\u0148\u00e1\u010dka. Pak je tu jedna nutrie, z\u00a0t\u00e9 moc nad\u0161en\u00ed nejsme, proto\u017ee tohle roztomil\u00e9 p\u0159erostl\u00e9 mor\u010de ni\u010d\u00ed b\u0159ehy a\u00a0pak doch\u00e1z\u00ed k\u00a0propad\u016fm a\u00a0m\u016f\u017ee se v\u00e1m st\u00e1t, \u017ee spadnete do vody. Jinde v\u00a0Praze je odchyt\u00e1v\u00e1me a\u00a0voz\u00edme je do na\u0161eho ekocentra ve Kbel\u00edch, kde je chov\u00e1me ve v\u00fdb\u011bhu spolu s\u00a0ovcemi, kozami apod. Tam i\u00a0po \u0161kol\u00e1ch po\u0159\u00e1d\u00e1me \u0159adu worshop\u016f a\u00a0p\u0159edn\u00e1\u0161ek, Lesy hl. m. Prahy obecn\u011b se o\u00a0ekologickou osv\u011btu sna\u017e\u00ed docela dost.<\/p>\r\n<p><strong>Jak\u00e9 to je bydlet ve Stromovce?<\/strong><br \/>\r\nNo, je to n\u00e1ro\u010dn\u00e9, vlastn\u011b jsem 24 hodin denn\u011b v\u00a0pr\u00e1ci.<\/p>\r\n<p><strong>Chod\u00edte si do parku je\u0161t\u011b v\u016fbec n\u011bkdy odpo\u010dinout?<\/strong><br \/>\r\nJdu se proj\u00edt t\u0159eba s\u00a0n\u00e1v\u0161t\u011bvou, ale to na m\u011b mus\u00ed nonstop mluvit, proto\u017ee kdy\u017e m\u00e1m \u010das se rozhl\u00eddnout, tak nevid\u00edm nic jin\u00e9ho ne\u017e pr\u016f\u0161vihy (sm\u00edch)\u00a0\u2013 tu rozbit\u00e1 l\u00e1hev, tamhle upadl\u00fd vlh\u010den\u00fd kapesn\u00ed\u010dek, zborcen\u00e1 ohr\u00e1dka. P\u011b\u0161ky proto v\u011bt\u0161inou nechod\u00edm, rad\u0161i to projedu na kole nebo v\u00a0aut\u011b, hlavn\u011b rychle. Ale m\u00e1m tak vycvi\u010den\u00fd zrak, \u017ee leskl\u00e9 pap\u00edrky vid\u00edm i\u00a0na 300 metr\u016f. (sm\u00edch) M\u00e1m taky tak trochu profesion\u00e1ln\u00ed deformaci, a\u00a0i\u00a0kdy\u017e jedu na dovolenou, tak kouk\u00e1m, jak to d\u011blaj\u00ed jinde.<\/p>\r\n<p><strong>Inspirujete se\u2026<\/strong><br \/>\r\nAno, t\u0159eba v\u00a0Dublinu jsem vid\u011bla, \u017ee star\u00e9 stromy chr\u00e1n\u00ed obestav\u011bn\u00edm z\u00e1branou z\u00a0k\u016fl\u016f a\u00a0p\u0159\u00ed\u010dek, aby lidi nedupali po ko\u0159enov\u00fdch n\u00e1b\u011bz\u00edch. Tady si to moc nedovedu p\u0159edstavit, tady to nikdo nedodr\u017e\u00ed.<\/p>\r\n<p><strong>M\u00e1te ve Stromovce sv\u00e9 obl\u00edben\u00e9 m\u00edsto?<\/strong><br \/>\r\nUr\u010dit\u011b, jsou to vy\u0159ez\u00e1van\u00e9 lavi\u010dky od pana Sedl\u00e1ka u\u00a0Mal\u00e9 \u0159\u00ed\u010dky, tam si jdu ob\u010das sednout a\u00a0kouk\u00e1m na vodu, po\u0159\u00e1d je to relativn\u011b klidn\u00e9 m\u00edsto.<\/p>\r\n<p><strong>A\u00a0co obl\u00edben\u00fd strom?<\/strong><br \/>\r\nTo je t\u011b\u017ek\u00e9, t\u011bch je hodn\u011b, moment\u00e1ln\u011b asi platan ve star\u00e9m parku, pod kter\u00fdm za\u010d\u00ednaj\u00ed kv\u00e9st sn\u011b\u017eenky, taky m\u00e1m r\u00e1da ke\u0159e\u00a0\u2013 celou zimu n\u00e1m pod\u00e9l podmokelsk\u00e9 dr\u00e1hy kvetou viburna (kaliny). Pak m\u00e1m r\u00e1da na\u0161e narcisy, kter\u00e9 letos snad nenamrznou.<\/p>\r\n<p><strong>Je Stromovka\u00a0\u2013 tedy nejv\u011bt\u0161\u00ed a\u00a0nejstar\u0161\u00ed park v\u00a0Praze\u00a0\u2013 mezi zahradn\u00edky tou nejvy\u0161\u0161\u00ed metou?<\/strong><br \/>\r\nTo netu\u0161\u00edm. (sm\u00edch)<\/p>\r\n<p><strong>Tak m\u011bla jste n\u011bkdy jin\u00fd sen?<\/strong><br \/>\r\nCht\u011bla jsem pracovat v\u00a0parku ve Vrchotov\u00fdch Janovic\u00edch, co\u017e je vlastn\u011b takov\u00e1 zmen\u0161en\u00e1 Stromovka, ale bylo mi nazna\u010deno, \u017ee by cht\u011bli chlapa. Ale Stromovka mi moje p\u0159\u00e1n\u00ed vlastn\u011b splnila. D\u011bl\u00e1m, co m\u011b bav\u00ed, a\u00a0r\u00e1da bych tu byla klidn\u011b do d\u016fchodu. (sm\u00edch)<\/p>\r\n<p><strong>Co m\u00e1te na Sedmi\u010dce r\u00e1da?<\/strong><br \/>\r\nSedmi\u010dku m\u00e1m obecn\u011b moc r\u00e1da, jsem z\u00a0pra\u017esk\u00e9ho s\u00eddli\u0161t\u011b a\u00a0p\u011bt let jsem \u017eila mimo Prahu. Nejrad\u0161i tu m\u00e1m asi kav\u00e1rny, ale nesn\u00e1\u0161\u00edm kysel\u00e9 kafe, piju jen cappuccino nebo espresso macchiato.<\/p>\r\n<p><strong>Te\u010f tu m\u00e1me obchodn\u00ed centrum Stromovka. Vad\u00ed v\u00e1m shoda t\u011bch jmen?<br \/>\r\n<\/strong>Ano, sly\u0161\u00edte \u201ejdu do Stromovky\u201c a\u00a0nev\u00edte, zda jde doty\u010dn\u00fd do K\u00e1r\u00e1ku za n\u00e1kupy, nebo do parku. Docela bych byla pro ten n\u00e1zev zm\u011bnit, opravdu to mate. Nav\u00edc na aut\u011b m\u00e1m n\u00e1pis Stromovka, a\u00a0tak jim tak vlastn\u011b necht\u011bn\u011b d\u011bl\u00e1m reklamu. (sm\u00edch)<\/p>\r\n<p><strong>A\u00a0co v\u011b\u010dn\u00e9 t\u00e9ma parkov\u00e1n\u00ed, to v\u00e1m nevad\u00ed?<\/strong><br \/>\r\nJ\u00e1 m\u00e1m slu\u017eebn\u00ed elektroauto, tak\u017ee parkovac\u00ed z\u00f3ny mi \u017e\u00edly netrhaj\u00ed, proto\u017ee m\u016f\u017eu parkovat kdekoliv a\u00a0dokonce zdarma, nabiju si ho doma na dvorku, co\u017e je v\u00fdhoda. Trochu mi posledn\u00ed dobou vad\u00ed naplaveniny, co se perou za \u010dtvr\u0165 a\u00a0roz\u010diluj\u00ed se nad v\u011bcmi, p\u0159itom v\u016fbec nev\u011bd\u00ed, jak to tu fungovalo d\u0159\u00edv, a\u00a0ten posun nevn\u00edmaj\u00ed.<\/p>\r\n<p><strong>Zlep\u0161ilo se to k\u00a0lep\u0161\u00edmu?<\/strong><br \/>\r\nUr\u010dit\u011b, cel\u00e1 \u0159ada v\u011bc\u00ed. I\u00a0kdy\u017e t\u0159eba u\u00a0aplikace typu <a href=\"http:\/\/www.zmapujto.cz\/\">ZmapujTo.cz<\/a> \u010di <a href=\"https:\/\/www.zlepsemecesko.cz\/\">Zlep\u0161eme \u010cesko<\/a> si t\u00edm moc jist\u00e1 nejsem. V\u011b\u0159\u00edm, \u017ee to v\u00a0n\u011b\u010dem m\u016f\u017ee pomoci, ale ne\u017e se ke mn\u011b ty v\u011bci dostanou, je to d\u00e1vno vy\u0159e\u0161en\u00e9. Mo\u017en\u00e1 jsem vztahova\u010dn\u00e1, ale n\u011bkdy mi to p\u0159ijde jako \u00fatok na na\u0161i pr\u00e1ci. Jednou jedinkr\u00e1t tam byla pochvala, za to, \u017ee ukl\u00edz\u00edme odpadky i\u00a0v\u00a0ned\u011bli.<\/p>\r\n<p><strong>V\u00a0\u010cesku se bohu\u017eel moc nechv\u00e1l\u00ed\u2026<\/strong><br \/>\r\nTo m\u00e1te pravdu, jedna referentka na magistr\u00e1tu v\u017edycky \u0159\u00edk\u00e1, \u017ee den, kdy j\u00ed nep\u0159ijde \u017e\u00e1dn\u00e1 st\u00ed\u017enost, bere jako pochvalu. Tohle si bohu\u017eel neum\u00edm naordinovat. St\u00ed\u017enost\u00ed je sice m\u00ed\u0148, ale chod\u00ed. Ale t\u0159eba p\u0159ed p\u00e1r dny mi p\u0159i\u0161el email od jedn\u00e9 pan\u00ed, kter\u00e1 cht\u011bla p\u0159en\u00e9st lavi\u010dku na jej\u00ed obl\u00edben\u00e9 m\u00edsto, tak takov\u00e9 prosby samoz\u0159ejm\u011b velice r\u00e1da spln\u00edm, proto\u017ee v\u00edm, \u017ee tenhle \u010dlov\u011bk si to v\u00a0tom parku opravdu chce u\u017e\u00edt a\u00a0m\u00e1 to tu r\u00e1d.\u00a0<\/p>\r\n<hr \/>\r\n<p><em>Barbora Berecov\u00e1\u00a0(1977) vystudovala st\u0159edn\u00ed zahradnickou \u0161kolu v\u00a0M\u011bln\u00edku. Pe\u010dovala o\u00a0reprezentativn\u00ed zahradu u\u00a0\u010cern\u00ednsk\u00e9ho pal\u00e1ce. Pracovala i\u00a0v\u00a0zahradnick\u00e9 \u0161kolce, realizovala \u0159adu zahrad a\u00a0zele\u0148 na ve\u0159ejn\u00fdch prostranstv\u00edch nap\u0159\u00edklad na \u010cern\u00e9m Most\u011b \u010di Rajsk\u00e9 Zahrad\u011b v\u00a0Praze. Pro Lesy hl. m. Prahy pracuje ve Stromovce od roku 2008, od roku 2013 \u00fadr\u017eb\u011b Kr\u00e1lovsk\u00e9 obory \u0161\u00e9fuje.<\/em><\/p>","protected":false},"excerpt":{"rendered":"[perex] Bydl\u00ed v\u00a0mal\u00e9m dome\u010dku p\u0159\u00edmo v\u00a0parku, kde zn\u00e1 ka\u017ed\u00e9 z\u00e1kout\u00ed. Kdy\u017e mluv\u00ed o\u00a0stromech, z\u00e1sadn\u011b pou\u017e\u00edv\u00e1 latinsk\u00e9 n\u00e1zvy a\u00a0jako ka\u017ed\u00e1 spr\u00e1vn\u00e1 zahradnice je nejrad\u0161i s\u00e1z\u00ed. Ve Stromovce, kde B\u00e1ra Berecov\u00e1 pracuje u\u017e dvan\u00e1ct\u00fdm rokem, je pom\u00e1hala vysazovat prim\u00e1tor\u016fm B\u00e9movi, Krn\u00e1\u010dov\u00e9 i\u00a0H\u0159ibovi. Miluje ko\u010dky, vad\u00ed j\u00ed bezohledn\u00ed pejska\u0159i a\u00a0v\u0161ichni n\u00e1v\u0161t\u011bvn\u00edci, kte\u0159\u00ed nerespektuj\u00ed pravidla. [\/perex] Moment\u00e1ln\u011b je cel\u00fd [&hellip;]","protected":false},"author":76,"featured_media":35249,"comment_status":"closed","ping_status":"open","sticky":false,"template":"","format":"standard","meta":[],"categories":[37],"tags":[],"_links":{"self":[{"href":"https:\/\/www.praha7.cz\/api\/wp\/v2\/posts\/35248"}],"collection":[{"href":"https:\/\/www.praha7.cz\/api\/wp\/v2\/posts"}],"about":[{"href":"https:\/\/www.praha7.cz\/api\/wp\/v2\/types\/post"}],"author":[{"embeddable":true,"href":"https:\/\/www.praha7.cz\/api\/wp\/v2\/users\/76"}],"replies":[{"embeddable":true,"href":"https:\/\/www.praha7.cz\/api\/wp\/v2\/comments?post=35248"}],"version-history":[{"count":4,"href":"https:\/\/www.praha7.cz\/api\/wp\/v2\/posts\/35248\/revisions"}],"predecessor-version":[{"id":36356,"href":"https:\/\/www.praha7.cz\/api\/wp\/v2\/posts\/35248\/revisions\/36356"}],"wp:featuredmedia":[{"embeddable":true,"href":"https:\/\/www.praha7.cz\/api\/wp\/v2\/media\/35249"}],"wp:attachment":[{"href":"https:\/\/www.praha7.cz\/api\/wp\/v2\/media?parent=35248"}],"wp:term":[{"taxonomy":"category","embeddable":true,"href":"https:\/\/www.praha7.cz\/api\/wp\/v2\/categories?post=35248"},{"taxonomy":"post_tag","embeddable":true,"href":"https:\/\/www.praha7.cz\/api\/wp\/v2\/tags?post=35248"}],"curies":[{"name":"wp","href":"https:\/\/api.w.org\/{rel}","templated":true}]}}