    
{"id":35245,"date":"2020-03-25T10:33:33","date_gmt":"2020-03-25T09:33:33","guid":{"rendered":"https:\/\/www.praha7.cz\/?p=35245"},"modified":"2020-03-25T10:33:33","modified_gmt":"2020-03-25T09:33:33","slug":"kolobezky-bych-zrusil","status":"publish","type":"post","link":"https:\/\/www.praha7.cz\/kolobezky-bych-zrusil\/","title":{"rendered":"Kolob\u011b\u017eky bych zru\u0161il"},"content":{"rendered":"<p>Za norm\u00e1ln\u00ed situace by r\u00e1no odvedl d\u011bti do \u0161koly a\u00a0pak vyrazil na kolo. V\u00a0posledn\u00edch dnech ale na internetu zkoum\u00e1 mo\u017enosti st\u00e1tn\u00ed podpory. \u201eStejn\u011b jako mnoho jin\u00fdch podnik\u016f m\u00e1me zav\u0159eno, ale nezah\u00e1l\u00edme\u00a0\u2013 dokon\u010dujeme resty z\u00a0minula, d\u011bl\u00e1me inventuru, \u00faklid nebo vypl\u0148ujeme formul\u00e1\u0159e od vl\u00e1dy,\u201c popisuje aktu\u00e1ln\u00ed situaci podnikatel Martin V\u00edtek, kter\u00fd p\u0159ed \u0161estn\u00e1cti lety za\u010dal s\u00a0prodejem sportovn\u00edho vybaven\u00ed ve sklep\u011b hole\u0161ovick\u00e9ho \u010din\u017e\u00e1ku a\u00a0dnes provozuje obchod v\u00a0ulici Na Manin\u00e1ch. A\u017e se provoz obchod\u016f obnov\u00ed, najdete u\u00a0n\u011bj vybaven\u00ed na b\u011b\u017eky, b\u011bh\u00e1n\u00ed i\u00a0cyklistiku. \u201eNen\u00ed d\u016fvod b\u00fdt na\u0161tvan\u00fd, n\u011bco se ud\u011blat mus\u00ed. Ot\u00e1zkou ale je, jak dlouho to cel\u00e9 potrv\u00e1,\u201c komentuje opat\u0159en\u00ed \u017eivnostn\u00edk, kter\u00fd nejrad\u0161i mluv\u00ed o\u00a0sportu a\u00a0j\u00edzdu na kole ve m\u011bst\u011b pova\u017euje za hodn\u011b specifickou. \u201eD\u00edky cyklostezk\u00e1m se to zlep\u0161uje, ale v\u00a0l\u00e9t\u011b zase kolem trojsk\u00e9ho kan\u00e1lu a\u00a0zoo nen\u00ed k\u00a0hnut\u00ed. Paradoxn\u011b tam m\u016f\u017ee b\u00fdt m\u00e9n\u011b bezpe\u010dno ne\u017e na silnici. \u010clov\u011bk mus\u00ed b\u00fdt hodn\u011b pozorn\u00fd.\u201c<\/p>\r\n<p>Coby ambasador projektu Bezpe\u010dn\u011b na kole se pravideln\u011b \u00fa\u010dastn\u00ed akc\u00ed a\u00a0besed pro \u0161koly. \u201eUpozor\u0148ujeme d\u011bti na nutnost nosit helmu, ale kdy\u017e jim ji rodi\u010de nekoup\u00ed, je to cel\u00e9 \u0161patn\u011b. Stejn\u011b jako lid\u00e9, kte\u0159\u00ed se bez helmy proh\u00e1n\u011bj\u00ed Prahou na elektrick\u00fdch kolob\u011b\u017ek\u00e1ch a\u00a0nez\u0159\u00eddka ohro\u017euj\u00ed chodce. Tuto slu\u017ebu bych zru\u0161il,\u201c lamentuje V\u00edtek. Nejlep\u0161\u00ed helma je podle n\u011bj ta, kter\u00e1 na hlav\u011b dob\u0159e sed\u00ed a\u00a0je certifikovan\u00e1. Pak u\u017e je pr\u00fd celkem jedno, jakou si koup\u00edte, hlavn\u011b kdy\u017e ji pou\u017e\u00edv\u00e1te. U\u00a0v\u011bt\u0161iny sportovn\u00edho vybaven\u00ed ale v\u00edcem\u00e9n\u011b plat\u00ed, \u017ee co je dra\u017e\u0161\u00ed, je lep\u0161\u00ed a\u00a0m\u00e1 p\u0159idanou hodnotu. \u201eV\u00fdkonnostn\u00ed z\u00e1vodn\u00edci \u0159e\u0161\u00ed i\u00a0mal\u00e9 detaily, jako jsou karbonov\u00e9 komponenty na kole \u010di aerodynamick\u00fd posed,\u201c\u00a0vysv\u011btluje V\u00edtek, kter\u00fd v\u00e1m ale r\u00e1d porad\u00ed i\u00a0se star\u00fdm kolem ze sklepa.<\/p>\r\n<p>S\u00e1m se na kole po m\u011bst\u011b moc nepohybuje, do sv\u00e9ho obchodu to m\u00e1 z\u00a0domova toti\u017e jen p\u00e1r krok\u016f. Nejrad\u0161i vyr\u00e1\u017e\u00ed na del\u0161\u00ed trasy\u00a0\u2013 p\u0159es Stromovku do Roztok a\u00a0je\u0161t\u011b d\u00e1l. \u201eSedmi\u010dka je dobr\u00e1 lokalita, \u010dlov\u011bk je rychle venku z\u00a0m\u011bsta,\u201c pochvaluje si. Sportu se ostatn\u011b v\u011bnuje odmali\u010dka. Jeho otec tr\u00e9noval plaveck\u00fd odd\u00edl, a\u00a0tak s\u00a0bratrem za\u010dali s\u00a0plav\u00e1n\u00edm. Pozd\u011bji se zap\u00e1lil pro triatlon, kter\u00fd na nejvy\u0161\u0161\u00ed \u00farovni provozoval dvan\u00e1ct let. Kv\u016fli \u00farazu musel ale vrcholov\u00fd sport opustit. \u201e\u010clov\u011bku takov\u00e1 situace otev\u0159e zase jin\u00e9 mo\u017enosti. Sport jsem nezavrhl, a\u00a0proto jsem si otev\u0159el obchod. Za ty roky, co jsem se sportu intenzivn\u011b v\u011bnoval, jsem byl u\u017e p\u0159irozen\u011b unaven\u00fd, ale ne\u0159\u00edk\u00e1m, \u017ee m\u011b to nemrzelo.\u201c Ve voln\u00e9m \u010dase nevynech\u00e1 ani sportovn\u00ed p\u0159enosy. \u201eU\u00a0televize je chytr\u00fd ka\u017ed\u00fd. Kdy\u017e vid\u00edte n\u011bkoho pod\u00e1vat maxim\u00e1ln\u00ed v\u00fdkon a\u00a0s\u00e1m jste to za\u017eil, dok\u00e1\u017eete se do toho \u010dlov\u011bka vc\u00edtit a\u00a0ta emoce m\u016f\u017ee b\u00fdt dost siln\u00e1,\u201c dod\u00e1v\u00e1 se sm\u00edchem b\u00fdval\u00fd sportovec, kter\u00fd u\u017e n\u011bkolik let p\u0159isp\u00edv\u00e1 Hole\u0161ovick\u00e9mu plesu dary do tomboly. \u201eNejsem plesov\u00fd typ, ale r\u00e1d to podpo\u0159\u00edm.\u201c<\/p>\r\n<p>&nbsp;<\/p>","protected":false},"excerpt":{"rendered":"Za norm\u00e1ln\u00ed situace by r\u00e1no odvedl d\u011bti do \u0161koly a\u00a0pak vyrazil na kolo. V\u00a0posledn\u00edch dnech ale na internetu zkoum\u00e1 mo\u017enosti st\u00e1tn\u00ed podpory. \u201eStejn\u011b jako mnoho jin\u00fdch podnik\u016f m\u00e1me zav\u0159eno, ale nezah\u00e1l\u00edme\u00a0\u2013 dokon\u010dujeme resty z\u00a0minula, d\u011bl\u00e1me inventuru, \u00faklid nebo vypl\u0148ujeme formul\u00e1\u0159e od vl\u00e1dy,\u201c popisuje aktu\u00e1ln\u00ed situaci podnikatel Martin V\u00edtek, kter\u00fd p\u0159ed \u0161estn\u00e1cti lety za\u010dal s\u00a0prodejem sportovn\u00edho [&hellip;]","protected":false},"author":76,"featured_media":35246,"comment_status":"closed","ping_status":"open","sticky":false,"template":"","format":"standard","meta":[],"categories":[37],"tags":[],"_links":{"self":[{"href":"https:\/\/www.praha7.cz\/api\/wp\/v2\/posts\/35245"}],"collection":[{"href":"https:\/\/www.praha7.cz\/api\/wp\/v2\/posts"}],"about":[{"href":"https:\/\/www.praha7.cz\/api\/wp\/v2\/types\/post"}],"author":[{"embeddable":true,"href":"https:\/\/www.praha7.cz\/api\/wp\/v2\/users\/76"}],"replies":[{"embeddable":true,"href":"https:\/\/www.praha7.cz\/api\/wp\/v2\/comments?post=35245"}],"version-history":[{"count":1,"href":"https:\/\/www.praha7.cz\/api\/wp\/v2\/posts\/35245\/revisions"}],"predecessor-version":[{"id":35247,"href":"https:\/\/www.praha7.cz\/api\/wp\/v2\/posts\/35245\/revisions\/35247"}],"wp:featuredmedia":[{"embeddable":true,"href":"https:\/\/www.praha7.cz\/api\/wp\/v2\/media\/35246"}],"wp:attachment":[{"href":"https:\/\/www.praha7.cz\/api\/wp\/v2\/media?parent=35245"}],"wp:term":[{"taxonomy":"category","embeddable":true,"href":"https:\/\/www.praha7.cz\/api\/wp\/v2\/categories?post=35245"},{"taxonomy":"post_tag","embeddable":true,"href":"https:\/\/www.praha7.cz\/api\/wp\/v2\/tags?post=35245"}],"curies":[{"name":"wp","href":"https:\/\/api.w.org\/{rel}","templated":true}]}}