    
{"id":33747,"date":"2020-02-19T09:52:12","date_gmt":"2020-02-19T08:52:12","guid":{"rendered":"https:\/\/www.praha7.cz\/?p=33747"},"modified":"2021-05-26T10:23:53","modified_gmt":"2021-05-26T08:23:53","slug":"pozvanka-na-1-radne-zasedani-zastupitelstva-mc-praha-7-2","status":"publish","type":"post","link":"https:\/\/www.praha7.cz\/pozvanka-na-1-radne-zasedani-zastupitelstva-mc-praha-7-2\/","title":{"rendered":"Pozv\u00e1nka na 1.&nbsp;\u0159\u00e1dn\u00e9 zased\u00e1n\u00ed Zastupitelstva M\u010c Praha&nbsp;7"},"content":{"rendered":"<p>[perex]<\/p>\r\n<p style=\"text-align: justify;\">1.&nbsp;\u0159\u00e1dn\u00e9 zased\u00e1n\u00ed Zastupitelstva M\u010c Praha&nbsp;7 se kon\u00e1 v&nbsp;pond\u011bl\u00ed dne 2.&nbsp;b\u0159ezna 2020 od 17:00 hodin ve velk\u00e9m zasedac\u00edm s\u00e1lu v&nbsp;1.PP budovy \u00da\u0159adu M\u010c Praha&nbsp;7, U&nbsp;Pr\u016fhonu 1338\/38, Praha&nbsp;7. Online p\u0159enos naleznete <a href=\"https:\/\/www.youtube.com\/watch?v=Ow7SGs2MzPY&amp;feature=youtu.be\">zde<\/a>.<\/p>\r\n<p style=\"text-align: justify;\">Materi\u00e1ly ke sta\u017een\u00ed jsou k&nbsp;dispozici pod eviden\u010dn\u00edmi \u010d\u00edsly u&nbsp;n\u00e1zv\u016f jednotliv\u00fdch bod\u016f.\u00a0<\/p>\r\n<p>[\/perex]<\/p>\r\n<p><strong>Program 1.&nbsp;\u0159\u00e1dn\u00e9ho zased\u00e1n\u00ed Zastupitelstva M\u010c Praha&nbsp;7<\/strong><\/p>\r\n<ul>\r\n\t<li>Pravideln\u00fd bod programu za\u0159azen\u00fd za bod \u010d. 2 \u2013 Dotazy a&nbsp;p\u0159ipom\u00ednky ob\u010dan\u016f 1<\/li>\r\n\t<li>Pravideln\u00fd bod programu za\u0159azen\u00fd pevn\u011b na 18 hodinu \u2013 Dotazy a&nbsp;p\u0159ipom\u00ednky ob\u010dan\u016f\u00a02<\/li>\r\n<\/ul>\r\n<p style=\"text-align: justify;\"><strong>1.\u00a0 <\/strong>Zah\u00e1jen\u00ed &#8211; schv\u00e1len\u00ed programu<\/p>\r\n<p style=\"text-align: justify;\"><strong>2.<\/strong>\u00a0 Volba n\u00e1vrhov\u00e9ho v\u00fdboru<\/p>\r\n<p style=\"text-align: justify;\"><strong>3.\u00a0 <\/strong>N\u00c1VRH intern\u00ed sm\u011brnice &#8222;Pravidla pro poskytov\u00e1n\u00ed cestovn\u00edch n\u00e1hrad a&nbsp;v\u00fddaj\u016f p\u0159i pracovn\u00edch cest\u00e1ch mimo hl. m. Prahu a&nbsp;pracovn\u00edch cest\u00e1ch v&nbsp;zahrani\u010d\u00ed&#8220; s&nbsp;\u00fa\u010dinnost\u00ed od 02.&nbsp;03.&nbsp;2020 &#8211; <a href=\"https:\/\/www.praha7.cz\/wp-content\/uploads\/2020\/02\/1497.zip\">\u010d. 1497<\/a><\/p>\r\n<p style=\"text-align: justify;\"><strong>4.<\/strong>\u00a0 N\u00c1VRH na bez\u00faplatn\u00fd p\u0159evod hmotn\u00e9ho majetku M\u010c Praha&nbsp;7 do majetku p\u0159\u00edsp\u011bvkov\u00fdch organizac\u00ed FZ\u0160 Pedf UK a&nbsp;M\u0160 U&nbsp;Stud\u00e1nky Um\u011bleck\u00e1 8, Z\u0160 Tusarova 21, Z\u0160 Strossmayerovo n\u00e1m. 4, Z\u0160 TGM Ortenovo n\u00e1m. 34, M\u0160 Nad \u0160tolou 6 a&nbsp;Janovsk\u00e9ho 52, Pe\u010dovatelsk\u00e9ho Centra, Polikliniky Prahy&nbsp;7 a&nbsp;Z\u0160 Korunova\u010dn\u00ed, v\u0161e v&nbsp;Praze 7 na z\u00e1klad\u011b n\u00e1vrhu Likvida\u010dn\u00ed komise Rady M\u010c Praha&nbsp;7 &#8211; <a href=\"https:\/\/www.praha7.cz\/wp-content\/uploads\/2020\/02\/1507-1.zip\">\u010d. 1507<\/a><\/p>\r\n<p style=\"text-align: justify;\"><strong>5.<\/strong>\u00a0 N\u00c1VRH na projedn\u00e1n\u00ed petice ob\u010dan\u016f ve v\u011bci nesouhlasu s&nbsp;rozhodnut\u00edm z\u0159izovatele \u0161koly o&nbsp;neprodlou\u017een\u00ed funk\u010dn\u00edho obdob\u00ed st\u00e1vaj\u00edc\u00ed \u0159editelky Z\u0160 Fr. Plam\u00ednkov\u00e9 pan\u00ed Mgr. Jarmily Mace\u010dkov\u00e9, nesouhlasu s&nbsp;vyhl\u00e1\u0161en\u00edm konkursu na post nov\u00e9ho \u0159editele Z\u0160 Fr. Plam\u00ednkov\u00e9 a&nbsp;\u017e\u00e1dosti o&nbsp;prodlou\u017een\u00ed dal\u0161\u00edho funk\u010dn\u00edho obdob\u00ed st\u00e1vaj\u00edc\u00ed \u0159editelky &#8211; <a href=\"https:\/\/www.praha7.cz\/wp-content\/uploads\/2020\/02\/1495.zip\">\u010d. 1495<\/a><\/p>\r\n<p style=\"text-align: justify;\"><strong>6.<\/strong>\u00a0 N\u00c1VRH na poskytnut\u00ed programov\u00fdch dotac\u00ed v&nbsp;r\u00e1mci dota\u010dn\u00edho \u0159\u00edzen\u00ed M\u010c Praha&nbsp;7 v&nbsp;oblastech bezpe\u010dnost a&nbsp;protidrogov\u00e1 prevence, kultura, soci\u00e1ln\u00ed a&nbsp;zdravotn\u00ed, sport, \u0161kolstv\u00ed, \u017eivotn\u00ed prost\u0159ed\u00ed a&nbsp;p\u00e9\u010de o&nbsp;ve\u0159ejn\u00fd prostor pro rok 2020 &#8211; <a href=\"http:\/\/file.praha7.cz\/odbory\/kst\/1493.zip\">\u010d. 1493<\/a><\/p>\r\n<p style=\"text-align: justify;\"><strong>7.\u00a0 <\/strong>N\u00c1VRH na volbu tajemnice V\u00fdboru pro vzd\u011bl\u00e1v\u00e1n\u00ed, soci\u00e1ln\u00ed politiku a&nbsp;zdravotnictv\u00ed Zastupitelstva M\u010c Praha&nbsp;7 pro volebn\u00ed obdob\u00ed 2018 \u2013 2022 &#8211; <a href=\"https:\/\/www.praha7.cz\/wp-content\/uploads\/2020\/02\/1376.zip\">\u010d. 1376<\/a><\/p>\r\n<p style=\"text-align: justify;\"><strong>8.\u00a0 <\/strong>N\u00c1VRH rozpo\u010dtov\u00e9ho opat\u0159en\u00ed m\u011bs\u00edce\u00a0b\u0159ezna 2020 (RO 21\/2020) v&nbsp;celkov\u00e9m objemu 829,4 tis. K\u010d (rozpo\u010dtov\u011b) &#8211; \u00faprava rozpo\u010dtu M\u010c Praha&nbsp;7 v&nbsp;souvislosti s&nbsp;tvorbou Humanitn\u00edho fondu v&nbsp;r\u00e1mci UR 2020. &#8211; <a href=\"https:\/\/www.praha7.cz\/wp-content\/uploads\/2020\/02\/1503.zip\">\u010d. 1503<\/a><\/p>\r\n<p style=\"text-align: justify;\"><strong>9.<\/strong>\u00a0 N\u00c1VRH na z\u0159\u00edzen\u00ed \u00faplatn\u00e9ho v\u011bcn\u00e9ho pr\u00e1va \u2013 b\u0159emene \u2013 pozemkov\u00e9 slu\u017eebnosti, na dobu neur\u010ditou, na \u010d\u00e1sti pozemku parc. \u010d. 2185\/3 (zele\u0148 a&nbsp;\u010d\u00e1st chodn\u00edku kolem kostela sv. Anton\u00edna Padu\u00e1nsk\u00e9ho), v&nbsp;k.\u00fa. Hole\u0161ovice spole\u010dnostem Dial Telecom a.s., I\u010cO: 28175492 a&nbsp;Pe3ny Net s.r.o., I\u010cO: 27252183, v&nbsp;souvislosti s&nbsp;pl\u00e1novan\u00fdm ulo\u017een\u00edm jejich podzemn\u00edho veden\u00ed s\u00edt\u011b elektronick\u00fdch komunikac\u00ed &#8211; <a href=\"https:\/\/www.praha7.cz\/wp-content\/uploads\/2020\/02\/1472.zip\">\u010d. 1472<\/a><\/p>\r\n<p style=\"text-align: justify;\"><strong>10.<\/strong> N\u00c1VRH na z\u0159\u00edzen\u00ed \u00faplatn\u00e9ho v\u011bcn\u00e9ho pr\u00e1va \u2013 b\u0159emene \u2013 pozemkov\u00e9 slu\u017eebnosti, na dobu neur\u010ditou, na \u010d\u00e1sti pozemku parc. \u010d. 2185\/3 (zele\u0148 a&nbsp;\u010d\u00e1st chodn\u00edku kolem kostela sv. Anton\u00edna Padu\u00e1nsk\u00e9ho), v&nbsp;k.\u00fa. Hole\u0161ovice, spole\u010dnosti Vodafone Czech Republic a.s., I\u010cO 25788001, v&nbsp;souvislosti s&nbsp;pl\u00e1novan\u00fdm ulo\u017een\u00edm jejich podzemn\u00edho veden\u00ed s\u00edt\u011b elektronick\u00fdch komunikac\u00ed &#8211; <a href=\"https:\/\/www.praha7.cz\/wp-content\/uploads\/2020\/02\/1491.zip\">\u010d. 1491<\/a><\/p>\r\n<p style=\"text-align: justify;\"><strong>11.<\/strong> \u00a0N\u00c1VRH Koncepce bytov\u00e9 politiky m\u011bstsk\u00e9 \u010d\u00e1sti Praha&nbsp;7 &#8211; <a href=\"https:\/\/www.praha7.cz\/wp-content\/uploads\/2020\/02\/1509.zip\">\u010d. 1509<\/a><\/p>\r\n<p style=\"text-align: justify;\"><strong>12.<\/strong> Stanovisko M\u010c Prahy&nbsp;7 k&nbsp;n\u00e1vrhu na po\u0159\u00edzen\u00ed zm\u011bny \u00daP S\u00da hl. m. Prahy zkr\u00e1cen\u00fdm postupem podan\u00fd navrhovatelem Mamapraha s.r.o. prost\u0159ednictv\u00edm M\u011bstsk\u00e9 \u010d\u00e1sti pro pozemek p\u0159i ulici U&nbsp;Pr\u016fhonu \u010d. parc. 880\/2 k. \u00fa. Hole\u0161ovice &#8211; <a href=\"https:\/\/www.praha7.cz\/wp-content\/uploads\/2020\/02\/1500.zip\">\u010d. 1500<\/a><\/p>\r\n<p style=\"text-align: justify;\"><strong>13.<\/strong> N\u00c1VRH na poskytnut\u00ed individu\u00e1ln\u00edch dotac\u00ed v&nbsp;oblasti kultury dle \u017e\u00e1dost\u00ed podan\u00fdch v&nbsp;m\u011bs\u00edc\u00edch leden-\u00fanor 2020 &#8211; <a href=\"https:\/\/www.praha7.cz\/wp-content\/uploads\/2020\/02\/1498.zip\">\u010d. 1498<\/a><\/p>\r\n<p style=\"text-align: justify;\"><strong>14.<\/strong> INFORMACE o&nbsp;\u010dinnosti Rady M\u010c Praha&nbsp;7 a&nbsp;pln\u011bn\u00ed \u00fakol\u016f ulo\u017een\u00fdch Rad\u011b M\u010c Praha&nbsp;7 Zastupitelstvem\u00a0 M\u010c Praha&nbsp;7 v\u00a0obdob\u00ed mezi 9.&nbsp;zased\u00e1n\u00edm Zastupitelstva M\u010c Praha&nbsp;7 v\u00a0roce 2019 a&nbsp;1.&nbsp;zased\u00e1n\u00edm Zastupitelstva M\u010c Praha&nbsp;7 v\u00a0roce 2020 &#8211; <a href=\"https:\/\/www.praha7.cz\/wp-content\/uploads\/2020\/02\/1496.zip\">\u010d. 1496<\/a><\/p>\r\n<p style=\"text-align: justify;\"><strong>15.<\/strong> N\u00c1VRH R\u00e1mcov\u00e9ho pl\u00e1nu \u010dinnosti Kontroln\u00edho v\u00fdboru Zastupitelstva M\u010c Praha&nbsp;7 na rok 2020 &#8211; <a href=\"https:\/\/www.praha7.cz\/wp-content\/uploads\/2020\/02\/1505.zip\">\u010d. 1505<\/a><\/p>\r\n<p style=\"text-align: justify;\"><strong>16.<\/strong> INFORMACE o&nbsp;\u010dinnosti Kontroln\u00edho v\u00fdboru Zastupitelstva M\u010c Praha&nbsp;7 v\u00a0obdob\u00ed mezi 9.&nbsp;zased\u00e1n\u00edm Zastupitelstva M\u010c Praha&nbsp;7 v\u00a0roce 2019 a&nbsp;1.&nbsp;zased\u00e1n\u00edm Zastupitelstva M\u010c Praha&nbsp;7 v\u00a0roce 2020 &#8211; <a href=\"https:\/\/www.praha7.cz\/wp-content\/uploads\/2020\/02\/1504.zip\">\u010d. 1504<\/a><\/p>\r\n<p style=\"text-align: justify;\"><strong>17.<\/strong>\u00a0 N\u00c1VRH\u00a0R\u00e1mcov\u00e9ho pl\u00e1nu \u010dinnosti Finan\u010dn\u00edho v\u00fdboru Zastupitelstva M\u010c Praha&nbsp;7 na rok 2020 &#8211; <a href=\"https:\/\/www.praha7.cz\/wp-content\/uploads\/2020\/02\/1502.zip\">\u010d. 1502<\/a><a href=\"https:\/\/www.praha7.cz\/wp-content\/uploads\/2020\/02\/1501.zip\"><\/a><\/p>\r\n<p style=\"text-align: justify;\"><strong>18.<\/strong> INFORMACE o&nbsp;\u010dinnosti Finan\u010dn\u00edho v\u00fdboru Zastupitelstva M\u010c Praha&nbsp;7 v\u00a0obdob\u00ed mezi 9.&nbsp;zased\u00e1n\u00edm Zastupitelstva M\u010c Praha&nbsp;7 v\u00a0roce 2019 a&nbsp;1.&nbsp;zased\u00e1n\u00edm Zastupitelstva M\u010c Praha&nbsp;7 v\u00a0roce 2020 &#8211; <a href=\"https:\/\/www.praha7.cz\/wp-content\/uploads\/2020\/02\/1501.zip\">\u010d. 1501<\/a><\/p>\r\n<p style=\"text-align: justify;\"><strong>19.<\/strong> INFORMACE o&nbsp;\u010dinnosti V\u00fdboru pro\u00a0vzd\u011bl\u00e1v\u00e1n\u00ed, soci\u00e1ln\u00ed politiku a&nbsp;zdravotnictv\u00ed Zastupitelstva M\u010c Praha&nbsp;7 v\u00a0obdob\u00ed mezi v\u00a0obdob\u00ed mezi 9.&nbsp;zased\u00e1n\u00edm Zastupitelstva M\u010c Praha&nbsp;7 v\u00a0roce 2019 a&nbsp;1.&nbsp;zased\u00e1n\u00edm Zastupitelstva M\u010c Praha&nbsp;7 v\u00a0roce 2020 &#8211; <a href=\"https:\/\/www.praha7.cz\/wp-content\/uploads\/2020\/02\/1506.zip\">\u010d. 1506<\/a><\/p>\r\n<p style=\"text-align: justify;\"><strong>20.<\/strong> Dopisy, adresovan\u00e9 Z\u00a0M\u010c P7 &#8211; <a href=\"https:\/\/www.praha7.cz\/wp-content\/uploads\/2020\/02\/1508.zip\">\u010d. 1508<\/a><\/p>\r\n<p style=\"text-align: justify;\"><strong>21.<\/strong> R\u016fzn\u00e9<\/p>\r\n<p style=\"text-align: justify;\"><strong>22.<\/strong> Z\u00e1v\u011br\u00a0\u00a0\u00a0\u00a0\u00a0\u00a0\u00a0\u00a0\u00a0\u00a0\u00a0\u00a0\u00a0\u00a0\u00a0\u00a0<\/p>\r\n<p>&nbsp;<\/p>\r\n<p>Mgr. Jan \u010ci\u017einsk\u00fd<br \/>\r\nstarosta m\u011bstsk\u00e9 \u010d\u00e1sti Praha&nbsp;7\u00a0\u00a0\u00a0\u00a0\u00a0<\/p>\r\n<p>&nbsp;<\/p>\r\n<p><a href=\"http:\/\/file.praha7.cz\/odbory\/kst\/1_2020.zip\">Materi\u00e1ly k&nbsp;1.\u00a0\u0159\u00e1dn\u00e9mu zased\u00e1n\u00ed Z\u00a0M\u010c Praha\u00a07<\/a><\/p>","protected":false},"excerpt":{"rendered":"[perex] 1.&nbsp;\u0159\u00e1dn\u00e9 zased\u00e1n\u00ed Zastupitelstva M\u010c Praha&nbsp;7 se kon\u00e1 v&nbsp;pond\u011bl\u00ed dne 2.&nbsp;b\u0159ezna 2020 od 17:00 hodin ve velk\u00e9m zasedac\u00edm s\u00e1lu v&nbsp;1.PP budovy \u00da\u0159adu M\u010c Praha&nbsp;7, U&nbsp;Pr\u016fhonu 1338\/38, Praha&nbsp;7. Online p\u0159enos naleznete zde. Materi\u00e1ly ke sta\u017een\u00ed jsou k&nbsp;dispozici pod eviden\u010dn\u00edmi \u010d\u00edsly u&nbsp;n\u00e1zv\u016f jednotliv\u00fdch bod\u016f.\u00a0 [\/perex] Program 1.&nbsp;\u0159\u00e1dn\u00e9ho zased\u00e1n\u00ed Zastupitelstva M\u010c Praha&nbsp;7 Pravideln\u00fd bod programu za\u0159azen\u00fd za bod [&hellip;]","protected":false},"author":14,"featured_media":33780,"comment_status":"closed","ping_status":"open","sticky":false,"template":"","format":"standard","meta":[],"categories":[34],"tags":[],"_links":{"self":[{"href":"https:\/\/www.praha7.cz\/api\/wp\/v2\/posts\/33747"}],"collection":[{"href":"https:\/\/www.praha7.cz\/api\/wp\/v2\/posts"}],"about":[{"href":"https:\/\/www.praha7.cz\/api\/wp\/v2\/types\/post"}],"author":[{"embeddable":true,"href":"https:\/\/www.praha7.cz\/api\/wp\/v2\/users\/14"}],"replies":[{"embeddable":true,"href":"https:\/\/www.praha7.cz\/api\/wp\/v2\/comments?post=33747"}],"version-history":[{"count":15,"href":"https:\/\/www.praha7.cz\/api\/wp\/v2\/posts\/33747\/revisions"}],"predecessor-version":[{"id":34080,"href":"https:\/\/www.praha7.cz\/api\/wp\/v2\/posts\/33747\/revisions\/34080"}],"wp:featuredmedia":[{"embeddable":true,"href":"https:\/\/www.praha7.cz\/api\/wp\/v2\/media\/33780"}],"wp:attachment":[{"href":"https:\/\/www.praha7.cz\/api\/wp\/v2\/media?parent=33747"}],"wp:term":[{"taxonomy":"category","embeddable":true,"href":"https:\/\/www.praha7.cz\/api\/wp\/v2\/categories?post=33747"},{"taxonomy":"post_tag","embeddable":true,"href":"https:\/\/www.praha7.cz\/api\/wp\/v2\/tags?post=33747"}],"curies":[{"name":"wp","href":"https:\/\/api.w.org\/{rel}","templated":true}]}}