    
{"id":33555,"date":"2020-02-11T16:58:02","date_gmt":"2020-02-11T15:58:02","guid":{"rendered":"https:\/\/www.praha7.cz\/?p=33555"},"modified":"2020-03-10T14:05:46","modified_gmt":"2020-03-10T13:05:46","slug":"hledate-zajimavou-praci-ve-sprave-majetku-7","status":"publish","type":"post","link":"https:\/\/www.praha7.cz\/hledate-zajimavou-praci-ve-sprave-majetku-7\/","title":{"rendered":"Hled\u00e1te zaj\u00edmavou pr\u00e1ci ve spr\u00e1v\u011b majetku?"},"content":{"rendered":"<p>[perex]<\/p>\r\n<p>\u00da\u0159ad Prahy&nbsp;7 sh\u00e1n\u00ed do sv\u00e9ho t\u00fdmu kolegyni\/kolegu na pozici referent\/ka odd\u011blen\u00ed pron\u00e1jm\u016f v\u00a0Odboru majetku. Zaj\u00edm\u00e1 v\u00e1s p\u00e9\u010de o&nbsp;byty a&nbsp;nebytov\u00e9 prostory m\u011bstsk\u00e9 \u010d\u00e1sti? Cht\u011bli byste zaji\u0161\u0165ovat agendu spojenou s\u00a0jejich pron\u00e1jmy? M\u00e1te z\u00e1jem pracovat v\u00a0dynamicky se rozv\u00edjej\u00edc\u00ed m\u011bstsk\u00e9 \u010d\u00e1sti pro \u00fa\u0159ad s\u00a0tak trochu jin\u00fdm p\u0159\u00edstupem? Nev\u00e1hejte a&nbsp;p\u0159ihlaste se do na\u0161eho popt\u00e1vkov\u00e9ho \u0159\u00edzen\u00ed.<\/p>\r\n<p>[\/perex]<\/p>\r\n<h3>Co u&nbsp;n\u00e1s budete d\u011blat?<\/h3>\r\n<p>Hlavn\u00ed n\u00e1pln\u00ed va\u0161\u00ed pr\u00e1ce bude agenda spojen\u00e1 s&nbsp;evidenc\u00ed st\u00e1vaj\u00edc\u00edch n\u00e1jemn\u00edch smluv a&nbsp;uzav\u00edr\u00e1n\u00edm nov\u00fdch n\u00e1jemn\u00edch smluv. Povedete p\u0159ehled voln\u00fdch byt\u016f a&nbsp;nebytov\u00fdch prostor, budete zaji\u0161\u0165ovat politiku podporovan\u00e9ho bydlen\u00ed a&nbsp;organizovat v\u00fdb\u011brov\u00e1 \u0159\u00edzen\u00ed na pron\u00e1jem nebytov\u00fdch prostor. Budete vy\u0159izovat \u017e\u00e1dosti ob\u010dan\u016f a&nbsp;zpracov\u00e1v\u00e1 materi\u00e1ly a&nbsp;podklady pro jedn\u00e1n\u00ed p\u0159\u00edslu\u0161n\u00fdch komis\u00ed, v\u00fdbor\u016f, Rady a&nbsp;Zastupitelstva.<\/p>\r\n<p>&nbsp;<\/p>\r\n<h3>Co od v\u00e1s o\u010dek\u00e1v\u00e1me?<\/h3>\r\n<p>&#8211; vy\u0161\u0161\u00ed odborn\u00e9 vzd\u011bl\u00e1n\u00ed nebo st\u0159edn\u00ed vzd\u011bl\u00e1n\u00ed s&nbsp;maturitn\u00ed zkou\u0161kou<\/p>\r\n<p>&#8211; alespo\u0148 minim\u00e1ln\u00ed praxi v&nbsp;oblasti administrativy<\/p>\r\n<p>&#8211; up\u0159ednost\u0148ujeme znalost a&nbsp;praxi v&nbsp;n\u00e1jemn\u00edm pr\u00e1vu dle z\u00e1k. \u010d. 89\/2012 Sb. a&nbsp;navazuj\u00edc\u00edch pr\u00e1vn\u00edch p\u0159edpis\u016f<\/p>\r\n<p>&#8211; znalost z\u00e1kona \u010d. 131\/2000 Sb. v\u00fdhodou<\/p>\r\n<p>&#8211; odolnost proti stresu<\/p>\r\n<p>&#8211; schopnost pracovat s&nbsp;v\u011bt\u0161\u00edm objemem dat a&nbsp;agendy<\/p>\r\n<p>&#8211; samostatnost a&nbsp;vlastn\u00ed iniciativa<\/p>\r\n<p>&#8211; samostatn\u00e9 a&nbsp;bezprobl\u00e9mov\u00e9 ovl\u00e1d\u00e1n\u00ed PC na kancel\u00e1\u0159sk\u00e9 \u00farovni<\/p>\r\n<p>&#8211; aktivn\u00ed komunikace a&nbsp;v\u00fdborn\u00fd p\u00edsemn\u00fd projev<\/p>\r\n<p>&#8211; vhodn\u00e9 pro absolventy<\/p>\r\n<p>&#8211; ve v\u00fdjime\u010dn\u00fdch p\u0159\u00edpadech se mohou hl\u00e1sit uchaze\u010di i&nbsp;z&nbsp;jin\u00fdch obor\u016f<\/p>\r\n<p>&nbsp;<\/p>\r\n<h3>Co v\u00e1m nab\u00edz\u00edme?<\/h3>\r\n<p>Pracovn\u00ed pom\u011br na dobu neur\u010ditou. N\u00e1stupn\u00ed plat v&nbsp;9.&nbsp;platov\u00e9 t\u0159\u00edd\u011b a\u017e do v\u00fd\u0161e 28\u00a0920&nbsp;K\u010d podle d\u00e9lky odborn\u00e9 praxe. Po zku\u0161ebn\u00ed dob\u011b osobn\u00ed p\u0159\u00edplatek a\u017e do v\u00fd\u0161e 50&nbsp;% 12.&nbsp;stupn\u011b p\u0159\u00edslu\u0161n\u00e9 platov\u00e9 t\u0159\u00eddy.<\/p>\r\n<table width=\"1109\" height=\"217\" style=\"color: black !important; font-weight: normal !important;\">\r\n<tbody>\r\n<tr>\r\n<td style=\"height: 0px; text-align: center;\"><\/td>\r\n<td style=\"height: 0px; text-align: center;\"><\/td>\r\n<td style=\"height: 0px; text-align: center;\"><\/td>\r\n<\/tr>\r\n<tr>\r\n<td style=\"width: 361px; text-align: center;\">\r\n<p><img loading=\"lazy\" src=\"https:\/\/www.praha7.cz\/wp-content\/uploads\/2018\/11\/rust.jpg\" alt=\"\" width=\"99\" height=\"96\" class=\"alignnone size-full wp-image-21382\" \/><\/p>\r\n<span style=\"font-weight: normal !important; color: black !important;\">Platov\u00e9 ohodnocen\u00ed, kter\u00e9 roste spolu s&nbsp;v\u00e1mi.<\/span><\/td>\r\n<td style=\"width: 363px; text-align: center;\">\r\n<p><img loading=\"lazy\" src=\"https:\/\/www.praha7.cz\/wp-content\/uploads\/2018\/11\/benefit.jpg\" alt=\"\" width=\"99\" height=\"96\" class=\"alignnone size-full wp-image-21381\" \/><\/p>\r\n<span style=\"font-weight: normal !important; color: black !important;\">\u0160irokou \u0161k\u00e1lu benefit\u016f, kter\u00e9 p\u0159ich\u00e1zej\u00ed ve spr\u00e1vn\u00fd \u010das.<\/span><\/td>\r\n<td style=\"width: 363px; text-align: center;\">\r\n<p><img loading=\"lazy\" src=\"https:\/\/www.praha7.cz\/wp-content\/uploads\/2018\/11\/dovolena.jpg\" alt=\"\" width=\"99\" height=\"96\" class=\"alignnone size-full wp-image-21383\" \/><\/p>\r\n<span style=\"font-weight: normal !important; color: black !important;\">5 t\u00fddn\u016f dovolen\u00e9, na kterou\u00a0 nebudete cht\u00edt odjet.<\/span><\/td>\r\n<\/tr>\r\n<tr>\r\n<td style=\"width: 361px; text-align: center;\">\r\n<p><img loading=\"lazy\" src=\"https:\/\/www.praha7.cz\/wp-content\/uploads\/2018\/11\/vzdelavani.jpg\" alt=\"\" width=\"142\" height=\"96\" class=\"alignnone size-full wp-image-21384\" \/><\/p>\r\n<span style=\"font-weight: normal !important; color: black !important;\">Mo\u017enost dal\u0161\u00edho vzd\u011bl\u00e1van\u00ed, abyste se ve sv\u011bt\u011b neztratili.<\/span><\/td>\r\n<td style=\"width: 363px; text-align: center;\">\r\n<p><img loading=\"lazy\" src=\"https:\/\/www.praha7.cz\/wp-content\/uploads\/2018\/11\/inspirace.jpg\" alt=\"\" width=\"99\" height=\"96\" class=\"alignnone size-full wp-image-21385\" \/><\/p>\r\n<span style=\"font-weight: normal !important; color: black !important;\">Pr\u00e1ci v&nbsp;inspirativn\u00edm kolektivu, kde se p\u0159ed n\u00e1pady nezav\u00edraj\u00ed o\u010di.<\/span><\/td>\r\n<td style=\"width: 363px; text-align: center;\">\r\n<p><img loading=\"lazy\" src=\"https:\/\/www.praha7.cz\/wp-content\/uploads\/2018\/11\/perspektiva.jpg\" alt=\"\" width=\"99\" height=\"96\" class=\"alignnone size-full wp-image-21386\" \/><\/p>\r\n<span style=\"font-weight: normal !important; color: black !important;\">Perspektivn\u00ed zam\u011bstn\u00e1n\u00ed, kde pom\u00e1h\u00e1te m\u011bnit sv\u011bt kolem sebe.<\/span><\/td>\r\n<\/tr>\r\n<\/tbody>\r\n<\/table>\r\n<p>&nbsp;<\/p>\r\n<h3>Jak se k\u00a0n\u00e1m dostanete?<\/h3>\r\n<p>P\u0159ihl\u00e1\u0161ku a&nbsp;souhlas se zpracov\u00e1n\u00edm osobn\u00edch \u00fadaj\u016f (naleznete ve <a href=\"https:\/\/www.praha7.cz\/radnice\/povinne-zverejnovane-informace\/formulare\/\">Formul\u00e1\u0159\u00edch Odboru person\u00e1ln\u00edch \u010dinnost\u00ed<\/a>) v\u010detn\u011b strukturovan\u00e9ho \u017eivotopisu je mo\u017en\u00e9 osobn\u011b doru\u010dit v&nbsp;\u00fa\u0159edn\u00edch hodin\u00e1ch do podatelny \u00da\u0159adu M\u010c Praha&nbsp;7 nebo zaslat na n\u00ed\u017ee uvedenou adresu, p\u0159\u00edpadn\u011b zaslat i&nbsp;e-mailem na <a href=\"mailto:pouzarovae@praha7.cz\">pouzarovae@praha7.cz<\/a> <span style=\"color: #ff0000;\"><strong>nejpozd\u011bji do 24.&nbsp;3.&nbsp;2020<\/strong><\/span>.<\/p>\r\n<p>&nbsp;<\/p>\r\n<p><strong>Vznik pracovn\u00edho pom\u011bru dohodou.<\/strong><\/p>\r\n<p>&nbsp;<\/p>\r\n<p><em>M\u011bstsk\u00e1 \u010d\u00e1st Praha&nbsp;7<\/em><\/p>\r\n<p><em>\u00da\u0159ad m\u011bstsk\u00e9 \u010d\u00e1sti Praha&nbsp;7<\/em><\/p>\r\n<p><em>Odbor person\u00e1ln\u00edch \u010dinnost\u00ed<\/em><\/p>\r\n<p><em>n\u00e1b\u0159. Kpt. Jaro\u0161e 1000<\/em><\/p>\r\n<p><em>170&nbsp;00 Praha&nbsp;7<\/em><\/p>\r\n<p>&nbsp;<\/p>\r\n<p>Ve\u0161ker\u00e9 pot\u0159ebn\u00e9 informace pro p\u0159ihl\u00e1\u0161en\u00ed do popt\u00e1vkov\u00e9ho \u0159\u00edzen\u00ed naleznete <a href=\"https:\/\/www.praha7.cz\/wp-content\/uploads\/2020\/02\/OMA-referent-odd.-pron\u00e1jm\u016f-II.pdf\">zde<\/a>.<\/p>","protected":false},"excerpt":{"rendered":"[perex] \u00da\u0159ad Prahy&nbsp;7 sh\u00e1n\u00ed do sv\u00e9ho t\u00fdmu kolegyni\/kolegu na pozici referent\/ka odd\u011blen\u00ed pron\u00e1jm\u016f v\u00a0Odboru majetku. Zaj\u00edm\u00e1 v\u00e1s p\u00e9\u010de o&nbsp;byty a&nbsp;nebytov\u00e9 prostory m\u011bstsk\u00e9 \u010d\u00e1sti? Cht\u011bli byste zaji\u0161\u0165ovat agendu spojenou s\u00a0jejich pron\u00e1jmy? M\u00e1te z\u00e1jem pracovat v\u00a0dynamicky se rozv\u00edjej\u00edc\u00ed m\u011bstsk\u00e9 \u010d\u00e1sti pro \u00fa\u0159ad s\u00a0tak trochu jin\u00fdm p\u0159\u00edstupem? Nev\u00e1hejte a&nbsp;p\u0159ihlaste se do na\u0161eho popt\u00e1vkov\u00e9ho \u0159\u00edzen\u00ed. [\/perex] Co u&nbsp;n\u00e1s budete [&hellip;]","protected":false},"author":5,"featured_media":27251,"comment_status":"closed","ping_status":"open","sticky":false,"template":"","format":"standard","meta":[],"categories":[34],"tags":[],"_links":{"self":[{"href":"https:\/\/www.praha7.cz\/api\/wp\/v2\/posts\/33555"}],"collection":[{"href":"https:\/\/www.praha7.cz\/api\/wp\/v2\/posts"}],"about":[{"href":"https:\/\/www.praha7.cz\/api\/wp\/v2\/types\/post"}],"author":[{"embeddable":true,"href":"https:\/\/www.praha7.cz\/api\/wp\/v2\/users\/5"}],"replies":[{"embeddable":true,"href":"https:\/\/www.praha7.cz\/api\/wp\/v2\/comments?post=33555"}],"version-history":[{"count":5,"href":"https:\/\/www.praha7.cz\/api\/wp\/v2\/posts\/33555\/revisions"}],"predecessor-version":[{"id":34485,"href":"https:\/\/www.praha7.cz\/api\/wp\/v2\/posts\/33555\/revisions\/34485"}],"wp:featuredmedia":[{"embeddable":true,"href":"https:\/\/www.praha7.cz\/api\/wp\/v2\/media\/27251"}],"wp:attachment":[{"href":"https:\/\/www.praha7.cz\/api\/wp\/v2\/media?parent=33555"}],"wp:term":[{"taxonomy":"category","embeddable":true,"href":"https:\/\/www.praha7.cz\/api\/wp\/v2\/categories?post=33555"},{"taxonomy":"post_tag","embeddable":true,"href":"https:\/\/www.praha7.cz\/api\/wp\/v2\/tags?post=33555"}],"curies":[{"name":"wp","href":"https:\/\/api.w.org\/{rel}","templated":true}]}}