    
{"id":33435,"date":"2020-02-06T08:41:23","date_gmt":"2020-02-06T07:41:23","guid":{"rendered":"https:\/\/www.praha7.cz\/?p=33435"},"modified":"2020-02-06T08:41:23","modified_gmt":"2020-02-06T07:41:23","slug":"vyhlaseni-konkursni-rizeni-na-obsazeni-mista-reditele-ky-prispevkove-organizace-materska-skola-karasek-praha-12","status":"publish","type":"post","link":"https:\/\/www.praha7.cz\/vyhlaseni-konkursni-rizeni-na-obsazeni-mista-reditele-ky-prispevkove-organizace-materska-skola-karasek-praha-12\/","title":{"rendered":"Vyhl\u00e1\u0161en\u00ed konkursn\u00ed \u0159\u00edzen\u00ed na obsazen\u00ed m\u00edsta \u0159editele\/ky p\u0159\u00edsp\u011bvkov\u00e9 organizace Mate\u0159sk\u00e1 \u0161kola Kar\u00e1sek, Praha 12"},"content":{"rendered":"<p>[perex]<\/p>\r\n<p>V\u00edce informac\u00ed <a href=\"https:\/\/www.praha7.cz\/wp-content\/uploads\/2020\/02\/Vyhl\u00e1\u0161en\u00ed-konkursu-M\u0160.pdf\">zde<\/a>.\u00a0<\/p>\r\n<p>[\/perex]<\/p>","protected":false},"excerpt":{"rendered":"[perex] V\u00edce informac\u00ed zde.\u00a0 [\/perex]","protected":false},"author":76,"featured_media":30845,"comment_status":"closed","ping_status":"open","sticky":false,"template":"","format":"standard","meta":[],"categories":[1],"tags":[],"_links":{"self":[{"href":"https:\/\/www.praha7.cz\/api\/wp\/v2\/posts\/33435"}],"collection":[{"href":"https:\/\/www.praha7.cz\/api\/wp\/v2\/posts"}],"about":[{"href":"https:\/\/www.praha7.cz\/api\/wp\/v2\/types\/post"}],"author":[{"embeddable":true,"href":"https:\/\/www.praha7.cz\/api\/wp\/v2\/users\/76"}],"replies":[{"embeddable":true,"href":"https:\/\/www.praha7.cz\/api\/wp\/v2\/comments?post=33435"}],"version-history":[{"count":2,"href":"https:\/\/www.praha7.cz\/api\/wp\/v2\/posts\/33435\/revisions"}],"predecessor-version":[{"id":33438,"href":"https:\/\/www.praha7.cz\/api\/wp\/v2\/posts\/33435\/revisions\/33438"}],"wp:featuredmedia":[{"embeddable":true,"href":"https:\/\/www.praha7.cz\/api\/wp\/v2\/media\/30845"}],"wp:attachment":[{"href":"https:\/\/www.praha7.cz\/api\/wp\/v2\/media?parent=33435"}],"wp:term":[{"taxonomy":"category","embeddable":true,"href":"https:\/\/www.praha7.cz\/api\/wp\/v2\/categories?post=33435"},{"taxonomy":"post_tag","embeddable":true,"href":"https:\/\/www.praha7.cz\/api\/wp\/v2\/tags?post=33435"}],"curies":[{"name":"wp","href":"https:\/\/api.w.org\/{rel}","templated":true}]}}