    
{"id":33304,"date":"2020-01-30T15:29:47","date_gmt":"2020-01-30T14:29:47","guid":{"rendered":"https:\/\/www.praha7.cz\/?p=33304"},"modified":"2020-01-30T15:29:47","modified_gmt":"2020-01-30T14:29:47","slug":"divadelni-festival-mala-inventura-na-sedmicce","status":"publish","type":"post","link":"https:\/\/www.praha7.cz\/divadelni-festival-mala-inventura-na-sedmicce\/","title":{"rendered":"Divadeln\u00ed festival Mal\u00e1 inventura na Sedmi\u010dce"},"content":{"rendered":"<p>[perex]<br \/>\r\nV\u00a0\u00fanoru se m\u016f\u017eete t\u011b\u0161it na nejv\u011bt\u0161\u00ed pra\u017esk\u00fd sv\u00e1tek nov\u00e9ho divadla. Divadeln\u00ed festival Mal\u00e1 inventura startuje 20.&nbsp;\u00fanora a&nbsp;potrv\u00e1 do konce m\u011bs\u00edce. Desetidenn\u00ed p\u0159ehl\u00eddka nab\u00eddne nejv\u00fdrazn\u011bj\u0161\u00ed projekty nov\u00e9ho divadla, kter\u00e9 vznikly na nez\u00e1visl\u00e9 divadeln\u00ed sc\u00e9n\u011b v&nbsp;Praze v&nbsp;p\u0159edchoz\u00edm roce. Festival je sou\u010dasn\u011b centrem \u017eiv\u00e9ho networkingu divadeln\u00edch organizac\u00ed a&nbsp;profesion\u00e1l\u016f, um\u011bleck\u00fdch skupin, performer\u016f i&nbsp;\u0161ir\u0161\u00ed odborn\u00e9 ve\u0159ejnosti. Zde p\u0159in\u00e1\u0161\u00edme p\u0159ehled akc\u00ed na Sedmi\u010dce.\u00a0<\/p>\r\n<p>[\/perex]<\/p>\r\n<p>V\u00edce informac\u00ed o&nbsp;festivalu, programu a&nbsp;vstupenk\u00e1ch najdete na <a href=\"http:\/\/www.malainventura.cz\/2020\/\" target=\"_blank\" rel=\"noopener\">malainventura.cz<\/a>\u00a0a FB Ud\u00e1losti\u00a0<a href=\"https:\/\/www.facebook.com\/events\/590041628444966\/\" target=\"_blank\" rel=\"noopener\">Mal\u00e1 inventura 2020<\/a>.<\/p>\r\n<h3>Program:<\/h3>\r\n<p><strong>P\u00c1TEK 21.&nbsp;\u00fanora<\/strong><\/p>\r\n<p>15.00 Nejmen\u0161\u00ed ze S\u00e1m\u016f \/ Cross Attic<\/p>\r\n<p>18.00 Walrus Vampire Show \/ Alfred ve dvo\u0159e*<\/p>\r\n<p>18.00 Puzzle \/ Studio Hrdin\u016f<\/p>\r\n<p>20.00 Med\u00faza \/ Studio ALTA*<\/p>\r\n<p><strong>SOBOTA 22.&nbsp;\u00fanora<\/strong><\/p>\r\n<p>11.00 Sbal ho! \/ Studio ALTA<\/p>\r\n<p>15.00, 16.00 Nejmen\u0161\u00ed ze S\u00e1m\u016f \/ Cross Attic<\/p>\r\n<p>16.00 Nejmen\u0161\u00ed ze S\u00e1m\u016f \/ Cross Attic<\/p>\r\n<p>18.00 Kvint et Sense \/ Studio ALTA*<\/p>\r\n<p>18.00 Pass It On \/ Alfred ve dvo\u0159e*<\/p>\r\n<p>20.00 Tumor. Karcinogenn\u00ed romance \/ Studio ALTA<\/p>\r\n<p>20.00 Johannes Hoffmann. Hals zu kurz \/ Studio Hrdin\u016f<\/p>\r\n<p>21.30 Festivalov\u00fd ve\u010d\u00edrek \/ Studio Hrdin\u016f*<\/p>\r\n<p><strong>NED\u011aLE 23.&nbsp;\u00fanora<\/strong><\/p>\r\n<p>13.00 Meet Pralin \/ Studio ALTA*<\/p>\r\n<p>14.00 Ascent \/ Descent \/ Cross Attic*<\/p>\r\n<p>18.00 Pan Pros \/ DOX<\/p>\r\n<p><strong>POND\u011aL\u00cd 24.&nbsp;\u00fanora<\/strong><\/p>\r\n<p>10.00 a&nbsp;15.00 Kde budeme bydlet\u00a0\/ Alfred ve dvo\u0159e<\/p>\r\n<p>18.00 \u010ctvrt\u00e1 opice \/ Alfred ve dvo\u0159e*<\/p>\r\n<p>18.00 Pan Pros \/ DOX<\/p>\r\n<p>18.00 Bo\u017eena \/ La Fabrika*<\/p>\r\n<p>20.00 Zd\u00e1n\u00ed klame \/ Studio Hrdin\u016f<\/p>\r\n<p><strong>\u00daTER\u00dd 25.&nbsp;\u00fanora<\/strong><\/p>\r\n<p>10.00 Kde budeme bydlet\u00a0\/ Alfred ve dvo\u0159e<\/p>\r\n<p>10.30 a&nbsp;15.30 Herna. TH\u00c9-A-T\u00c9R \/ Veletr\u017en\u00ed pal\u00e1c \u2013 Korzo*<\/p>\r\n<p>14.00 Pap\u00edrrrr \/ Veletr\u017en\u00ed pal\u00e1c \u2013 Korzo*<\/p>\r\n<p>20.00 \u010ctvrt\u00e1 opice \/ Alfred ve dvo\u0159e*<\/p>\r\n<p>20.00 Molyneuxova ot\u00e1zka \/ Studio Hrdin\u016f<\/p>\r\n<p><strong>ST\u0158EDA 26.&nbsp;\u00fanora<\/strong><\/p>\r\n<p>14.00 Pap\u00edrrrr \/ Veletr\u017en\u00ed pal\u00e1c \u2013 Korzo*<\/p>\r\n<p>10.30 a&nbsp;15.30 Herna. TH\u00c9-A-T\u00c9R \/ Veletr\u017en\u00ed pal\u00e1c \u2013 Korzo*<\/p>\r\n<p>16.00 Reality Hack \/ Kav\u00e1rna U&nbsp;Hrdin\u016f*<\/p>\r\n<p>18.00 \u010ctvrt\u00e1 opice \/ Alfred ve dvo\u0159e*<\/p>\r\n<p>18.00 Roselyne \/ Studio ALTA*<\/p>\r\n<p>18.30 P\u0159edn\u00e1\u0161ka \u2013 Jon Arne Mogstad \/ Veletr\u017en\u00ed pal\u00e1c \u2013 Korzo*<\/p>\r\n<p><strong>\u010cTVRTEK 27.&nbsp;\u00fanora<\/strong><\/p>\r\n<p>13.00\u201317.00 Prefaby \/ Veletr\u017en\u00ed pal\u00e1c \u2013 Korzo* v\u017edy v&nbsp;celou hodinu<\/p>\r\n<p>16.00 \u017deny z&nbsp;hl\u00edny \/ Studio ALTA<\/p>\r\n<p>18.00 Jacek stav\u00ed d\u016fm \/ Autobuf na ostrov\u011b \u0160tvanice<\/p>\r\n<p>20.00 Objektivn\u011b je pot\u0159eba hrabat p\u00edsek \/ Cross Attic*<\/p>\r\n<p>20.00 Faunus \/ Veletr\u017en\u00ed pal\u00e1c \u2013 Korzo*<\/p>\r\n<p><strong>P\u00c1TEK 28.&nbsp;\u00fanora<\/strong><\/p>\r\n<p>15.00 Objektivn\u011b je pot\u0159eba hrabat p\u00edsek \/ Cross Attic*<\/p>\r\n<p>16.00,17.00 a&nbsp;18.00 Prefaby \/ Veletr\u017en\u00ed pal\u00e1c \u2013 Korzo*<\/p>\r\n<p>16.00,17.00 a&nbsp;18.00 L\u017ei\u010dka pod nos \/ Veletr\u017en\u00ed pal\u00e1c \u2013 Korzo*<\/p>\r\n<p>18.00 Boxinbox \/ Studio ALTA*<\/p>\r\n<p>20.00 Objektivn\u011b je pot\u0159eba hrabat p\u00edsek \/ Cross Attic*<\/p>\r\n<p>20.00 Iluzionista \/ Alfred ve dvo\u0159e<\/p>\r\n<p><strong>SOBOTA 29.&nbsp;\u00fanora<\/strong><\/p>\r\n<p>14.00, 15.00, 17.00 a&nbsp;18.00 L\u017ei\u010dka pod nos \/ Veletr\u017en\u00ed pal\u00e1c \u2013 Korzo*<\/p>\r\n<p>18.00 Iluzionista \/ Alfred ve dvo\u0159e<\/p>\r\n<p>20.00 Jacek stav\u00ed d\u016fm \/ Autobuf na ostrov\u011b \u0160tvanice<\/p>\r\n<p>Zm\u011bna programu vyhrazena.<br \/>\r\n* akce bez jazykov\u00e9 bari\u00e9ry \/ no language barrier<\/p>\r\n<p><img loading=\"lazy\" src=\"https:\/\/www.praha7.cz\/wp-content\/uploads\/2020\/01\/foto-43-Mary\u0161a-Depresivn\u00ed-d\u011bti-tou\u017e\u00ed-po-pen\u011bz\u00edch.jpg\" alt=\"\" width=\"2048\" height=\"1365\" class=\"alignnone wp-image-33306 size-full\" srcset=\"https:\/\/www.praha7.cz\/wp-content\/uploads\/2020\/01\/foto-43-Mary\u0161a-Depresivn\u00ed-d\u011bti-tou\u017e\u00ed-po-pen\u011bz\u00edch.jpg 2048w, https:\/\/www.praha7.cz\/wp-content\/uploads\/2020\/01\/foto-43-Mary\u0161a-Depresivn\u00ed-d\u011bti-tou\u017e\u00ed-po-pen\u011bz\u00edch-600x400.jpg 600w, https:\/\/www.praha7.cz\/wp-content\/uploads\/2020\/01\/foto-43-Mary\u0161a-Depresivn\u00ed-d\u011bti-tou\u017e\u00ed-po-pen\u011bz\u00edch-768x512.jpg 768w, https:\/\/www.praha7.cz\/wp-content\/uploads\/2020\/01\/foto-43-Mary\u0161a-Depresivn\u00ed-d\u011bti-tou\u017e\u00ed-po-pen\u011bz\u00edch-1500x1000.jpg 1500w\" sizes=\"(max-width: 2048px) 100vw, 2048px\" \/><\/p>\r\n<p><em>Depresivn\u00ed d\u011bti tou\u017e\u00ed po pen\u011bz\u00edch &#8211;\u00a0Mary\u0161a<\/em><\/p>\r\n<p>&nbsp;<\/p>","protected":false},"excerpt":{"rendered":"[perex] V\u00a0\u00fanoru se m\u016f\u017eete t\u011b\u0161it na nejv\u011bt\u0161\u00ed pra\u017esk\u00fd sv\u00e1tek nov\u00e9ho divadla. Divadeln\u00ed festival Mal\u00e1 inventura startuje 20.&nbsp;\u00fanora a&nbsp;potrv\u00e1 do konce m\u011bs\u00edce. Desetidenn\u00ed p\u0159ehl\u00eddka nab\u00eddne nejv\u00fdrazn\u011bj\u0161\u00ed projekty nov\u00e9ho divadla, kter\u00e9 vznikly na nez\u00e1visl\u00e9 divadeln\u00ed sc\u00e9n\u011b v&nbsp;Praze v&nbsp;p\u0159edchoz\u00edm roce. Festival je sou\u010dasn\u011b centrem \u017eiv\u00e9ho networkingu divadeln\u00edch organizac\u00ed a&nbsp;profesion\u00e1l\u016f, um\u011bleck\u00fdch skupin, performer\u016f i&nbsp;\u0161ir\u0161\u00ed odborn\u00e9 ve\u0159ejnosti. Zde p\u0159in\u00e1\u0161\u00edme p\u0159ehled [&hellip;]","protected":false},"author":97,"featured_media":33305,"comment_status":"closed","ping_status":"open","sticky":false,"template":"","format":"standard","meta":[],"categories":[34],"tags":[],"_links":{"self":[{"href":"https:\/\/www.praha7.cz\/api\/wp\/v2\/posts\/33304"}],"collection":[{"href":"https:\/\/www.praha7.cz\/api\/wp\/v2\/posts"}],"about":[{"href":"https:\/\/www.praha7.cz\/api\/wp\/v2\/types\/post"}],"author":[{"embeddable":true,"href":"https:\/\/www.praha7.cz\/api\/wp\/v2\/users\/97"}],"replies":[{"embeddable":true,"href":"https:\/\/www.praha7.cz\/api\/wp\/v2\/comments?post=33304"}],"version-history":[{"count":3,"href":"https:\/\/www.praha7.cz\/api\/wp\/v2\/posts\/33304\/revisions"}],"predecessor-version":[{"id":33309,"href":"https:\/\/www.praha7.cz\/api\/wp\/v2\/posts\/33304\/revisions\/33309"}],"wp:featuredmedia":[{"embeddable":true,"href":"https:\/\/www.praha7.cz\/api\/wp\/v2\/media\/33305"}],"wp:attachment":[{"href":"https:\/\/www.praha7.cz\/api\/wp\/v2\/media?parent=33304"}],"wp:term":[{"taxonomy":"category","embeddable":true,"href":"https:\/\/www.praha7.cz\/api\/wp\/v2\/categories?post=33304"},{"taxonomy":"post_tag","embeddable":true,"href":"https:\/\/www.praha7.cz\/api\/wp\/v2\/tags?post=33304"}],"curies":[{"name":"wp","href":"https:\/\/api.w.org\/{rel}","templated":true}]}}