    
{"id":33217,"date":"2020-01-29T13:38:23","date_gmt":"2020-01-29T12:38:23","guid":{"rendered":"https:\/\/www.praha7.cz\/?p=33217"},"modified":"2020-01-29T16:11:37","modified_gmt":"2020-01-29T15:11:37","slug":"unorove-mame-otevreno","status":"publish","type":"post","link":"https:\/\/www.praha7.cz\/unorove-mame-otevreno\/","title":{"rendered":"\u00danorov\u00e9 M\u00e1me otev\u0159eno"},"content":{"rendered":"<p>[perex]<\/p>\r\n<p>Tradi\u010dn\u00ed komunitn\u00ed festival M\u00e1me otev\u0159eno nab\u00edz\u00ed ve st\u0159edu 5.&nbsp;\u00fanora n\u00e1v\u0161t\u011bvu hned\u00a0n\u011bkolik kulturn\u00edch m\u00edst pln\u00fdch kreativity a\u00a0um\u011bn\u00ed a\u00a0setk\u00e1n\u00ed s\u00a0lidmi, kte\u0159\u00ed na Sedmi\u010dce tvo\u0159\u00ed \u00fa\u017easn\u00e9 v\u011bci. Za\u017eijte\u00a0pra\u017esk\u00fd Art District 7 zbl\u00edzka.\u00a0<\/p>\r\n<p>[\/perex]<\/p>\r\n<h3>10.00 &#8211; 11.00 \/\/ V\u011bda v&nbsp;plenk\u00e1ch &#8211; Tajemstv\u00ed genomu \/\/ BIO | OKO<\/h3>\r\n<p>V\u011bda v&nbsp;plenk\u00e1ch je s\u00e9rie popul\u00e1rn\u011b nau\u010dn\u00fdch p\u0159edn\u00e1\u0161ek nejen pro rodi\u010de na mate\u0159sk\u00e9 \u010di rodi\u010dovsk\u00e9 dovolen\u00e9, kte\u0159\u00ed si cht\u011bj\u00ed doplnit materi\u00e1l na p\u0159em\u00fd\u0161len\u00ed, ani\u017e by museli \u0159e\u0161it hl\u00edd\u00e1n\u00ed pro d\u011bti. P\u0159ij\u010fte si 5.&nbsp;\u00fanora od 10.00 hodin do BIO | OKO poslechnout vypr\u00e1v\u011bn\u00ed na t\u00e9ma Tajemstv\u00ed genomu. Nen\u00ed t\u0159eba, abyste byli genetici, p\u0159edn\u00e1\u0161ky jsou koncipovan\u00e9 i&nbsp;pro laiky. D\u011bti v\u00edt\u00e1ni, vstupn\u00e9 dobrovoln\u00e9. V\u00edce na <a href=\"https:\/\/www.biooko.net\/5e208303996bde155289082c\" target=\"_blank\" rel=\"noopener\">biooko.net<\/a>.<\/p>\r\n<h3>10.00 &#8211; 22.00 \/\/ Pap\u00edrna<\/h3>\r\n<p>Se zimn\u00edm \u010dajem a&nbsp;skv\u011blou dom\u00e1c\u00ed pomaz\u00e1nkou m\u016f\u017eete v&nbsp;d\u00edln\u011b Pap\u00edrny op\u011bt prozkoumat mo\u017enosti ru\u010dn\u011b \u0161it\u00e9 nebo ru\u010dn\u011b psan\u00e9 ob\u00e1lky. Prvn\u00ed st\u0159edu v&nbsp;m\u011bs\u00edci pro v\u00e1s otev\u0159e Pap\u00edrna letensk\u00e9 studio o&nbsp;trochu v\u00edc. Jako pod\u011bkov\u00e1n\u00ed za va\u0161\u00ed v\u011brnost po cel\u00fd rok 2019 v\u00e1m Pap\u00edrna mimo\u0159\u00e1dn\u011b v&nbsp;tento den nab\u00edz\u00ed 15% slevu na v\u0161e, co zde vyr\u00e1b\u00ed. Necho\u010fte okolo, p\u0159ij\u010fte dovnit\u0159. V\u00edce na\u00a0<a href=\"https:\/\/www.papirna.cz\/\" target=\"_blank\" rel=\"noopener\">papirna.cz<\/a>.<\/p>\r\n<h3>12.00 &#8211; 16.00 \/\/ P\u0159ij\u010fte se dozv\u011bd\u011bt v\u00edc o&nbsp;festivalu MAL\u00c1 INVENTuRA \/\/ NOV\u00c1 S\u00cd\u0164<\/h3>\r\n<p>M\u00e1me otev\u0159eno \/ We are open v&nbsp;Nov\u00e9 s\u00edti. Od 12.00 do 16.00 hodin v\u00e1m 5.&nbsp;\u00fanora ve Studiu 26 (Osadn\u00ed 26) bl\u00ed\u017ee p\u0159edstav\u00ed festival MAL\u00c1 INVENTuRA &#8211; p\u0159ehl\u00eddku nejv\u00fdrazn\u011bj\u0161\u00edch projekt\u016f nov\u00e9ho divadla, kter\u00e9 vznikly na nez\u00e1visl\u00e9 divadeln\u00ed sc\u00e9n\u011b v&nbsp;Praze v&nbsp;uplynul\u00e9m roce. Festival Mal\u00e1 inventura 2020 prob\u011bhne od 20.&nbsp;2.&nbsp;do 29.&nbsp;2.&nbsp;2020 na r\u016fzn\u00fdch m\u00edstech po cel\u00e9 Praze. Nabit\u00fd program ji\u017e osmn\u00e1ct\u00e9ho ro\u010dn\u00edku festivalu i&nbsp;specifika nov\u00e9ho divadla v\u00e1m b\u011bhem M\u00e1me otev\u0159eno \/ We are open p\u0159edstav\u00ed p\u0159\u00edmo t\u00fdm festivalu. V&nbsp;r\u00e1mci p\u0159ipravovan\u00e9 sout\u011b\u017ee mohou vybran\u00ed \u0161\u0165astlivci z\u00edskat voln\u00e9 l\u00edstky na p\u0159edstaven\u00ed a&nbsp;jedno exkluzivn\u00ed m\u00edsto na akci Guided tour po Praze 7 (Alfred ve dvo\u0159e \/ Motus, DOX+, Cross Attic \u2013 cross][club), kter\u00e1 je sou\u010d\u00e1st\u00ed festivalu. V\u00fdherce tak bude m\u00edt jedine\u010dnou mo\u017enost prozkoumat struktury pra\u017esk\u00e9 nez\u00e1visl\u00e9 sc\u00e9ny skrze jej\u00ed pil\u00ed\u0159e \u2013 divadla a&nbsp;multikulturn\u00ed prostory.<br \/>\r\nChcete v\u011bd\u011bt v\u00edc? Koukn\u011bte na <a href=\"http:\/\/www.malainventura.cz\/2020\/\" target=\"_blank\" rel=\"noopener\">malainventura.cz\/2020<\/a><\/p>\r\n<h3>12.00 &#8211; 20.00 \/\/ P\u0159ij\u010fte si pustit hrac\u00ed strojek Mostly Wine! M\u00e1me interaktivn\u00ed v\u00fdlohu! \/\/ Helena Da\u0159buj\u00e1nov\u00e1<\/h3>\r\n<p><a href=\"https:\/\/www.facebook.com\/DesignHelenaDarbujanova\/\" target=\"_blank\" rel=\"noopener\">Design\u00e9rka Helena Da\u0159buj\u00e1nov\u00e1<\/a> v\u00e1s srde\u010dn\u011b zve k&nbsp;poslechu hrac\u00edho strojku Mostly Wine v&nbsp;interaktivn\u00ed v\u00fdloze sv\u00e9ho showroomu na adrese Veverkova 7. <br \/>\r\nSpeci\u00e1ln\u011b pro hrac\u00ed strojek frontmanka skupiny MYDY Zofie Dares p\u0159ezp\u00edvala svou p\u00edse\u0148 Have you seen Zofie? Zv\u011bdav\u00ed? P\u0159ij\u010fte si u\u017e\u00edt kouzlo a&nbsp;se zatajen\u00fdm dechem sledujte p\u0159\u00edb\u011bh \u00fasp\u011bchu, ve kter\u00e9m nen\u00ed nikdy nikdo s\u00e1m, ani dokonal\u00e1 tane\u010dnice. Ve st\u0159edu 5.&nbsp;\u00fanora maj\u00ed pro v\u00e1s speci\u00e1ln\u011b otev\u0159eno do 20.00 hodin, ale hrac\u00ed strojek se v\u00e1m spust\u00ed d\u00edky tla\u010d\u00edtku zvenku i&nbsp;pozd\u011bji.<\/p>\r\n<h3>18.00 &#8211; 21.00 \/\/ Vernis\u00e1\u017e v\u00fdstavy Such\u00e9 vody \/\/ \uff21\uff32\uff34\uff32\uff21\uff26\uff29\uff2b\uff21<\/h3>\r\n<p>Do \u00fanorov\u00e9ho M\u00e1me otev\u0159eno \/ We are open se zapojuje tak\u00e9 galerie \uff21\uff32\uff34\uff32\uff21\uff26\uff29\uff2b\uff21 (Socha\u0159sk\u00e1 3). Prvn\u00ed \u00fanorovou st\u0159edu zde od 18.00 hodin prob\u011bhne <a href=\"https:\/\/www.facebook.com\/events\/511977119431462\" target=\"_blank\" rel=\"noopener\">vernis\u00e1\u017e v\u00fdstavy<\/a> konceptu\u00e1ln\u00ed kolekce fotografi\u00ed a&nbsp;text\u016f Such\u00e9 vody um\u011bleck\u00e9 dvojice Kate\u0159ina Hankeov\u00e1 a&nbsp;Santiago Perez. K&nbsp;vid\u011bn\u00ed bude i&nbsp;uk\u00e1zka jejich dal\u0161\u00edch projekt\u016f &#8211; Barked a&nbsp;Fabula cantata. M\u016f\u017eete se t\u011b\u0161it na vizu\u00e1ln\u011b poetick\u00fd z\u00e1\u017eitek, ale i&nbsp;na kus \u0159e\u010di a&nbsp;n\u011bco dobr\u00e9ho k&nbsp;zakousnut\u00ed. Jako obvykle zde bude sou\u010d\u00e1st\u00ed vernis\u00e1\u017ee hudebn\u00ed doprovod.<\/p>\r\n<h3>19.00 &#8211; 21.00 \/\/ Grafick\u00e9 techniky &#8211; monotypie \/\/ Vzletn\u00e1<\/h3>\r\n<p>Zveme rovn\u011b\u017e do kulturn\u011b-vzd\u011bl\u00e1vac\u00edho centra <a href=\"https:\/\/www.vzletna.cz\/\" target=\"_blank\" rel=\"noopener\">Vzletn\u00e1<\/a>, kde v\u00e1s od 19.00 hodin \u010dek\u00e1 lekce kurzu Grafick\u00fdch technik s&nbsp;Juli\u00e1nou Chomovou. Tentokr\u00e1t si m\u016f\u017eete vyzkou\u0161et monotypii &#8211; hravou techniku tisku z&nbsp;v\u00fd\u0161ky, p\u0159i kter\u00e9 nikdy nev\u00edte, jak\u00fd bude fin\u00e1ln\u00ed v\u00fdsledek. Monotypie je od slova monotyp &#8211; tedy jeden origin\u00e1ln\u00ed tisk. Spo\u010d\u00edv\u00e1 v&nbsp;kresb\u011b p\u0159es pap\u00edr na sklo, kter\u00e9 je pokryt\u00e9 tiska\u0159skou barvou. V\u00fdsledky kresby na sklo maj\u00ed r\u016fzn\u00e9 p\u0159ekvapiv\u00e9 otisky v&nbsp;z\u00e1vislosti na n\u00e1stroj\u00edch, kter\u00e9 pou\u017eijete. Technika otev\u00edr\u00e1 mnoho mo\u017enost\u00ed, z\u00e1le\u017e\u00ed na kreativit\u011b ka\u017ed\u00e9ho. Vstup voln\u00fd.<\/p>\r\n<h3>19.30 &#8211; 21.30 \/\/ Zlatko Teskere: Kde identita m\u00e1? + diskuse \u201eLep\u0161\u00ed \u017eivot?\u201c \/\/ Studio ALTA<\/h3>\r\n<p>Ve Studiu ALTA v\u00e1s od 19.30&nbsp;h \u010dek\u00e1 skv\u011bl\u00e1 \u010desko-balk\u00e1nsk\u00e1 one man show Zlatka Teskereho inspirovan\u00e1 \u017eivotem a&nbsp;poh\u00e1n\u011bna k\u00e1vou. Je n\u00e1rodn\u00ed identita n\u011bco, co dnes opravdu pot\u0159ebujeme? Mus\u00edme se st\u00e1le v&nbsp;dne\u0161n\u00ed multikulturn\u00ed a&nbsp;multietnick\u00e9 spole\u010dnosti n\u00e1rodn\u00ed identitou vymezovat k&nbsp;jin\u00fdm n\u00e1rod\u016fm? Nebo je to u\u017e p\u0159e\u017eit\u00fd term\u00edn, kter\u00fd pouze mate lidem hlavy? Nejenom o&nbsp;tom je p\u0159edstaven\u00ed <a href=\"https:\/\/www.facebook.com\/events\/2179678235662296\/\" target=\"_blank\" rel=\"noopener\">Kde identita m\u00e1?<\/a>, kter\u00e9 tentokr\u00e1t doprovod\u00ed diskuze na t\u00e9ma Lep\u0161\u00ed \u017eivot? O&nbsp;tom, jak emigranti zp\u011btn\u011b vn\u00edmaj\u00ed odchod do \u010cesk\u00e9 republiky a&nbsp;\u017eivot mimo rodnou vlast.<br \/>\r\nVstupenky: <a href=\"https:\/\/goout.net\/cs\/listky\/kde-identita-ma\/dhyf\/\" target=\"_blank\" rel=\"noopener\">bit.ly\/kdeidentitama<\/a><\/p>","protected":false},"excerpt":{"rendered":"[perex] Tradi\u010dn\u00ed komunitn\u00ed festival M\u00e1me otev\u0159eno nab\u00edz\u00ed ve st\u0159edu 5.&nbsp;\u00fanora n\u00e1v\u0161t\u011bvu hned\u00a0n\u011bkolik kulturn\u00edch m\u00edst pln\u00fdch kreativity a\u00a0um\u011bn\u00ed a\u00a0setk\u00e1n\u00ed s\u00a0lidmi, kte\u0159\u00ed na Sedmi\u010dce tvo\u0159\u00ed \u00fa\u017easn\u00e9 v\u011bci. Za\u017eijte\u00a0pra\u017esk\u00fd Art District 7 zbl\u00edzka.\u00a0 [\/perex] 10.00 &#8211; 11.00 \/\/ V\u011bda v&nbsp;plenk\u00e1ch &#8211; Tajemstv\u00ed genomu \/\/ BIO | OKO V\u011bda v&nbsp;plenk\u00e1ch je s\u00e9rie popul\u00e1rn\u011b nau\u010dn\u00fdch p\u0159edn\u00e1\u0161ek nejen pro rodi\u010de na [&hellip;]","protected":false},"author":97,"featured_media":33219,"comment_status":"closed","ping_status":"open","sticky":false,"template":"","format":"standard","meta":[],"categories":[34],"tags":[],"_links":{"self":[{"href":"https:\/\/www.praha7.cz\/api\/wp\/v2\/posts\/33217"}],"collection":[{"href":"https:\/\/www.praha7.cz\/api\/wp\/v2\/posts"}],"about":[{"href":"https:\/\/www.praha7.cz\/api\/wp\/v2\/types\/post"}],"author":[{"embeddable":true,"href":"https:\/\/www.praha7.cz\/api\/wp\/v2\/users\/97"}],"replies":[{"embeddable":true,"href":"https:\/\/www.praha7.cz\/api\/wp\/v2\/comments?post=33217"}],"version-history":[{"count":3,"href":"https:\/\/www.praha7.cz\/api\/wp\/v2\/posts\/33217\/revisions"}],"predecessor-version":[{"id":33257,"href":"https:\/\/www.praha7.cz\/api\/wp\/v2\/posts\/33217\/revisions\/33257"}],"wp:featuredmedia":[{"embeddable":true,"href":"https:\/\/www.praha7.cz\/api\/wp\/v2\/media\/33219"}],"wp:attachment":[{"href":"https:\/\/www.praha7.cz\/api\/wp\/v2\/media?parent=33217"}],"wp:term":[{"taxonomy":"category","embeddable":true,"href":"https:\/\/www.praha7.cz\/api\/wp\/v2\/categories?post=33217"},{"taxonomy":"post_tag","embeddable":true,"href":"https:\/\/www.praha7.cz\/api\/wp\/v2\/tags?post=33217"}],"curies":[{"name":"wp","href":"https:\/\/api.w.org\/{rel}","templated":true}]}}