    
{"id":33119,"date":"2020-01-27T13:23:06","date_gmt":"2020-01-27T12:23:06","guid":{"rendered":"https:\/\/www.praha7.cz\/?p=33119"},"modified":"2020-01-27T13:27:26","modified_gmt":"2020-01-27T12:27:26","slug":"proc-se-kancelarske-budovy-boji-deti-z-materskych-skolek","status":"publish","type":"post","link":"https:\/\/www.praha7.cz\/proc-se-kancelarske-budovy-boji-deti-z-materskych-skolek\/","title":{"rendered":"Pro\u010d se kancel\u00e1\u0159sk\u00e9 budovy boj\u00ed d\u011bt\u00ed z&nbsp;mate\u0159sk\u00fdch \u0161kolek"},"content":{"rendered":"<p>[perex]<br \/>\r\n<a href=\"https:\/\/www.morethanoffice.eu\/cs\/clanky\/proc-se-kancelarske-budovy-boji-deti-z-materskych-skolek\">Pro\u010d se kancel\u00e1\u0159sk\u00e9 budovy boj\u00ed d\u011bt\u00ed z&nbsp;mate\u0159sk\u00fdch \u0161kolek<\/a><br \/>\r\n<br \/>\r\nV&nbsp;report\u00e1\u017en\u00edm \u010dl\u00e1nku naleznete i&nbsp;St\u00e1tn\u00ed mate\u0159skou \u0161kolku ve <a href=\"http:\/\/skolatusarova.cz\/index.php\/materska-skolka-2\">Visionary<\/a>, Praha&nbsp;7.\u00a0<\/p>\r\n<p>[\/perex]<\/p>","protected":false},"excerpt":{"rendered":"[perex] Pro\u010d se kancel\u00e1\u0159sk\u00e9 budovy boj\u00ed d\u011bt\u00ed z&nbsp;mate\u0159sk\u00fdch \u0161kolek V&nbsp;report\u00e1\u017en\u00edm \u010dl\u00e1nku naleznete i&nbsp;St\u00e1tn\u00ed mate\u0159skou \u0161kolku ve Visionary, Praha&nbsp;7.\u00a0 [\/perex]","protected":false},"author":76,"featured_media":30845,"comment_status":"closed","ping_status":"open","sticky":false,"template":"","format":"standard","meta":[],"categories":[1],"tags":[],"_links":{"self":[{"href":"https:\/\/www.praha7.cz\/api\/wp\/v2\/posts\/33119"}],"collection":[{"href":"https:\/\/www.praha7.cz\/api\/wp\/v2\/posts"}],"about":[{"href":"https:\/\/www.praha7.cz\/api\/wp\/v2\/types\/post"}],"author":[{"embeddable":true,"href":"https:\/\/www.praha7.cz\/api\/wp\/v2\/users\/76"}],"replies":[{"embeddable":true,"href":"https:\/\/www.praha7.cz\/api\/wp\/v2\/comments?post=33119"}],"version-history":[{"count":6,"href":"https:\/\/www.praha7.cz\/api\/wp\/v2\/posts\/33119\/revisions"}],"predecessor-version":[{"id":33131,"href":"https:\/\/www.praha7.cz\/api\/wp\/v2\/posts\/33119\/revisions\/33131"}],"wp:featuredmedia":[{"embeddable":true,"href":"https:\/\/www.praha7.cz\/api\/wp\/v2\/media\/30845"}],"wp:attachment":[{"href":"https:\/\/www.praha7.cz\/api\/wp\/v2\/media?parent=33119"}],"wp:term":[{"taxonomy":"category","embeddable":true,"href":"https:\/\/www.praha7.cz\/api\/wp\/v2\/categories?post=33119"},{"taxonomy":"post_tag","embeddable":true,"href":"https:\/\/www.praha7.cz\/api\/wp\/v2\/tags?post=33119"}],"curies":[{"name":"wp","href":"https:\/\/api.w.org\/{rel}","templated":true}]}}