    
{"id":33034,"date":"2020-01-24T11:25:47","date_gmt":"2020-01-24T10:25:47","guid":{"rendered":"https:\/\/www.praha7.cz\/?p=33034"},"modified":"2020-01-24T11:25:47","modified_gmt":"2020-01-24T10:25:47","slug":"map-ii-rozviji-reditele-i-pedagogy","status":"publish","type":"post","link":"https:\/\/www.praha7.cz\/map-ii-rozviji-reditele-i-pedagogy\/","title":{"rendered":"MAP II rozv\u00edj\u00ed \u0159editele i&nbsp;pedagogy"},"content":{"rendered":"<p>[perex]<\/p>\r\n<p>V\u00a0r\u00e1mci M\u00edstn\u00edho ak\u010dn\u00edho pl\u00e1nu rozvoje vzd\u011bl\u00e1v\u00e1n\u00ed (MAP II) se pro u\u010ditele a&nbsp;\u0159editele z\u00e1kladn\u00edch \u0161kol z\u00a0Prahy&nbsp;7 chyst\u00e1 \u0159ada vzd\u011bl\u00e1vac\u00edch workshop\u016f.<\/p>\r\n<p>[\/perex]<\/p>\r\n<p>Lektor Franti\u0161ek Eli\u00e1\u0161 sezn\u00e1m\u00ed \u0159editele se strategick\u00fdm pl\u00e1nem rozvoje \u0161kol, \u0159editel Centra pro demokratick\u00e9 u\u010den\u00ed Tom\u00e1\u0161 Hazlbauer jim zase poodkryje z\u00e1kulis\u00ed fungov\u00e1n\u00ed \u017e\u00e1kovsk\u00e9ho parlamentu.<\/p>\r\n<p>Vedouc\u00ed Speci\u00e1ln\u00edho pedagogick\u00e9ho centra pro d\u011bti a&nbsp;\u017e\u00e1ky s\u00a0vadami \u0159e\u010di LOPES Andrea Schmalzov\u00e1 p\u0159ibl\u00ed\u017e\u00ed nov\u00e9 trendy, postupy, diagnostiku i&nbsp;pom\u016fcky v\u00a0logopedii a&nbsp;vedouc\u00ed Centra \u0161kolsk\u00e9ho managementu a&nbsp;sou\u010dasn\u00fd \u010dlen kabinetu ministra \u0161kolstv\u00ed V\u00e1clav Trojan povede semin\u00e1\u0159 na t\u00e9ma \u0159\u00edzen\u00ed pedagogick\u00e9ho procesu z\u00a0hlediska z\u00e1stupc\u016f \u0159editel\u016f \u0161kol.<\/p>\r\n<p>MAP nezapom\u00edn\u00e1 ani na problematiku p\u0159ed\u0161koln\u00edho vzd\u011bl\u00e1v\u00e1n\u00ed. Z\u00e1stupci sedmi\u010dkov\u00fdch mate\u0159inek se z\u00fa\u010dastn\u00ed konference po\u0159\u00e1dan\u00e9 Forem mate\u0159sk\u00fdch \u0161kol, kde se dozv\u011bd\u00ed, co nov\u00e9ho chyst\u00e1 M\u0160MT, co si p\u0159ipravit p\u0159ed kontrolou \u010cesk\u00e9 \u0161koln\u00ed inspekce nebo jak pl\u00e1novat rozvoj \u0161koly.<\/p>\r\n<p>Tento v\u00fd\u010det akc\u00ed je ov\u0161em jen malou ochutn\u00e1vkou. C\u00edlem MAP je mimo jin\u00e9 pr\u016fb\u011b\u017en\u011b p\u0159ed\u00e1vat zku\u0161enosti, znalosti a&nbsp;dovednosti akt\u00e9r\u016fm vzd\u011bl\u00e1v\u00e1n\u00ed na Sedmi\u010dce. N\u011bkolik akc\u00ed je pl\u00e1nov\u00e1no i&nbsp;pro ve\u0159ejnost. V\u00edce informac\u00ed se dozv\u00edte z\u00a0Hobuletu nebo na Facebooku: <a href=\"http:\/\/www.facebook.com\/mapIIpraha7\">www.facebook.com\/mapIIpraha7<\/a>.<\/p>","protected":false},"excerpt":{"rendered":"[perex] V\u00a0r\u00e1mci M\u00edstn\u00edho ak\u010dn\u00edho pl\u00e1nu rozvoje vzd\u011bl\u00e1v\u00e1n\u00ed (MAP II) se pro u\u010ditele a&nbsp;\u0159editele z\u00e1kladn\u00edch \u0161kol z\u00a0Prahy&nbsp;7 chyst\u00e1 \u0159ada vzd\u011bl\u00e1vac\u00edch workshop\u016f. [\/perex] Lektor Franti\u0161ek Eli\u00e1\u0161 sezn\u00e1m\u00ed \u0159editele se strategick\u00fdm pl\u00e1nem rozvoje \u0161kol, \u0159editel Centra pro demokratick\u00e9 u\u010den\u00ed Tom\u00e1\u0161 Hazlbauer jim zase poodkryje z\u00e1kulis\u00ed fungov\u00e1n\u00ed \u017e\u00e1kovsk\u00e9ho parlamentu. Vedouc\u00ed Speci\u00e1ln\u00edho pedagogick\u00e9ho centra pro d\u011bti a&nbsp;\u017e\u00e1ky s\u00a0vadami \u0159e\u010di LOPES [&hellip;]","protected":false},"author":76,"featured_media":31228,"comment_status":"closed","ping_status":"open","sticky":false,"template":"","format":"standard","meta":[],"categories":[1],"tags":[],"_links":{"self":[{"href":"https:\/\/www.praha7.cz\/api\/wp\/v2\/posts\/33034"}],"collection":[{"href":"https:\/\/www.praha7.cz\/api\/wp\/v2\/posts"}],"about":[{"href":"https:\/\/www.praha7.cz\/api\/wp\/v2\/types\/post"}],"author":[{"embeddable":true,"href":"https:\/\/www.praha7.cz\/api\/wp\/v2\/users\/76"}],"replies":[{"embeddable":true,"href":"https:\/\/www.praha7.cz\/api\/wp\/v2\/comments?post=33034"}],"version-history":[{"count":5,"href":"https:\/\/www.praha7.cz\/api\/wp\/v2\/posts\/33034\/revisions"}],"predecessor-version":[{"id":33039,"href":"https:\/\/www.praha7.cz\/api\/wp\/v2\/posts\/33034\/revisions\/33039"}],"wp:featuredmedia":[{"embeddable":true,"href":"https:\/\/www.praha7.cz\/api\/wp\/v2\/media\/31228"}],"wp:attachment":[{"href":"https:\/\/www.praha7.cz\/api\/wp\/v2\/media?parent=33034"}],"wp:term":[{"taxonomy":"category","embeddable":true,"href":"https:\/\/www.praha7.cz\/api\/wp\/v2\/categories?post=33034"},{"taxonomy":"post_tag","embeddable":true,"href":"https:\/\/www.praha7.cz\/api\/wp\/v2\/tags?post=33034"}],"curies":[{"name":"wp","href":"https:\/\/api.w.org\/{rel}","templated":true}]}}