    
{"id":32898,"date":"2020-01-20T15:19:59","date_gmt":"2020-01-20T14:19:59","guid":{"rendered":"https:\/\/www.praha7.cz\/?p=32898"},"modified":"2020-01-21T12:03:24","modified_gmt":"2020-01-21T11:03:24","slug":"odhaleni-pametni-desky-marianne-golz-goldlust","status":"publish","type":"post","link":"https:\/\/www.praha7.cz\/odhaleni-pametni-desky-marianne-golz-goldlust\/","title":{"rendered":"Odhalen\u00ed pam\u011btn\u00ed desky Marianne Golz-Goldlust"},"content":{"rendered":"<p>[perex]<\/p>\r\n<p>Ve st\u0159edu 22.&nbsp;ledna 2020 v\u00a017 hodin prob\u011bhne\u00a0 odhalen\u00ed pam\u011btn\u00ed desky pan\u00ed Marianne Golz-Goldlust, kter\u00e1 byla v&nbsp;roce 1943 popravena kv\u016fli pomoci perzekvovan\u00fdm \u017eidovsk\u00fdm spoluob\u010dan\u016fm; v\u00a0roce 1988 obdr\u017eela \u010destn\u00fd titul \u201eSpravedliv\u00e1 mezi n\u00e1rody\u201c. Ten pat\u0159\u00ed mezi nejvy\u0161\u0161\u00ed vyznamen\u00e1n\u00ed, kter\u00e9 st\u00e1t Izrael ud\u011bluje osob\u00e1m ne\u017eidovsk\u00e9ho p\u016fvodu \u2013 lidem, kte\u0159\u00ed dali v\u00a0s\u00e1zku sv\u016fj \u017eivot, aby zachr\u00e1nili \u017didy. Vzpom\u00ednkov\u00fd akt &#8211; u&nbsp;p\u0159\u00edle\u017eitosti 125.&nbsp;v\u00fdro\u010d\u00ed narozen\u00ed &#8211; se uskute\u010dn\u00ed na adrese\u00a0Farsk\u00e9ho 4, kde\u00a0Marianne Golz-Goldlust bydlela\u00a0(naproti Husovu sboru).<\/p>\r\n<p>[\/perex]<\/p>\r\n<p>Marianne Golz-Goldlust\u00a0(*1895, V\u00edde\u0148 \u2020 1943, Praha-Pankr\u00e1c), jako jedna z\u00a0t\u00e9m\u011b\u0159 stovky dosud ocen\u011bn\u00fdch Raku\u0161an\u016f, obdr\u017eela in memoriam vyznamen\u00e1n\u00ed \u201eSpravedliv\u00e1 mezi n\u00e1rody\u201c.\u00a0<\/p>\r\n<p>Marianne Golz-Goldlust se narodila v&nbsp;roce 1895 ve V\u00eddni jako dcera \u010desk\u00e9 matky a&nbsp;polsk\u00e9ho otce. Vystudovala herectv\u00ed a&nbsp;tanec. Se sv\u00fdm\u00a0t\u0159et\u00edm man\u017eelem Hansem Goldlustem, kter\u00fd byl \u017eidovsk\u00e9ho p\u016fvodu a&nbsp;nechal si zm\u011bnit jm\u00e9no na \u201eGolz\u201c, uprchla v\u00a0roce 1934 p\u0159ed nacistick\u00fdm re\u017eimem z\u00a0Berl\u00edna do Prahy. Po obsazen\u00ed \u010ceskoslovenska emigroval Hans Golz v&nbsp;l\u00e9t\u011b roku 1939 do Lond\u00fdna, Marianne Golz-Goldlust se p\u0159ipojila k&nbsp;pra\u017esk\u00e9 odbojov\u00e9 skupin\u011b a&nbsp;pom\u00e1hala k&nbsp;\u00fat\u011bku \u017did\u016fm a&nbsp;dal\u0161\u00edm pron\u00e1sledovan\u00fdm t\u00edm, \u017ee obstar\u00e1vala zfal\u0161ovan\u00e9 pap\u00edry a&nbsp;cestovn\u00ed doklady. V&nbsp;listopadu 1942 byla skupina kolem Marianne Golz-Goldlust prozrazena a&nbsp;jej\u00ed \u010dlenov\u00e9 zat\u010deni. O&nbsp;p\u016fl roku pozd\u011bji byl v&nbsp;p\u0159\u00edpadu Marianne Golz-Goldlust a&nbsp;mnoha dal\u0161\u00edch ze skupiny vynesen rozsudek smrti. Na Marianne Golz-Goldlust byl vykon\u00e1n 8.&nbsp;\u0159\u00edjna 1943 v\u00a0Praze na Pankr\u00e1ci.<\/p>\r\n<p><img loading=\"lazy\" src=\"https:\/\/www.praha7.cz\/wp-content\/uploads\/2020\/01\/Golz-Goldlust-Pam\u011btn\u00ed-deska-na-d\u016fm-SVJ-Farsk\u00e9ho-425-4-600x304.jpg\" alt=\"\" width=\"600\" height=\"304\" class=\"alignnone size-medium wp-image-32899\" srcset=\"https:\/\/www.praha7.cz\/wp-content\/uploads\/2020\/01\/Golz-Goldlust-Pam\u011btn\u00ed-deska-na-d\u016fm-SVJ-Farsk\u00e9ho-425-4-600x304.jpg 600w, https:\/\/www.praha7.cz\/wp-content\/uploads\/2020\/01\/Golz-Goldlust-Pam\u011btn\u00ed-deska-na-d\u016fm-SVJ-Farsk\u00e9ho-425-4-768x389.jpg 768w, https:\/\/www.praha7.cz\/wp-content\/uploads\/2020\/01\/Golz-Goldlust-Pam\u011btn\u00ed-deska-na-d\u016fm-SVJ-Farsk\u00e9ho-425-4-1500x760.jpg 1500w\" sizes=\"(max-width: 600px) 100vw, 600px\" \/><\/p>\r\n<p><img loading=\"lazy\" src=\"https:\/\/www.praha7.cz\/wp-content\/uploads\/2020\/01\/zadostomilost.png\" alt=\"\" width=\"990\" height=\"718\" class=\"alignnone wp-image-32927 size-full\" srcset=\"https:\/\/www.praha7.cz\/wp-content\/uploads\/2020\/01\/zadostomilost.png 990w, https:\/\/www.praha7.cz\/wp-content\/uploads\/2020\/01\/zadostomilost-552x400.png 552w, https:\/\/www.praha7.cz\/wp-content\/uploads\/2020\/01\/zadostomilost-768x557.png 768w\" sizes=\"(max-width: 990px) 100vw, 990px\" \/><\/p>","protected":false},"excerpt":{"rendered":"[perex] Ve st\u0159edu 22.&nbsp;ledna 2020 v\u00a017 hodin prob\u011bhne\u00a0 odhalen\u00ed pam\u011btn\u00ed desky pan\u00ed Marianne Golz-Goldlust, kter\u00e1 byla v&nbsp;roce 1943 popravena kv\u016fli pomoci perzekvovan\u00fdm \u017eidovsk\u00fdm spoluob\u010dan\u016fm; v\u00a0roce 1988 obdr\u017eela \u010destn\u00fd titul \u201eSpravedliv\u00e1 mezi n\u00e1rody\u201c. Ten pat\u0159\u00ed mezi nejvy\u0161\u0161\u00ed vyznamen\u00e1n\u00ed, kter\u00e9 st\u00e1t Izrael ud\u011bluje osob\u00e1m ne\u017eidovsk\u00e9ho p\u016fvodu \u2013 lidem, kte\u0159\u00ed dali v\u00a0s\u00e1zku sv\u016fj \u017eivot, aby zachr\u00e1nili \u017didy. Vzpom\u00ednkov\u00fd [&hellip;]","protected":false},"author":97,"featured_media":32900,"comment_status":"closed","ping_status":"open","sticky":false,"template":"","format":"standard","meta":[],"categories":[34],"tags":[],"_links":{"self":[{"href":"https:\/\/www.praha7.cz\/api\/wp\/v2\/posts\/32898"}],"collection":[{"href":"https:\/\/www.praha7.cz\/api\/wp\/v2\/posts"}],"about":[{"href":"https:\/\/www.praha7.cz\/api\/wp\/v2\/types\/post"}],"author":[{"embeddable":true,"href":"https:\/\/www.praha7.cz\/api\/wp\/v2\/users\/97"}],"replies":[{"embeddable":true,"href":"https:\/\/www.praha7.cz\/api\/wp\/v2\/comments?post=32898"}],"version-history":[{"count":5,"href":"https:\/\/www.praha7.cz\/api\/wp\/v2\/posts\/32898\/revisions"}],"predecessor-version":[{"id":32940,"href":"https:\/\/www.praha7.cz\/api\/wp\/v2\/posts\/32898\/revisions\/32940"}],"wp:featuredmedia":[{"embeddable":true,"href":"https:\/\/www.praha7.cz\/api\/wp\/v2\/media\/32900"}],"wp:attachment":[{"href":"https:\/\/www.praha7.cz\/api\/wp\/v2\/media?parent=32898"}],"wp:term":[{"taxonomy":"category","embeddable":true,"href":"https:\/\/www.praha7.cz\/api\/wp\/v2\/categories?post=32898"},{"taxonomy":"post_tag","embeddable":true,"href":"https:\/\/www.praha7.cz\/api\/wp\/v2\/tags?post=32898"}],"curies":[{"name":"wp","href":"https:\/\/api.w.org\/{rel}","templated":true}]}}