    
{"id":32781,"date":"2020-01-15T16:03:36","date_gmt":"2020-01-15T15:03:36","guid":{"rendered":"https:\/\/www.praha7.cz\/?p=32781"},"modified":"2020-08-21T14:58:22","modified_gmt":"2020-08-21T12:58:22","slug":"zajmove-kurzy-pro-dospele-2020","status":"publish","type":"post","link":"https:\/\/www.praha7.cz\/zajmove-kurzy-pro-dospele-2020\/","title":{"rendered":"Z\u00e1jmov\u00e9 kurzy pro dosp\u011bl\u00e9 &#8211; jaro 2020"},"content":{"rendered":"<p>[perex]<\/p>\r\n<p>M\u010c Praha\u00a07 ve spolupr\u00e1ci se Z\u0160 Strossmayerovo n\u00e1m\u011bst\u00ed zahajuje p\u0159ihla\u0161ov\u00e1n\u00ed na z\u00e1jmov\u00e9 kurzy pro dosp\u011bl\u00e9, kter\u00e9 odstartuj\u00ed na ja\u0159e. V\u00a0nab\u00eddce je cel\u00e1 \u0161k\u00e1la tradi\u010dn\u00edch, ale i\u00a0m\u00e9n\u011b tradi\u010dn\u00edch jazyk\u016f: angli\u010dtina, n\u011bm\u010dina, ital\u0161tina, \u0161pan\u011bl\u0161tina,\u00a0francouz\u0161tina, \u010d\u00edn\u0161tina, japon\u0161tina, sanskrt. Pro v\u0161echny tvo\u0159iv\u00e9 z\u00e1jemce jsou p\u0159ipraven\u00e9 kurzy kresby a\u00a0malby, keramiky a\u00a0\u0161it\u00ed. Na kurzy je mo\u017en\u00e9 p\u0159ihl\u00e1sit se elektronicky.\u00a0<\/p>\r\n<p>[\/perex]<\/p>\r\n<p>Jarn\u00ed semestr za\u010d\u00edn\u00e1 v&nbsp;t\u00fddnu od 2.&nbsp;b\u0159ezna 2020. Cena za kurz je 2700&nbsp;K\u010d za 16 lekc\u00ed, d\u00e9lka lekce je 90 minut. V\u0161em \u00fa\u010dastn\u00edk\u016fm z&nbsp;minul\u00e9ho pololet\u00ed poskytujeme 10% slevu.\u00a0Kurzy jsou ur\u010den\u00e9 v\u0161em v\u011bkov\u00fdm kategori\u00edm dosp\u011bl\u00fdch a&nbsp;p\u0159ihl\u00e1sit se mohou i&nbsp;ob\u010dan\u00e9 z&nbsp;jin\u00fdch \u010d\u00e1st\u00ed Prahy.<\/p>\r\n<p>Podrobn\u00fd p\u0159ehled z\u00e1jmov\u00fdch kurz\u016f a&nbsp;online p\u0159ihla\u0161ov\u00e1n\u00ed naleznete <strong><a href=\"https:\/\/www.praha7.cz\/volny-cas-prehled\/zajmove-kurzy\/\" target=\"_blank\" rel=\"noopener\">ZDE<\/a><\/strong>.<\/p>\r\n<p><strong>Kontaktn\u00ed osoba:<\/strong><\/p>\r\n<p>Tereza Hejmov\u00e1<br \/>\r\ne-mail: <a href=\"mailto:tereza.hejmova@zsstross.cz\">tereza.hejmova@zsstross.cz<\/a><br \/>\r\ntelefon: +420\u00a0770\u00a0135\u00a0315<\/p>","protected":false},"excerpt":{"rendered":"[perex] M\u010c Praha\u00a07 ve spolupr\u00e1ci se Z\u0160 Strossmayerovo n\u00e1m\u011bst\u00ed zahajuje p\u0159ihla\u0161ov\u00e1n\u00ed na z\u00e1jmov\u00e9 kurzy pro dosp\u011bl\u00e9, kter\u00e9 odstartuj\u00ed na ja\u0159e. V\u00a0nab\u00eddce je cel\u00e1 \u0161k\u00e1la tradi\u010dn\u00edch, ale i\u00a0m\u00e9n\u011b tradi\u010dn\u00edch jazyk\u016f: angli\u010dtina, n\u011bm\u010dina, ital\u0161tina, \u0161pan\u011bl\u0161tina,\u00a0francouz\u0161tina, \u010d\u00edn\u0161tina, japon\u0161tina, sanskrt. Pro v\u0161echny tvo\u0159iv\u00e9 z\u00e1jemce jsou p\u0159ipraven\u00e9 kurzy kresby a\u00a0malby, keramiky a\u00a0\u0161it\u00ed. Na kurzy je mo\u017en\u00e9 p\u0159ihl\u00e1sit se elektronicky.\u00a0 [\/perex] [&hellip;]","protected":false},"author":97,"featured_media":32784,"comment_status":"closed","ping_status":"open","sticky":false,"template":"","format":"standard","meta":[],"categories":[34],"tags":[],"_links":{"self":[{"href":"https:\/\/www.praha7.cz\/api\/wp\/v2\/posts\/32781"}],"collection":[{"href":"https:\/\/www.praha7.cz\/api\/wp\/v2\/posts"}],"about":[{"href":"https:\/\/www.praha7.cz\/api\/wp\/v2\/types\/post"}],"author":[{"embeddable":true,"href":"https:\/\/www.praha7.cz\/api\/wp\/v2\/users\/97"}],"replies":[{"embeddable":true,"href":"https:\/\/www.praha7.cz\/api\/wp\/v2\/comments?post=32781"}],"version-history":[{"count":4,"href":"https:\/\/www.praha7.cz\/api\/wp\/v2\/posts\/32781\/revisions"}],"predecessor-version":[{"id":40465,"href":"https:\/\/www.praha7.cz\/api\/wp\/v2\/posts\/32781\/revisions\/40465"}],"wp:featuredmedia":[{"embeddable":true,"href":"https:\/\/www.praha7.cz\/api\/wp\/v2\/media\/32784"}],"wp:attachment":[{"href":"https:\/\/www.praha7.cz\/api\/wp\/v2\/media?parent=32781"}],"wp:term":[{"taxonomy":"category","embeddable":true,"href":"https:\/\/www.praha7.cz\/api\/wp\/v2\/categories?post=32781"},{"taxonomy":"post_tag","embeddable":true,"href":"https:\/\/www.praha7.cz\/api\/wp\/v2\/tags?post=32781"}],"curies":[{"name":"wp","href":"https:\/\/api.w.org\/{rel}","templated":true}]}}