    
{"id":32694,"date":"2020-01-13T17:35:52","date_gmt":"2020-01-13T16:35:52","guid":{"rendered":"https:\/\/www.praha7.cz\/?p=32694"},"modified":"2020-01-13T17:35:52","modified_gmt":"2020-01-13T16:35:52","slug":"praha-udelala-dalsi-krok-k-novemu-rozvoji-stvanice","status":"publish","type":"post","link":"https:\/\/www.praha7.cz\/praha-udelala-dalsi-krok-k-novemu-rozvoji-stvanice\/","title":{"rendered":"Praha ud\u011blala dal\u0161\u00ed krok k&nbsp;nov\u00e9mu rozvoji \u0160tvanice"},"content":{"rendered":"<p>[perex]<\/p>\r\n<p>Rada hl. m. Prahy schv\u00e1lila z\u00e1m\u011br realizace ve\u0159ejn\u00e9 zak\u00e1zky \u201eVyu\u017eit\u00ed a&nbsp;rozvoj \u00fazem\u00ed ostrova \u0160tvanice\u201c. Navazuje tak na dvoukolovou sout\u011b\u017e z\u00a0roku 2013 s&nbsp;n\u00e1zvem \u201eN\u00e1vrh \u0159e\u0161en\u00ed vyu\u017eit\u00ed a&nbsp;rozvoje \u00fazem\u00ed ostrova \u0160tvanice v&nbsp;Praze\u201c, kdy bude nyn\u00ed formou jednac\u00edho \u0159\u00edzen\u00ed bez uve\u0159ejn\u011bn\u00ed osloven p\u0159\u00edmo jeden z&nbsp;ocen\u011bn\u00fdch \u00fa\u010dastn\u00edk\u016f. P\u0159edpokl\u00e1dan\u00e1 doba realizace zak\u00e1zky je od roku 2020 do roku 2022 a&nbsp;jej\u00ed odhadovan\u00e1 hodnota \u010din\u00ed 35 milion\u016f korun bez DPH.<\/p>\r\n<p>[\/perex]<\/p>\r\n<p>P\u0159edm\u011btem ve\u0159ejn\u00e9 zak\u00e1zky bude jednak zpracov\u00e1n\u00ed podrobn\u00e9 koncep\u010dn\u00ed studie ostrova v\u010detn\u011b formulace vazeb do oblast\u00ed v&nbsp;okol\u00ed ostrova, a&nbsp;d\u00e1le zpracov\u00e1n\u00ed komplexn\u00edho projektov\u00e9ho \u0159e\u0161en\u00ed na prvn\u00ed etapu \u00faprav lokality. Tedy p\u0159edev\u0161\u00edm dokumentace pro \u00fazemn\u00ed rozhodnut\u00ed (DUR), dokumentace pro stavebn\u00ed povolen\u00ed (DSP), prov\u00e1d\u011bc\u00ed dokumentace (DPS) a&nbsp;autorsk\u00fdch dozor\u016f po\u017eadovan\u00fdch p\u0159\u00edslu\u0161n\u00fdmi pr\u00e1vn\u00edmi p\u0159edpisy a&nbsp;podle v&nbsp;t\u00e9 dob\u011b platn\u00e9ho \u00fazemn\u00edho pl\u00e1nu.<\/p>\r\n<p>\u201e<em>Chceme maxim\u00e1ln\u011b vyu\u017e\u00edt potenci\u00e1lu Vltavy a&nbsp;jej\u00edch n\u00e1b\u0159e\u017e\u00ed a&nbsp;ostrov\u016f. Ostrov ji\u017e dlouho \u010dek\u00e1 na svou obnovu. Potenci\u00e1l ostrova jako rekrea\u010dn\u00edho are\u00e1lu pro okoln\u00ed \u010dtvrti vzroste tak\u00e9 v&nbsp;souvislosti s&nbsp;realizac\u00ed l\u00e1vky mezi Hole\u0161ovicemi a&nbsp;Karl\u00ednem,<\/em>\u201c uvedl <strong>prvn\u00ed n\u00e1m\u011bstek prim\u00e1tora hl. m. Prahy Petr Hlav\u00e1\u010dek<\/strong>.<\/p>\r\n<p>Mezit\u00edm jsou, nebo budou, realizov\u00e1ny n\u011bkter\u00e9 men\u0161\u00ed z\u00e1m\u011bry. V&nbsp;roce 2018 hlavn\u00ed m\u011bsto Praha \u00fasp\u011b\u0161n\u011b ukon\u010dilo architektonickou sout\u011b\u017e na l\u00e1vku mezi Hole\u0161ovicemi a&nbsp;Karl\u00ednem p\u0159es \u0160tvanici, jej\u00ed\u017e realizace ostrov l\u00e9pe zp\u0159\u00edstupn\u00ed. Z\u00e1rove\u0148 pokra\u010duje rekonstrukce Negrelliho viaduktu. Mezi dal\u0161\u00ed pl\u00e1novan\u00e9 koordinovan\u00e9 akce se \u0160tvanic\u00ed pat\u0159\u00ed nap\u0159\u00edklad oprava Hl\u00e1vkova mostu, Fuchsovy kav\u00e1rny nebo obnova zelen\u011b.<\/p>\r\n<p>\u201e<em>Ostrov \u0160tvanice m\u00e1 potenci\u00e1l st\u00e1t se v\u00fdznamn\u00fdm rekrea\u010dn\u00edm m\u00edstem v&nbsp;centru m\u011bsta a&nbsp;odleh\u010dit tak p\u0159et\u00ed\u017een\u00fdm n\u00e1plavk\u00e1m v&nbsp;centru \u010di velk\u00fdm pra\u017esk\u00fdm park\u016fm. Sou\u010dasn\u00fd zanedban\u00fd stav \u0160tvanice v\u0161ak tomuto potenci\u00e1lu neodpov\u00edd\u00e1, a&nbsp;proto to hodl\u00e1me zm\u011bnit<\/em>,\u201c doplnil n\u00e1m\u011bstek prim\u00e1tora hl. m. Prahy <strong>Petr Hlubu\u010dek<\/strong>.<\/p>","protected":false},"excerpt":{"rendered":"[perex] Rada hl. m. Prahy schv\u00e1lila z\u00e1m\u011br realizace ve\u0159ejn\u00e9 zak\u00e1zky \u201eVyu\u017eit\u00ed a&nbsp;rozvoj \u00fazem\u00ed ostrova \u0160tvanice\u201c. Navazuje tak na dvoukolovou sout\u011b\u017e z\u00a0roku 2013 s&nbsp;n\u00e1zvem \u201eN\u00e1vrh \u0159e\u0161en\u00ed vyu\u017eit\u00ed a&nbsp;rozvoje \u00fazem\u00ed ostrova \u0160tvanice v&nbsp;Praze\u201c, kdy bude nyn\u00ed formou jednac\u00edho \u0159\u00edzen\u00ed bez uve\u0159ejn\u011bn\u00ed osloven p\u0159\u00edmo jeden z&nbsp;ocen\u011bn\u00fdch \u00fa\u010dastn\u00edk\u016f. P\u0159edpokl\u00e1dan\u00e1 doba realizace zak\u00e1zky je od roku 2020 do roku 2022 [&hellip;]","protected":false},"author":97,"featured_media":32695,"comment_status":"closed","ping_status":"open","sticky":false,"template":"","format":"standard","meta":[],"categories":[34],"tags":[],"_links":{"self":[{"href":"https:\/\/www.praha7.cz\/api\/wp\/v2\/posts\/32694"}],"collection":[{"href":"https:\/\/www.praha7.cz\/api\/wp\/v2\/posts"}],"about":[{"href":"https:\/\/www.praha7.cz\/api\/wp\/v2\/types\/post"}],"author":[{"embeddable":true,"href":"https:\/\/www.praha7.cz\/api\/wp\/v2\/users\/97"}],"replies":[{"embeddable":true,"href":"https:\/\/www.praha7.cz\/api\/wp\/v2\/comments?post=32694"}],"version-history":[{"count":1,"href":"https:\/\/www.praha7.cz\/api\/wp\/v2\/posts\/32694\/revisions"}],"predecessor-version":[{"id":32696,"href":"https:\/\/www.praha7.cz\/api\/wp\/v2\/posts\/32694\/revisions\/32696"}],"wp:featuredmedia":[{"embeddable":true,"href":"https:\/\/www.praha7.cz\/api\/wp\/v2\/media\/32695"}],"wp:attachment":[{"href":"https:\/\/www.praha7.cz\/api\/wp\/v2\/media?parent=32694"}],"wp:term":[{"taxonomy":"category","embeddable":true,"href":"https:\/\/www.praha7.cz\/api\/wp\/v2\/categories?post=32694"},{"taxonomy":"post_tag","embeddable":true,"href":"https:\/\/www.praha7.cz\/api\/wp\/v2\/tags?post=32694"}],"curies":[{"name":"wp","href":"https:\/\/api.w.org\/{rel}","templated":true}]}}