    
{"id":32685,"date":"2020-01-13T15:31:19","date_gmt":"2020-01-13T14:31:19","guid":{"rendered":"https:\/\/www.praha7.cz\/?p=32685"},"modified":"2020-01-17T11:41:03","modified_gmt":"2020-01-17T10:41:03","slug":"hledate-velkou-pracovni-prilezitost-v-socialni-oblasti","status":"publish","type":"post","link":"https:\/\/www.praha7.cz\/hledate-velkou-pracovni-prilezitost-v-socialni-oblasti\/","title":{"rendered":"Hled\u00e1te velkou pracovn\u00ed p\u0159\u00edle\u017eitost v&nbsp;soci\u00e1ln\u00ed oblasti?"},"content":{"rendered":"<p>[perex]<\/p>\r\n<p>\u00da\u0159ad Prahy&nbsp;7 sh\u00e1n\u00ed do sv\u00e9ho t\u00fdmu kolegu\/kolegyni na pozici vedouc\u00ed Odboru soci\u00e1ln\u00edho za\u010dle\u0148ov\u00e1n\u00ed. M\u00e1te z\u00e1jem v\u00e9st t\u00fdm, kter\u00fd pom\u00e1h\u00e1 pot\u0159ebn\u00fdm? Zaj\u00edm\u00e1te se o&nbsp;oblast soci\u00e1ln\u00ed integrace? Hled\u00e1te nov\u00e9 v\u00fdzvy v\u00a0pr\u00e1ci, kter\u00e1 m\u00e1 smysl? Chcete pracovat v\u00a0dynamicky se rozv\u00edjej\u00edc\u00ed m\u011bstsk\u00e9 \u010d\u00e1sti pro \u00fa\u0159ad s\u00a0tak trochu jin\u00fdm p\u0159\u00edstupem? Nev\u00e1hejte a&nbsp;p\u0159ihlaste se do na\u0161eho popt\u00e1vkov\u00e9ho \u0159\u00edzen\u00ed.<\/p>\r\n<p>[\/perex]<\/p>\r\n<h3>Co u&nbsp;n\u00e1s budete d\u011blat?<\/h3>\r\n<p>Budete v\u00e9st odbor, kter\u00fd se v\u011bnuje agend\u011b soci\u00e1ln\u00edho za\u010dle\u0148ov\u00e1n\u00ed. Budete se v\u011bnovat integraci cizinc\u016f a&nbsp;n\u00e1rodnostn\u00edch men\u0161in, zaji\u0161\u0165ovat programy protidrogov\u00e9 prevence a&nbsp;prevence kriminality a&nbsp;realizovat projekty spojen\u00e9 s\u00a0pomoc\u00ed pot\u0159ebn\u00fdm skupin\u00e1m obyvatel, jako jsou senio\u0159i \u010di osoby ohro\u017een\u00e9 soci\u00e1ln\u00edm vylou\u010den\u00edm.<\/p>\r\n<p>&nbsp;<\/p>\r\n<h3>Co od v\u00e1s o\u010dek\u00e1v\u00e1me?<\/h3>\r\n<p>&#8211;\u00a0\u00a0\u00a0\u00a0\u00a0\u00a0 Vysoko\u0161kolsk\u00e9 vzd\u011bl\u00e1n\u00ed v&nbsp;magistersk\u00e9m studijn\u00edm programu nebo bakal\u00e1\u0159sk\u00e9m programu (soci\u00e1ln\u00edho zam\u011b\u0159en\u00ed v\u00fdhodou)<\/p>\r\n<p>&#8211;\u00a0\u00a0\u00a0\u00a0\u00a0\u00a0 \u00a0orientace v&nbsp;soci\u00e1ln\u00ed problematice<\/p>\r\n<p>&#8211;\u00a0\u00a0\u00a0\u00a0\u00a0\u00a0 zku\u0161enosti s&nbsp;projektov\u00fdm \u0159\u00edzen\u00edm<\/p>\r\n<p>&#8211;\u00a0\u00a0\u00a0\u00a0\u00a0\u00a0 p\u0159ehled v&nbsp;oblasti n\u00e1rodnostn\u00edch men\u0161in a&nbsp;cizinc\u016f<\/p>\r\n<p>&#8211;\u00a0\u00a0\u00a0\u00a0\u00a0\u00a0 praxe ve ve\u0159ejn\u00e9 spr\u00e1v\u011b anebo neziskov\u00e9m sektoru v\u00fdhodou<\/p>\r\n<p>&#8211;\u00a0\u00a0\u00a0\u00a0\u00a0\u00a0 v\u00fdborn\u00e9 komunika\u010dn\u00ed dovednosti<\/p>\r\n<p>&nbsp;<\/p>\r\n<h3>Co v\u00e1m nab\u00edz\u00edme?<\/h3>\r\n<p>Pracovn\u00ed pom\u011br na dobu neur\u010ditou. N\u00e1stupn\u00ed plat v&nbsp;11.&nbsp;platov\u00e9 t\u0159\u00edd\u011b a\u017e do v\u00fd\u0161e 33&nbsp;790,- K\u010d podle d\u00e9lky odborn\u00e9 praxe. Po zku\u0161ebn\u00ed dob\u011b osobn\u00ed p\u0159\u00edplatek a\u017e do v\u00fd\u0161e 100 %\u00a0maxim\u00e1ln\u00edho n\u00e1stupn\u00edho platu.<\/p>\r\n<table width=\"1109\" height=\"217\" style=\"color: black !important; font-weight: normal !important;\">\r\n<tbody>\r\n<tr>\r\n<td style=\"height: 0px; text-align: center;\"><\/td>\r\n<td style=\"height: 0px; text-align: center;\"><\/td>\r\n<td style=\"height: 0px; text-align: center;\"><\/td>\r\n<\/tr>\r\n<tr>\r\n<td style=\"width: 361px; text-align: center;\">\r\n<p><img loading=\"lazy\" src=\"https:\/\/www.praha7.cz\/wp-content\/uploads\/2018\/11\/rust.jpg\" alt=\"\" width=\"99\" height=\"96\" class=\"alignnone size-full wp-image-21382\" \/><\/p>\r\n<span style=\"font-weight: normal !important; color: black !important;\">Platov\u00e9 ohodnocen\u00ed, kter\u00e9 roste spolu s&nbsp;v\u00e1mi.<\/span><\/td>\r\n<td style=\"width: 363px; text-align: center;\">\r\n<p><img loading=\"lazy\" src=\"https:\/\/www.praha7.cz\/wp-content\/uploads\/2018\/11\/benefit.jpg\" alt=\"\" width=\"99\" height=\"96\" class=\"alignnone size-full wp-image-21381\" \/><\/p>\r\n<span style=\"font-weight: normal !important; color: black !important;\">\u0160irokou \u0161k\u00e1lu benefit\u016f, kter\u00e9 p\u0159ich\u00e1zej\u00ed ve spr\u00e1vn\u00fd \u010das.<\/span><\/td>\r\n<td style=\"width: 363px; text-align: center;\">\r\n<p><img loading=\"lazy\" src=\"https:\/\/www.praha7.cz\/wp-content\/uploads\/2018\/11\/dovolena.jpg\" alt=\"\" width=\"99\" height=\"96\" class=\"alignnone size-full wp-image-21383\" \/><\/p>\r\n<span style=\"font-weight: normal !important; color: black !important;\">5 t\u00fddn\u016f dovolen\u00e9, na kterou nebudete cht\u00edt odjet.<\/span><\/td>\r\n<\/tr>\r\n<tr>\r\n<td style=\"width: 361px; text-align: center;\">\r\n<p><img loading=\"lazy\" src=\"https:\/\/www.praha7.cz\/wp-content\/uploads\/2018\/11\/vzdelavani.jpg\" alt=\"\" width=\"142\" height=\"96\" class=\"alignnone size-full wp-image-21384\" \/><\/p>\r\n<span style=\"font-weight: normal !important; color: black !important;\">Mo\u017enost dal\u0161\u00edho vzd\u011bl\u00e1v\u00e1n\u00ed, abyste se ve sv\u011bt\u011b neztratili.<\/span><\/td>\r\n<td style=\"width: 363px; text-align: center;\">\r\n<p><img loading=\"lazy\" src=\"https:\/\/www.praha7.cz\/wp-content\/uploads\/2018\/11\/inspirace.jpg\" alt=\"\" width=\"99\" height=\"96\" class=\"alignnone size-full wp-image-21385\" \/><\/p>\r\n<span style=\"font-weight: normal !important; color: black !important;\">Pr\u00e1ci v&nbsp;inspirativn\u00edm kolektivu, kde se p\u0159ed n\u00e1pady nezav\u00edraj\u00ed o\u010di.<\/span><\/td>\r\n<td style=\"width: 363px; text-align: center;\">\r\n<p><img loading=\"lazy\" src=\"https:\/\/www.praha7.cz\/wp-content\/uploads\/2018\/11\/perspektiva.jpg\" alt=\"\" width=\"99\" height=\"96\" class=\"alignnone size-full wp-image-21386\" \/><\/p>\r\n<span style=\"font-weight: normal !important; color: black !important;\">Perspektivn\u00ed zam\u011bstn\u00e1n\u00ed, kde pom\u00e1h\u00e1te m\u011bnit sv\u011bt kolem sebe.<\/span><\/td>\r\n<\/tr>\r\n<\/tbody>\r\n<\/table>\r\n<h3><\/h3>\r\n<h3>Jak se k\u00a0n\u00e1m dostanete?<\/h3>\r\n<p>P\u0159ihl\u00e1\u0161ku a&nbsp;souhlas se zpracov\u00e1n\u00edm osobn\u00edch \u00fadaj\u016f (naleznete ve <a href=\"https:\/\/www.praha7.cz\/radnice\/povinne-zverejnovane-informace\/formulare\/\">Formul\u00e1\u0159\u00edch Odboru person\u00e1ln\u00edch \u010dinnost\u00ed<\/a>) v\u010detn\u011b strukturovan\u00e9ho \u017eivotopisu je mo\u017en\u00e9 osobn\u011b doru\u010dit v&nbsp;\u00fa\u0159edn\u00edch hodin\u00e1ch do podatelny \u00da\u0159adu M\u010c Praha&nbsp;7 nebo zaslat na n\u00ed\u017ee uvedenou adresu, p\u0159\u00edpadn\u011b zaslat i&nbsp;e-mailem na pouzarovae@praha7.cz <strong><span style=\"color: #ff0000;\">nejpozd\u011bji do 23.&nbsp;1.&nbsp;2019<\/span><\/strong>.<\/p>\r\n<p>&nbsp;<\/p>\r\n<p><strong>P\u0159edpokl\u00e1dan\u00fd vznik pracovn\u00edho pom\u011bru: \u00fanor\/b\u0159ezen 2020.<\/strong><\/p>\r\n<p>&nbsp;<\/p>\r\n<p><em>M\u011bstsk\u00e1 \u010d\u00e1st Praha&nbsp;7<\/em><\/p>\r\n<p><em>\u00da\u0159ad m\u011bstsk\u00e9 \u010d\u00e1sti Praha&nbsp;7<\/em><\/p>\r\n<p><em>Odbor person\u00e1ln\u00edch \u010dinnost\u00ed<\/em><\/p>\r\n<p><em>n\u00e1b\u0159. Kpt. Jaro\u0161e 1000<\/em><\/p>\r\n<p><em>170&nbsp;00 Praha&nbsp;7<\/em><\/p>\r\n<p>&nbsp;<\/p>\r\n<p>Ve\u0161ker\u00e9 pot\u0159ebn\u00e9 informace pro p\u0159ihl\u00e1\u0161en\u00ed do popt\u00e1vkov\u00e9ho \u0159\u00edzen\u00ed naleznete <a href=\"https:\/\/www.praha7.cz\/wp-content\/uploads\/2020\/01\/OSZ-vedouc\u00ed-odboru.pdf\">zde<\/a>.<\/p>","protected":false},"excerpt":{"rendered":"[perex] \u00da\u0159ad Prahy&nbsp;7 sh\u00e1n\u00ed do sv\u00e9ho t\u00fdmu kolegu\/kolegyni na pozici vedouc\u00ed Odboru soci\u00e1ln\u00edho za\u010dle\u0148ov\u00e1n\u00ed. M\u00e1te z\u00e1jem v\u00e9st t\u00fdm, kter\u00fd pom\u00e1h\u00e1 pot\u0159ebn\u00fdm? Zaj\u00edm\u00e1te se o&nbsp;oblast soci\u00e1ln\u00ed integrace? Hled\u00e1te nov\u00e9 v\u00fdzvy v\u00a0pr\u00e1ci, kter\u00e1 m\u00e1 smysl? Chcete pracovat v\u00a0dynamicky se rozv\u00edjej\u00edc\u00ed m\u011bstsk\u00e9 \u010d\u00e1sti pro \u00fa\u0159ad s\u00a0tak trochu jin\u00fdm p\u0159\u00edstupem? Nev\u00e1hejte a&nbsp;p\u0159ihlaste se do na\u0161eho popt\u00e1vkov\u00e9ho \u0159\u00edzen\u00ed. [\/perex] Co [&hellip;]","protected":false},"author":5,"featured_media":32686,"comment_status":"closed","ping_status":"open","sticky":false,"template":"","format":"standard","meta":[],"categories":[34],"tags":[],"_links":{"self":[{"href":"https:\/\/www.praha7.cz\/api\/wp\/v2\/posts\/32685"}],"collection":[{"href":"https:\/\/www.praha7.cz\/api\/wp\/v2\/posts"}],"about":[{"href":"https:\/\/www.praha7.cz\/api\/wp\/v2\/types\/post"}],"author":[{"embeddable":true,"href":"https:\/\/www.praha7.cz\/api\/wp\/v2\/users\/5"}],"replies":[{"embeddable":true,"href":"https:\/\/www.praha7.cz\/api\/wp\/v2\/comments?post=32685"}],"version-history":[{"count":3,"href":"https:\/\/www.praha7.cz\/api\/wp\/v2\/posts\/32685\/revisions"}],"predecessor-version":[{"id":32879,"href":"https:\/\/www.praha7.cz\/api\/wp\/v2\/posts\/32685\/revisions\/32879"}],"wp:featuredmedia":[{"embeddable":true,"href":"https:\/\/www.praha7.cz\/api\/wp\/v2\/media\/32686"}],"wp:attachment":[{"href":"https:\/\/www.praha7.cz\/api\/wp\/v2\/media?parent=32685"}],"wp:term":[{"taxonomy":"category","embeddable":true,"href":"https:\/\/www.praha7.cz\/api\/wp\/v2\/categories?post=32685"},{"taxonomy":"post_tag","embeddable":true,"href":"https:\/\/www.praha7.cz\/api\/wp\/v2\/tags?post=32685"}],"curies":[{"name":"wp","href":"https:\/\/api.w.org\/{rel}","templated":true}]}}