    
{"id":32626,"date":"2020-01-10T11:37:49","date_gmt":"2020-01-10T10:37:49","guid":{"rendered":"https:\/\/www.praha7.cz\/?p=32626"},"modified":"2020-01-17T11:38:14","modified_gmt":"2020-01-17T10:38:14","slug":"registrace-kurzu-pro-seniory-leden-2020","status":"publish","type":"post","link":"https:\/\/www.praha7.cz\/registrace-kurzu-pro-seniory-leden-2020\/","title":{"rendered":"Registrace kurz\u016f pro seniory \u2013 leden 2020"},"content":{"rendered":"<p>[perex]<\/p>\r\n<p><strong>Pond\u011bl\u00ed 13.\u00a0ledna 2020 od 8.00 do 11.00 hodin v\u00a0m\u00edstnosti dv. \u010d. 225 (2.\u00a0patro, \u00daM\u010c Praha\u00a07, n\u00e1b\u0159. Kpt. Jaro\u0161e 1000, Praha\u00a07):<\/strong><\/p>\r\n<p><a href=\"https:\/\/www.praha7.cz\/plavani-pro-seniory-v-1-pololeti-2020\/\" target=\"_blank\" rel=\"noopener\">Plav\u00e1n\u00ed pro seniory v\u00a01.\u00a0pololet\u00ed 2020<\/a><\/p>\r\n<p><strong>St\u0159eda 15.\u00a0ledna 2020 od 8.00 do 11.00 hodin v\u00a0m\u00edstnosti dv. \u010d. 225 (2.\u00a0patro, \u00daM\u010c Praha\u00a07, n\u00e1b\u0159. Kpt. Jaro\u0161e 1000, Praha\u00a07):<\/strong><\/p>\r\n<p><a href=\"https:\/\/www.praha7.cz\/cviceni-pro-seniory-v-1-pololeti-2020\/\" target=\"_blank\" rel=\"noopener\">Cvi\u010den\u00ed pro seniory v\u00a01.\u00a0pololet\u00ed 2020<\/a><\/p>\r\n<p><strong>P\u00e1tek 17.\u00a0ledna 2020 od 9.00 do 12.00 hodin v&nbsp;centru P\u0159\u00edstav 7 (Jankovcova 1587\/8B, 170\u00a000 Praha\u00a07):<\/strong><\/p>\r\n<p><a href=\"https:\/\/www.praha7.cz\/pocitacove-a-jazykove-kurzy-pro-seniory-v-pristavu-7\/\" target=\"_blank\" rel=\"noopener\">Po\u010d\u00edta\u010dov\u00e9 a\u00a0jazykov\u00e9 kurzy pro seniory v\u00a0P\u0159\u00edstavu 7<\/a><\/p>\r\n<p>[\/perex]<\/p>","protected":false},"excerpt":{"rendered":"[perex] Pond\u011bl\u00ed 13.\u00a0ledna 2020 od 8.00 do 11.00 hodin v\u00a0m\u00edstnosti dv. \u010d. 225 (2.\u00a0patro, \u00daM\u010c Praha\u00a07, n\u00e1b\u0159. Kpt. Jaro\u0161e 1000, Praha\u00a07): Plav\u00e1n\u00ed pro seniory v\u00a01.\u00a0pololet\u00ed 2020 St\u0159eda 15.\u00a0ledna 2020 od 8.00 do 11.00 hodin v\u00a0m\u00edstnosti dv. \u010d. 225 (2.\u00a0patro, \u00daM\u010c Praha\u00a07, n\u00e1b\u0159. Kpt. Jaro\u0161e 1000, Praha\u00a07): Cvi\u010den\u00ed pro seniory v\u00a01.\u00a0pololet\u00ed 2020 P\u00e1tek 17.\u00a0ledna 2020 od [&hellip;]","protected":false},"author":97,"featured_media":29587,"comment_status":"closed","ping_status":"open","sticky":false,"template":"","format":"standard","meta":[],"categories":[34],"tags":[],"_links":{"self":[{"href":"https:\/\/www.praha7.cz\/api\/wp\/v2\/posts\/32626"}],"collection":[{"href":"https:\/\/www.praha7.cz\/api\/wp\/v2\/posts"}],"about":[{"href":"https:\/\/www.praha7.cz\/api\/wp\/v2\/types\/post"}],"author":[{"embeddable":true,"href":"https:\/\/www.praha7.cz\/api\/wp\/v2\/users\/97"}],"replies":[{"embeddable":true,"href":"https:\/\/www.praha7.cz\/api\/wp\/v2\/comments?post=32626"}],"version-history":[{"count":3,"href":"https:\/\/www.praha7.cz\/api\/wp\/v2\/posts\/32626\/revisions"}],"predecessor-version":[{"id":32635,"href":"https:\/\/www.praha7.cz\/api\/wp\/v2\/posts\/32626\/revisions\/32635"}],"wp:featuredmedia":[{"embeddable":true,"href":"https:\/\/www.praha7.cz\/api\/wp\/v2\/media\/29587"}],"wp:attachment":[{"href":"https:\/\/www.praha7.cz\/api\/wp\/v2\/media?parent=32626"}],"wp:term":[{"taxonomy":"category","embeddable":true,"href":"https:\/\/www.praha7.cz\/api\/wp\/v2\/categories?post=32626"},{"taxonomy":"post_tag","embeddable":true,"href":"https:\/\/www.praha7.cz\/api\/wp\/v2\/tags?post=32626"}],"curies":[{"name":"wp","href":"https:\/\/api.w.org\/{rel}","templated":true}]}}