    
{"id":32611,"date":"2020-01-09T17:19:31","date_gmt":"2020-01-09T16:19:31","guid":{"rendered":"https:\/\/www.praha7.cz\/?p=32611"},"modified":"2020-01-09T17:19:31","modified_gmt":"2020-01-09T16:19:31","slug":"ni-zisk-ni-slavu-pocatky-sokola-v-holesovicich","status":"publish","type":"post","link":"https:\/\/www.praha7.cz\/ni-zisk-ni-slavu-pocatky-sokola-v-holesovicich\/","title":{"rendered":"Ni zisk, ni sl\u00e1vu \u2013 po\u010d\u00e1tky Sokola v&nbsp;Hole\u0161ovic\u00edch"},"content":{"rendered":"<p class=\"Z-kladn--odstavec ParaOverride-11\"><span class=\"CharOverride-2\">[perex]<br \/>\r\nDruh\u00e1 polovina 19.&nbsp;stolet\u00ed se nesla ve znamen\u00ed emancipace \u010desk\u00e9ho n\u00e1roda. Liberalizace Rakouska-Uherska pak p\u0159in\u00e1\u0161\u00ed pro aktivn\u00ed lidi nov\u00e9 mo\u017enosti sdru\u017eov\u00e1n\u00ed v&nbsp;\u0159ad\u011b nejr\u016fzn\u011bj\u0161\u00edch z\u00e1jmov\u00fdch a&nbsp;profesn\u00edch spolk\u016f. Do pop\u0159ed\u00ed z\u00e1jmu se dost\u00e1v\u00e1\u00a0i t\u011blov\u00fdchova, p\u0159edev\u0161\u00edm prost\u0159ednictv\u00edm Sokola, kter\u00fd se z\u00e1hy po sv\u00e9m vzniku v&nbsp;roce 1862 st\u00e1v\u00e1 nejv\u011bt\u0161\u00edm \u010desk\u00fdm spolkem. Postupn\u011b se \u0161\u00ed\u0159\u00ed i&nbsp;do \u010desk\u00fdch region\u016f, kde vznikaj\u00ed region\u00e1ln\u00ed pobo\u010dky neboli m\u00edstn\u00ed odbory. Nejinak tomu bylo i&nbsp;v&nbsp;Hole\u0161ovic\u00edch-Bubnech.<\/span><\/p>\r\n<p>[\/perex]<br \/>\r\n<strong><\/strong><span class=\"CharOverride-5\">Rozvoj t\u011blov\u00fdchovy v\u00a0\u010desk\u00fdch zem\u00edch a\u00a0vznik Sokola v\u00a0roce 1862 je neodmysliteln\u011b spjat se jm\u00e9ny Jind\u0159icha F\u00fcgnera a\u00a0Miroslava Tyr\u0161e. Zalo\u017een\u00ed n\u00e1rodn\u00ed t\u011blocvi\u010dn\u00e9 jednoty je t\u0159eba ch\u00e1pat v\u00a0\u0161ir\u0161\u00edch souvislostech. \u00da\u010delem nebylo pouze \u201epovznesen\u00ed t\u011blesn\u00fdch a\u00a0mravn\u00fdch sil v\u00a0lidu \u010desk\u00e9m\u201c, evidentn\u00ed byla i\u00a0snaha vytvo\u0159it protiv\u00e1hu n\u011bmeck\u00fdm \u201eturnersk\u00fdm\u201c spolk\u016fm (z\u00a0n\u011bmeck\u00e9ho slovesa turnen, cvi\u010dit), kter\u00e9 u\u017e od roku 1849 vznikaly v\u00a0m\u00edstech s\u00a0n\u011bmeck\u00fdm obyvatelstvem a\u00a0v\u00a0roce 1865 fungovalo takov\u00fdch spolk\u016f v\u00a0\u010cech\u00e1ch ji\u017e 102. Ani sokolov\u00e9 ale nez\u016fst\u00e1vali pozadu\u00a0\u2013 <\/span><span class=\"CharOverride-5\">v\u00a0roce zalo\u017een\u00ed vzniklo, vedle t\u00e9 pra\u017esk\u00e9, i\u00a0dal\u0161\u00edch osm jednot mimo Prahu.<\/span><\/p>\r\n<p><a href=\"https:\/\/www.praha7.cz\/ni-zisk-ni-slavu-pocatky-sokola-v-holesovicich\/05miroslav-tyra-1880s\/\" rel=\"attachment wp-att-32613\"><img loading=\"lazy\" src=\"https:\/\/www.praha7.cz\/wp-content\/uploads\/2020\/01\/05Miroslav-Tyr\u00c1-1880s-307x400.jpg\" alt=\"\" width=\"307\" height=\"400\" class=\"alignnone wp-image-32613 size-medium\" srcset=\"https:\/\/www.praha7.cz\/wp-content\/uploads\/2020\/01\/05Miroslav-Tyr\u00c1-1880s-307x400.jpg 307w, https:\/\/www.praha7.cz\/wp-content\/uploads\/2020\/01\/05Miroslav-Tyr\u00c1-1880s-768x1002.jpg 768w, https:\/\/www.praha7.cz\/wp-content\/uploads\/2020\/01\/05Miroslav-Tyr\u00c1-1880s-767x1000.jpg 767w\" sizes=\"(max-width: 307px) 100vw, 307px\" \/><\/a><br \/>\r\n<em>Jeden ze zakladatel\u016f sokolsk\u00e9ho hnut\u00ed Miroslav Tyr\u0161 (1832\u20131884). \u00da\u010dast na jeho poh\u0159bu byla jednou z&nbsp;prvn\u00edch akc\u00ed, kter\u00fdch se \u010dlenov\u00e9 zdej\u0161\u00ed jednoty z\u00fa\u010dastnili.<\/em> <\/p>\r\n<p class=\"Z-kladn--odstavec ParaOverride-2\"><span class=\"CharOverride-5\">Po ochlazen\u00ed z\u00e1jmu v\u00a0letech sedmdes\u00e1t\u00fdch p\u0159ich\u00e1z\u00ed v\u00a0n\u00e1sleduj\u00edc\u00ed dek\u00e1d\u011b obnoven\u00fd z\u00e1jem o\u00a0\u010dinnost Sokola. V\u00a0roce 1882, kdy se kon\u00e1 prvn\u00ed v\u0161esokolsk\u00fd slet na St\u0159eleck\u00e9m ostrov\u011b, funguje v\u00a0\u010cech\u00e1ch ji\u017e 130 jednot. Brzy k\u00a0nim p\u0159ibude dal\u0161\u00ed\u00a0\u2013 jednota Hole\u0161ovice-Bubny.<\/span><\/p>\r\n<p class=\"Z-kladn--odstavec ParaOverride-2\"><span class=\"CharOverride-60\"><strong>Den probuzen\u00ed<\/strong><br \/>\r\n<\/span><span class=\"CharOverride-5\">U\u00a0zrodu sokolsk\u00e9 jednoty <\/span><span class=\"CharOverride-5\">v\u00a0Hole\u0161ovic\u00edch st\u00e1l Hynek B\u00f6hm, kter\u00fd v\u00a0kv\u011btnu 1884 svolal do restaurace U\u00a0Zelen\u00e9ho stromu v\u00a0Plyn\u00e1rn\u00ed ulici sv\u00e9 p\u0159\u00e1tele a\u00a0prezentoval jim sv\u016fj z\u00e1jem zalo\u017eit sokolskou jednotu v\u00a0Hole\u0161ovic\u00edch. P\u0159\u00edtomn\u00ed zvolili prozat\u00edmn\u00ed v\u00fdbor a\u00a0sestavili stanovy jednoty. Ty odeslali na c. k. m\u00edstodr\u017eitelstv\u00ed, kter\u00e9 m\u011blo pravomoc schvalovat a\u00a0de facto povolovat vznik spolk\u016f. Dnes u\u017e se nedozv\u00edme, co \u00fa\u0159edn\u00edk\u016fm vadilo, ale jist\u00e9 je, \u017ee stanovy byly v\u00fdboru dvakr\u00e1t vr\u00e1ceny k\u00a0p\u0159epracov\u00e1n\u00ed. Stalo se tak v\u00a0r\u00e1mci dal\u0161\u00edch p\u0159\u00edpravn\u00fdch sch\u016fz\u00ed 27.\u00a0kv\u011btna <\/span><span class=\"CharOverride-5\">a\u00a08.\u00a0\u010dervence\u00a01884. Na po\u010d\u00e1tku \u010dervence se pak v\u00a0restauraci U\u00a0Zelen\u00e9ho stromu poda\u0159ilo uspo\u0159\u00e1dat prvn\u00ed neofici\u00e1ln\u00ed cvi\u010den\u00ed\u00a0\u2013 po\u0159adov\u00e1 a\u00a0prostn\u00e1 za \u00fa\u010dasti 60\u201380 budouc\u00edch sokol\u016f, kter\u00e9 vedl b\u00fdval\u00fd cvi\u010ditel karl\u00ednsk\u00e9ho a\u00a0pozd\u011bj\u0161\u00ed starosta hole\u0161ovick\u00e9ho Sokola Anton\u00edn Erben. Vznikaj\u00edc\u00ed jednot\u011b se tak\u00e9 poda\u0159ilo z\u00edskat darem stojany ke skoku a\u00a0b\u0159emena, dal\u0161\u00ed vybaven\u00ed po\u0159\u00eddili hole\u0161ovi\u010dt\u00ed sokolov\u00e9 na \u00fav\u011br. Dne 7.\u00a0srpna\u00a01884 kone\u010dn\u011b dorazily schv\u00e1len\u00e9 stanovy, na co\u017e zakladatel\u00e9 zdej\u0161\u00ed jednoty reagovali provol\u00e1n\u00edm v\u00a0tisku k\u00a0ob\u010dan\u016fm Hole\u0161ovic, ve kter\u00e9m mimo jin\u00e9 st\u00e1lo: \u201eNen\u00ed m\u011bsta, m\u011bstyse v\u011bt\u0161\u00edho, kter\u00fd by se nehonosil n\u00e1rodn\u00edm spolkem Sokol. Jen obec na\u0161e, tak bl\u00edzk\u00e1 kr\u00e1lovsk\u00e9 matce sv\u00e9, tak \u010detn\u00e1 nad\u011bjn\u00fdmi silami, z\u016fst\u00e1vala bohu\u017eel po mnoho rok\u016f ve sp\u00e1nku. V\u0161ak i\u00a0j\u00ed nastal den probuzen\u00ed, <\/span><span class=\"CharOverride-5\">i\u00a0zde vzplanula touha po u\u017e\u0161\u00edm p\u0159\u00e1telsk\u00e9m svazku, kter\u00fd utu\u017een b\u00fdti m\u00e1 z\u0159\u00edzen\u00edm jednoty sokolsk\u00e9.\u201c<\/span><\/p>\r\n<p class=\"Z-kladn--odstavec ParaOverride-2\"><span class=\"CharOverride-5\">Provol\u00e1n\u00ed z\u0159ejm\u011b zabralo, proto\u017ee na ustavuj\u00edc\u00ed valnou hromadu t\u011blocvi\u010dn\u00e9 jednoty Sokol v\u00a0Hole\u0161ovic\u00edch-Bubnech, kter\u00e1 se konala 28.\u00a0srpna\u00a01884 v\u00a0ji\u017e zmi\u0148ovan\u00e9m hostinci U\u00a0Zelen\u00e9ho stromu, dorazilo celkem 79 osob. Na sch\u016fzi byl zvolen spr\u00e1vn\u00ed v\u00fdbor v\u00a0\u010dele se starostou Bed\u0159ichem Spannaglem, cvi\u010ditelsk\u00fd sbor vedli brat\u0159i Anton\u00edn a\u00a0Bernard Erbenovi. Sou\u010d\u00e1st\u00ed t\u00e9m\u011b\u0159 ka\u017ed\u00e9 jednoty byl i\u00a0z\u00e1bavn\u00ed v\u00fdbor, kter\u00fd m\u011bl na starosti po\u0159\u00e1d\u00e1n\u00ed mimosportovn\u00edch akc\u00ed\u00a0\u2013 typicky ples\u016f, \u0161ib\u0159inek (sokolsk\u00e1 tematick\u00e1 ma\u0161karn\u00ed slavnost) apod. Z\u00a0v\u00fdd\u011blku byl pak financov\u00e1n provoz jednoty. Nejinak tomu bylo i\u00a0v\u00a0<\/span><span class=\"CharOverride-5\">p\u0159\u00edpad\u011b hole\u0161ovick\u00e9 jednoty, prvn\u00edm p\u0159edsedou zdej\u0161\u00edho z\u00e1bavn\u00edho v\u00fdboru se stal V\u00e1clav Tvrz. Krom\u011b z\u00e1bavn\u00edho v\u00fdboru fungoval je\u0161t\u011b tzv. dramatick\u00fd odbor, jeho\u017e \u010dlenov\u00e9 se v\u011bnovali tehdy nesm\u00edrn\u011b popul\u00e1rn\u00edmu ochotnick\u00e9mu divadlu.<\/span><\/p>\r\n<p class=\"Z-kladn--odstavec ParaOverride-2\"><span class=\"CharOverride-5\">B\u011bhem prvn\u00ed sch\u016fze do\u0161lo i\u00a0na \u010dten\u00ed v\u00fdtahu ze stanov nov\u00e9 jednoty. Hned prvn\u00ed ustanoven\u00ed definuje c\u00edle a\u00a0\u00fa\u010del zalo\u017een\u00ed spolku: \u201e\u00da\u010delem jednoty jest, aby p\u011bstovala t\u011blocvik spole\u010dn\u00fdm cvi\u010den\u00edm, spole\u010dn\u00fdmi v\u00fdlety a\u00a0\u0161ermov\u00e1n\u00edm. V\u00a0jednot\u011b t\u00e9\u017e st\u0159elba do ter\u010de se p\u011bst\u00ed. K\u00a0o\u017eiven\u00ed ducha spole\u010densk\u00e9ho slou\u017e\u00ed p\u0159edn\u00e1\u0161ky a\u00a0rozpravy o\u00a0v\u011bcech spole\u010densk\u00fdch, jako\u017e i\u00a0spole\u010densk\u00e9 v\u00fdlety, z\u00e1bavy, divadeln\u00ed p\u0159edstaven\u00ed apod.\u201c<\/span><\/p>\r\n<p class=\"Z-kladn--odstavec ParaOverride-2\"><span class=\"CharOverride-5\">Ze stanov tedy jasn\u011b vypl\u00fdv\u00e1, \u017ee \u010dinnost Sokola nelze v\u00a0\u017e\u00e1dn\u00e9m p\u0159\u00edpad\u011b redukovat pouze na t\u011blov\u00fdchovu. U\u017e prvn\u00ed rok vznikla pro \u010dleny knihovna o\u00a068 svazc\u00edch. \u010clenov\u00e9 hole\u0161ovick\u00e9ho Sokola byli od za\u010d\u00e1tku velice aktivn\u00ed. Cvi\u010den\u00ed prob\u00edhala pravideln\u011b t\u0159ikr\u00e1t t\u00fddn\u011b\u00a0\u2013 v\u00a0\u00fater\u00fd, ve \u010dtvrtek a\u00a0v\u00a0sobotu. U\u017e 6.\u00a0listopadu byl p\u0159edstaven vlastn\u00ed prapor jednoty, o\u00a0t\u0159i dny pozd\u011bji se \u0161est des\u00edtek hole\u0161ovick\u00fdch sokol\u016f v\u00a0kroj\u00edch \u00fa\u010dastnilo poh\u0159bu jednoho ze zakladatel\u016f hnut\u00ed\u00a0\u2013 Miroslava Tyr\u0161e.<\/span><\/p>\r\n<p class=\"Z-kladn--odstavec ParaOverride-2\"><span class=\"CharOverride-5\">V\u00a0\u00fanoru 1887 se pak hole\u0161ovick\u00e1 jednota administrativn\u011b p\u0159ipojila k\u00a0st\u0159edo\u010desk\u00e9 \u017eup\u011b. Pom\u011brn\u011b z\u00e1sadn\u00edm probl\u00e9mem bylo pro vznikaj\u00edc\u00ed sokolsk\u00e9 jednoty hled\u00e1n\u00ed vhodn\u00e9ho m\u00edsta pro cvi\u010den\u00ed. Hole\u0161ovi\u010dt\u00ed vyu\u017e\u00edvali s\u00e1ly <\/span><span class=\"CharOverride-5\">v\u00a0hostinc\u00edch\u00a0\u2013 nej\u010dast\u011bji v\u00a0hostinci U\u00a0Zelen\u00e9ho stromu nebo v\u00a0hostinci Na Z\u00e1tor\u00e1ch. Ide\u00e1lem a\u00a0snahou (nejen) zdej\u0161\u00edch Sokol\u016f byla ale samoz\u0159ejm\u011b vlastn\u00ed sokolovna. Z\u00a0toho d\u016fvodu vzniklo 9.\u00a0\u010dervna\u00a01888 Dru\u017estvo pro vystav\u011bn\u00ed t\u011blocvi\u010dny Sokola v\u00a0Praze\u00a0VII., kam sokolsk\u00e1 jednota v\u011bnovala celou svou dosavadn\u00ed hotovost\u00a0\u2013 562 tehdej\u0161\u00edch korun. O\u00a0tom, \u017ee si dru\u017estvo vytklo skute\u010dn\u011b ambici\u00f3zn\u00ed c\u00edl, sv\u011bd\u010d\u00ed i\u00a0fakt, \u017ee po osmn\u00e1cti letech fungov\u00e1n\u00ed m\u011blo na sv\u00e9m kont\u011b \u201eje<\/span><span class=\"CharOverride-5\">n\u201c 16&nbsp;200 korun, co\u017e p\u0159edstavovalo cca 10&nbsp;% \u010d\u00e1stky nutn\u00e9 pro v\u00fdstavbu sokolovny.<\/span><\/p>\r\n<p><a href=\"https:\/\/www.praha7.cz\/ni-zisk-ni-slavu-pocatky-sokola-v-holesovicich\/03-sokol-1895-letn%e2%80%a0_-cviuen-dorostu-s-n%e2%80%a0zadm\/\" rel=\"attachment wp-att-32617\"><img loading=\"lazy\" src=\"https:\/\/www.praha7.cz\/wp-content\/uploads\/2020\/01\/03-sokol-1895-Letn\u2020_-cvi\u00fcen\u00b0-dorostu-s-n\u2020\u017cad\u00b0m-1500x899.png\" alt=\"\" width=\"640\" height=\"384\" class=\"alignnone size-large wp-image-32617\" srcset=\"https:\/\/www.praha7.cz\/wp-content\/uploads\/2020\/01\/03-sokol-1895-Letn\u2020_-cvi\u00fcen\u00b0-dorostu-s-n\u2020\u017cad\u00b0m-1500x899.png 1500w, https:\/\/www.praha7.cz\/wp-content\/uploads\/2020\/01\/03-sokol-1895-Letn\u2020_-cvi\u00fcen\u00b0-dorostu-s-n\u2020\u017cad\u00b0m-600x359.png 600w, https:\/\/www.praha7.cz\/wp-content\/uploads\/2020\/01\/03-sokol-1895-Letn\u2020_-cvi\u00fcen\u00b0-dorostu-s-n\u2020\u017cad\u00b0m-768x460.png 768w\" sizes=\"(max-width: 640px) 100vw, 640px\" \/><\/a><br \/>\r\n<em>\u00a0Z\u00e1b\u011br z&nbsp;cvi\u010den\u00ed dorostenc\u016f na III. v\u0161esokolsk\u00e9m sletu na Letn\u00e9 v&nbsp;\u010dervnu 1895. Hole\u0161ovickou jednotu zde reprezentovalo 55 mu\u017e\u016f, 49 dorostenc\u016f a&nbsp;36 \u017e\u00e1k\u016f<\/em><\/p>\r\n<p class=\"Z-kladn--odstavec ParaOverride-2\"><span class=\"CharOverride-60\"><strong>Sleva pro ve\u0159ejn\u00e9 blaho<\/strong><br \/>\r\n<\/span><span class=\"CharOverride-5\">Na p\u0159elomu \u010dervna a\u00a0\u010dervence\u00a01891 se n\u011bkolik des\u00edtek \u010dlen\u016f hole\u0161ovick\u00e9ho Sokola \u00fa\u010dastnilo II. v\u0161esokolsk\u00e9ho sletu, kter\u00fd se u\u00a0p\u0159\u00edle\u017eitosti Jubilejn\u00ed zemsk\u00e9 v\u00fdstavy konal na improvizovan\u00e9m cvi\u010di\u0161ti ve Stromovce.<\/span><\/p>\r\n<p class=\"Z-kladn--odstavec ParaOverride-2\"><span class=\"CharOverride-5\">Hole\u0161ovi\u010dt\u00ed sokolov\u00e9 p\u0159edvedli 24.\u00a0\u010dervna na ve\u0159ejn\u00e9 zkou\u0161ce sletovou sestavu, na sletu o\u00a0n\u011bkolik dn\u00ed pozd\u011bji vystoupilo 36 cvi\u010denc\u016f z\u00a0Prahy&nbsp;7 zformovan\u00fdch do \u010dty\u0159 dru\u017estev. Hole\u0161ovi\u010dt\u00ed sokolov\u00e9 se \u00fa\u010dastnili nejen ve\u0159ejn\u00fdch vystoupen\u00ed v\u00a0r\u00e1mci \u017eupy (od roku 1891 Pob\u011blohorsk\u00e9), ale udr\u017eovali kontakty i\u00a0se vzd\u00e1len\u011bj\u0161\u00edmi kolegy. V\u00a0\u010dervnu 1893 se pak mal\u00ed\u0159 Josef H\u00fcbsch a\u00a0<\/span><span class=\"CharOverride-5\">pozd\u011bj\u0161\u00ed n\u00e1m\u011bstek pra\u017esk\u00e9ho prim\u00e1tora a\u00a0zemsk\u00fd poslanec Ing. Eustach Neubert z\u00fa\u010dastnili sjezdu francouzsk\u00fdch gymnast\u016f v\u00a0Nancy. Vzhledem k\u00a0nar\u016fstaj\u00edc\u00edmu po\u010dtu \u010dlen\u016f (v\u00a0polovin\u011b 90.&nbsp;let 19.&nbsp;stolet\u00ed p\u0159es\u00e1hl t\u0159i stovky) se do pop\u0159ed\u00ed znovu a\u00a0znovu dost\u00e1vala ot\u00e1zka vlastn\u00edho prostoru pro aktivity. V\u00a0\u010dervnu 1894 tak p\u0159edstavitel\u00e9 jednoty po\u017e\u00e1dali pra\u017eskou m\u011bstskou radu o\u00a0zap\u016fj\u010den\u00ed t\u011blocvi\u010dny v\u00a0letensk\u00e9 chlapeck\u00e9 \u0161kole. Cvi\u010dit se ve \u0161koln\u00ed budov\u011b v\u00a0Letohradsk\u00e9 ulici za\u010dalo v\u00a0<\/span><span class=\"CharOverride-5\">zim\u011b 1894, ov\u0161em zdej\u0161\u00ed \u201eazyl\u201c fungoval jen 5 m\u011bs\u00edc\u016f, pak se sokolov\u00e9 p\u0159esunuli op\u011bt do s\u00e1lu hostince U\u00a0Zelen\u00e9ho stromu. V\u00a0srpnu 1896 bylo mimo\u0159\u00e1dnou valnou hromadou rozhodnuto zakoupit od pra\u017esk\u00e9ho magistr\u00e1tu parcelu na stavbu nov\u00e9 sokolovny. K\u00a0uzav\u0159en\u00ed smlouvy do\u0161lo 24.\u00a0z\u00e1\u0159\u00ed\u00a01898, jednota po\u0159\u00eddila pozemek v\u00a0lokalit\u011b U\u00a0Stud\u00e1nky o\u00a0v\u00fdm\u011b\u0159e 1100,2&nbsp;m\u00b2 za 3059 korun. Prod\u00e1vaj\u00edc\u00ed zcela jist\u011b p\u0159izp\u016fsobil (rozum\u011bj: sn\u00ed\u017eil) cenu s\u00a0ohledem na ve\u0159ejnosti prosp\u011b\u0161n\u00fd \u00fa\u010del budovy, kter\u00e1 zde m\u011bla vyr\u016fst. Hole\u0161ovi\u010dt\u00ed sokolov\u00e9 to komentovali: <\/span><span class=\"CharOverride-5\">\u201eZa vz\u00e1cnou blahov\u016fli m\u011bstsk\u00e9 rady veleobce Pra\u017esk\u00e9 bu\u010fte vzd\u00e1ny srde\u010dn\u00e9 d\u00edky.\u201c V\u00a0r\u00e1mci jednoty vznikl stavebn\u00ed odbor, kter\u00fd m\u011bl na starosti p\u0159\u00edpravu stavby. Jeho \u010dleny byli mimo jin\u00e9 i\u00a0zm\u00edn\u011bn\u00fd Eustach Neubert nebo budouc\u00ed projektant kostela sv. Anton\u00edna Franti\u0161ek Mik\u0161.<\/span><\/p>\r\n<p><a href=\"https:\/\/www.praha7.cz\/ni-zisk-ni-slavu-pocatky-sokola-v-holesovicich\/04-ing-eustach-neubert-holeaovice-bubny-foto-07\/\" rel=\"attachment wp-att-32616\"><img loading=\"lazy\" src=\"https:\/\/www.praha7.cz\/wp-content\/uploads\/2020\/01\/04-ing.-Eustach-Neubert-Hole\u00c1ovice-Bubny-foto-07-233x400.jpg\" alt=\"\" width=\"233\" height=\"400\" class=\"alignnone wp-image-32616 size-medium\" srcset=\"https:\/\/www.praha7.cz\/wp-content\/uploads\/2020\/01\/04-ing.-Eustach-Neubert-Hole\u00c1ovice-Bubny-foto-07-233x400.jpg 233w, https:\/\/www.praha7.cz\/wp-content\/uploads\/2020\/01\/04-ing.-Eustach-Neubert-Hole\u00c1ovice-Bubny-foto-07-768x1317.jpg 768w, https:\/\/www.praha7.cz\/wp-content\/uploads\/2020\/01\/04-ing.-Eustach-Neubert-Hole\u00c1ovice-Bubny-foto-07-583x1000.jpg 583w, https:\/\/www.praha7.cz\/wp-content\/uploads\/2020\/01\/04-ing.-Eustach-Neubert-Hole\u00c1ovice-Bubny-foto-07.jpg 1099w\" sizes=\"(max-width: 233px) 100vw, 233px\" \/><\/a><br \/>\r\n<em>V\u00fdznamn\u00fd \u010dlen Sokola Hole\u0161ovice, II. n\u00e1m\u011bstek pra\u017esk\u00e9ho prim\u00e1tora a&nbsp;zemsk\u00fd poslanec za Prahu 7 Ing. Eustach Neubert (1858\u20131907)<\/em><\/p>\r\n<p><span class=\"CharOverride-5\">P\u0159\u00edpravami na stavbu ale aktivity zdej\u0161\u00edho Sokola rozhodn\u011b nekon\u010dily. V\u00a0b\u0159eznu 1898 zalo\u017eili vzd\u011bl\u00e1vac\u00ed odbor, kter\u00fd m\u011bl na starosti po\u0159\u00e1d\u00e1n\u00ed p\u0159edn\u00e1\u0161ek a\u00a0dal\u0161\u00ed edukativn\u00ed aktivity. Z\u00a0\u010detn\u00fdch akc\u00ed lze zm\u00ednit nap\u0159\u00edklad p\u0159edn\u00e1\u0161ku o\u00a0\u017eivot\u011b zakladatele hnut\u00ed Jind\u0159icha F\u00fcgnera, kterou 7.\u00a0listopadu\u00a01903 pronesl samotn\u00fd \u0161\u00e9f hnut\u00ed dr. Josef Scheiner. Zcela v\u00a0duchu pon\u011bkud nesm\u011bl\u00e9ho emancipa\u010dn\u00edho hnut\u00ed pak vznikl <\/span><span class=\"CharOverride-5\">v\u00a0\u0159\u00edjnu 1898 i\u00a0\u017eensk\u00fd odbor. O\u00a0velk\u00e9m z\u00e1jmu sv\u011bd\u010d\u00ed, \u017ee hned v\u00a0prvn\u00edm roce se cvi\u010den\u00ed pr\u016fm\u011brn\u011b \u00fa\u010dastnilo i\u00a0p\u011bt des\u00edtek sokolek.<\/span><\/p>\r\n<p class=\"Z-kladn--odstavec ParaOverride-2\"><span class=\"CharOverride-5\">V\u00a0jubilejn\u00edm dvac\u00e1t\u00e9m roce existence hole\u0161ovick\u00e9ho Sokola byl starostou jednoty zvolen Jan S\u00fdkora, kter\u00fd vedl ji\u017e 350 aktivn\u00edch \u010dlen\u016f. Prob\u00edhaj\u00ed p\u0159\u00edpravy ke stavb\u011b vlastn\u00ed t\u011blocvi\u010dny, dobrovoln\u00edci pracuj\u00ed ve spr\u00e1vn\u00edm v\u00fdboru, cvi\u010ditelsk\u00e9m sboru, z\u00e1bavn\u00edm v\u00fdboru, vzd\u011bl\u00e1vac\u00edm odboru, \u017eensk\u00e9m odboru nebo p\u011bveck\u00e9m krou\u017eku. Jednota tak\u00e9 vyd\u00e1v\u00e1 v\u00fdro\u010dn\u00ed almanach mapuj\u00edc\u00ed dv\u011b dek\u00e1dy \u010dinnosti spolku, kter\u00fd kon\u010d\u00ed p\u0159\u00e1n\u00edm do budoucnosti: \u201eBu\u010f ob\u011btavost a\u00a0nezi\u0161tnost minul\u00fdch vzorem budouc\u00edm, kte\u0159\u00ed nech\u0165 sna\u017e\u00ed se dov\u00e9sti jednotu k\u00a0\u00fapln\u00e9mu rozkv\u011btu, zmohutn\u011bn\u00ed a\u00a0s\u00edle! Na zdar!\u201c\u00a0<\/span><\/p>\r\n<p><a href=\"https:\/\/www.praha7.cz\/ni-zisk-ni-slavu-pocatky-sokola-v-holesovicich\/01-jan-szkora-starosta-sokola-p7-1904\/\" rel=\"attachment wp-att-32614\"><img loading=\"lazy\" src=\"https:\/\/www.praha7.cz\/wp-content\/uploads\/2020\/01\/01-Jan-S\u017ekora-starosta-Sokola-P7-1904-303x400.jpg\" alt=\"\" width=\"303\" height=\"400\" class=\"alignnone wp-image-32614 size-medium\" srcset=\"https:\/\/www.praha7.cz\/wp-content\/uploads\/2020\/01\/01-Jan-S\u017ekora-starosta-Sokola-P7-1904-303x400.jpg 303w, https:\/\/www.praha7.cz\/wp-content\/uploads\/2020\/01\/01-Jan-S\u017ekora-starosta-Sokola-P7-1904-768x1013.jpg 768w, https:\/\/www.praha7.cz\/wp-content\/uploads\/2020\/01\/01-Jan-S\u017ekora-starosta-Sokola-P7-1904-758x1000.jpg 758w, https:\/\/www.praha7.cz\/wp-content\/uploads\/2020\/01\/01-Jan-S\u017ekora-starosta-Sokola-P7-1904.jpg 1381w\" sizes=\"(max-width: 303px) 100vw, 303px\" \/><\/a><br \/>\r\n<em>Starosta hole\u0161ovick\u00e9 sokolsk\u00e9 jednoty v&nbsp;letech 1891\u20131909 Jan S\u00fdkora<\/em><\/p>\r\n<p class=\"Z-kladn--odstavec ParaOverride-11\"><\/p>","protected":false},"excerpt":{"rendered":"[perex] Druh\u00e1 polovina 19.&nbsp;stolet\u00ed se nesla ve znamen\u00ed emancipace \u010desk\u00e9ho n\u00e1roda. Liberalizace Rakouska-Uherska pak p\u0159in\u00e1\u0161\u00ed pro aktivn\u00ed lidi nov\u00e9 mo\u017enosti sdru\u017eov\u00e1n\u00ed v&nbsp;\u0159ad\u011b nejr\u016fzn\u011bj\u0161\u00edch z\u00e1jmov\u00fdch a&nbsp;profesn\u00edch spolk\u016f. Do pop\u0159ed\u00ed z\u00e1jmu se dost\u00e1v\u00e1\u00a0i t\u011blov\u00fdchova, p\u0159edev\u0161\u00edm prost\u0159ednictv\u00edm Sokola, kter\u00fd se z\u00e1hy po sv\u00e9m vzniku v&nbsp;roce 1862 st\u00e1v\u00e1 nejv\u011bt\u0161\u00edm \u010desk\u00fdm spolkem. Postupn\u011b se \u0161\u00ed\u0159\u00ed i&nbsp;do \u010desk\u00fdch region\u016f, kde vznikaj\u00ed [&hellip;]","protected":false},"author":76,"featured_media":32612,"comment_status":"closed","ping_status":"open","sticky":false,"template":"","format":"standard","meta":[],"categories":[37],"tags":[],"_links":{"self":[{"href":"https:\/\/www.praha7.cz\/api\/wp\/v2\/posts\/32611"}],"collection":[{"href":"https:\/\/www.praha7.cz\/api\/wp\/v2\/posts"}],"about":[{"href":"https:\/\/www.praha7.cz\/api\/wp\/v2\/types\/post"}],"author":[{"embeddable":true,"href":"https:\/\/www.praha7.cz\/api\/wp\/v2\/users\/76"}],"replies":[{"embeddable":true,"href":"https:\/\/www.praha7.cz\/api\/wp\/v2\/comments?post=32611"}],"version-history":[{"count":3,"href":"https:\/\/www.praha7.cz\/api\/wp\/v2\/posts\/32611\/revisions"}],"predecessor-version":[{"id":32619,"href":"https:\/\/www.praha7.cz\/api\/wp\/v2\/posts\/32611\/revisions\/32619"}],"wp:featuredmedia":[{"embeddable":true,"href":"https:\/\/www.praha7.cz\/api\/wp\/v2\/media\/32612"}],"wp:attachment":[{"href":"https:\/\/www.praha7.cz\/api\/wp\/v2\/media?parent=32611"}],"wp:term":[{"taxonomy":"category","embeddable":true,"href":"https:\/\/www.praha7.cz\/api\/wp\/v2\/categories?post=32611"},{"taxonomy":"post_tag","embeddable":true,"href":"https:\/\/www.praha7.cz\/api\/wp\/v2\/tags?post=32611"}],"curies":[{"name":"wp","href":"https:\/\/api.w.org\/{rel}","templated":true}]}}